{"id":340801,"date":"2026-09-03T23:32:12","date_gmt":"2026-09-03T23:32:12","guid":{"rendered":"https:\/\/www.europesays.com\/fi\/340801\/"},"modified":"2026-09-03T23:32:12","modified_gmt":"2026-09-03T23:32:12","slug":"zelenskyin-mukaan-venajan-isku-coca-colan-tehtaalle-on-viesti-yhdysvalloille","status":"publish","type":"post","link":"https:\/\/www.europesays.com\/fi\/340801\/","title":{"rendered":"Zelenskyin mukaan Ven\u00e4j\u00e4n isku Coca-Colan tehtaalle on viesti Yhdysvalloille"},"content":{"rendered":"<p class=\"article-body mb-(--paragraph-margin-b) px-nof-16\">Ukrainan presidentin <a class=\"font-bold underline-offset-[0.12em] [text-decoration:var(--person-link-text-decoration)] [text-decoration-color:var(--person-link-text-decoration-color)]!\" href=\"https:\/\/www.hs.fi\/haku\/?query=Volodymyr%20Zelenskyin\" rel=\"nofollow noopener\" target=\"_blank\">Volodymyr Zelenskyin<\/a> mukaan ven\u00e4l\u00e4iset droonit iskiv\u00e4t torstaina Coca-Colan tehtaalle Ukrainan p\u00e4\u00e4kaupungin Kiovan l\u00e4hell\u00e4 ja vaurioittivat rakennusta.<\/p>\n<p class=\"article-body mb-(--paragraph-margin-b) px-nof-16\">Asiasta uutisoi Reuters.<\/p>\n<p class=\"article-body mb-(--paragraph-margin-b) px-nof-16\">Isku kohdistui Brovaryn kaupungin l\u00e4helle Kiovan it\u00e4puolella.<\/p>\n<p class=\"article-body mb-(--paragraph-margin-b) px-nof-16\">\u2013 T\u00e4n\u00e4\u00e4n ven\u00e4l\u00e4iset iskiv\u00e4t drooneillaan Coca-Colan tehtaalle. Coca-Cola on ilmeisesti sellainen vihollinen, ett\u00e4 he sytyttiv\u00e4t sen tuleen Shahed-drooneillaan, Zelenskyi sanoi viitaten iranilaisvalmisteisiin drooneihin.<\/p>\n<p class=\"article-body mb-(--paragraph-margin-b) px-nof-16\">Zelenskyi tulkitsi iskun er\u00e4\u00e4nlaiseksi viestiksi.<\/p>\n<p><img decoding=\"async\" src=\"https:\/\/www.europesays.com\/fi\/wp-content\/uploads\/2026\/09\/1788478332_982_468.jpg\" alt=\"Ven\u00e4j\u00e4 on iskenyt Kiovaan ja sen l\u00e4hialueille jo useina per\u00e4kk\u00e4isin\u00e4 p\u00e4ivin\u00e4.\" class=\"_Img_1rerz_1\" style=\"aspect-ratio:1920\/1280\" loading=\"eager\"\/><\/p>\n<p class=\"font-(family-name:--picture-caption-font-family) text-(length:--picture-caption-font-size) leading-(--picture-caption-leading) font-(--picture-caption-font-weight) text-(color:--picture-caption-color) picture-with-caption__caption picture-with-caption__caption--default-full\">Ven\u00e4j\u00e4 on iskenyt Kiovaan ja sen l\u00e4hialueille jo useina per\u00e4kk\u00e4isin\u00e4 p\u00e4ivin\u00e4. Kuva:\u00a0Valentyn Ogirenko<\/p>\n<p class=\"article-body mb-(--paragraph-margin-b) px-nof-16\">\u2013 T\u00e4m\u00e4 on selv\u00e4 Ven\u00e4j\u00e4n viesti Yhdysvalloille. Ven\u00e4l\u00e4iset eiv\u00e4t voi olla tiet\u00e4m\u00e4tt\u00e4, ett\u00e4 kyseess\u00e4 on yhdysvaltalainen tuotantolaitos.<\/p>\n<p class=\"article-body mb-(--paragraph-margin-b) px-nof-16\">Coca-Cola on kotoisin Yhdysvalloista ja sit\u00e4 on myyty jo vuodesta 1886 l\u00e4htien.<\/p>\n<p class=\"article-body mb-(--paragraph-margin-b) px-nof-16\">Reutersin mukaan palomiehi\u00e4 n\u00e4htiin saapuvan paikalle ja savua nousi tehtaan ja l\u00e4heisten peltojen ylle.<\/p>\n<p class=\"article-body mb-(--paragraph-margin-b) px-nof-16\">Ukrainan amerikkalaisen kauppakamarin puheenjohtaja<a class=\"font-bold underline-offset-[0.12em] [text-decoration:var(--person-link-text-decoration)] [text-decoration-color:var(--person-link-text-decoration-color)]!\" href=\"https:\/\/www.hs.fi\/haku\/?query=%20Andy%20Hunder\" rel=\"nofollow noopener\" target=\"_blank\"> Andy Hunder <\/a>kertoi, ettei tehtaan henkil\u00f6st\u00f6 loukkaantunut iskussa.<\/p>\n<p class=\"article-body mb-(--paragraph-margin-b) px-nof-16\">\u2013 Yhti\u00f6 tekee yhteisty\u00f6t\u00e4 asianomaisten viranomaisten kanssa tilanteen arvioimiseksi. Ihmisten turvallisuuden ja hyvinvoinnin varmistaminen on edelleen t\u00e4rkein prioriteetti, Hunder sanoi Reutersille.<\/p>\n<p class=\"article-body mb-(--paragraph-margin-b) px-nof-16\">Ven\u00e4j\u00e4n iskut Kiovaan ja sit\u00e4 ymp\u00e4r\u00f6iv\u00e4lle Kiovan alueelle haavoittivat ainakin 13 ihmist\u00e4 torstaina, <a class=\"underline underline-offset-[0.12em] [text-decoration-thickness:var(--generic-link-underline-thickness)] [text-decoration-color:var(--generic-link-underline-color)] [text-decoration-skip-ink:var(--generic-link-underline-skip-ink)] break-words\" href=\"https:\/\/kyivindependent.com\/russia-strikes-coca-cola-plant-in-kyiv-on-eighth-straight-day-of-attacks\/\" rel=\"nofollow noopener\" target=\"_blank\">uutisoi <\/a>The Kyiv Independent.<\/p>\n<p class=\"article-body mb-(--paragraph-margin-b) px-nof-16\">Kyseess\u00e4 oli jo kahdeksas per\u00e4kk\u00e4inen p\u00e4iv\u00e4, jolloin Ukrainan p\u00e4\u00e4kaupunki joutui iskujen kohteeksi.<\/p>\n<p class=\"article-body mb-(--paragraph-margin-b) px-nof-16\">Kiovan pormestarin <a class=\"font-bold underline-offset-[0.12em] [text-decoration:var(--person-link-text-decoration)] [text-decoration-color:var(--person-link-text-decoration-color)]!\" href=\"https:\/\/www.hs.fi\/haku\/?query=Vitali%20Klitshkon\" rel=\"nofollow noopener\" target=\"_blank\">Vitali Klitshkon<\/a> mukaan iskuissa haavoittui 13 ihmist\u00e4, joiden joukossa oli 12-vuotias tytt\u00f6 ja useita terveydenhuollon ty\u00f6ntekij\u00f6it\u00e4.<\/p>\n","protected":false},"excerpt":{"rendered":"Ukrainan presidentin Volodymyr Zelenskyin mukaan ven\u00e4l\u00e4iset droonit iskiv\u00e4t torstaina Coca-Colan tehtaalle Ukrainan p\u00e4\u00e4kaupungin Kiovan l\u00e4hell\u00e4 ja vaurioittivat rakennusta.&hellip;\n","protected":false},"author":2,"featured_media":340802,"comment_status":"","ping_status":"","sticky":false,"template":"","format":"standard","meta":{"footnotes":"","_share_on_mastodon":"0"},"categories":[14],"tags":[22,23,26,27,33,31,30,17,46,24,25,28,29,15,18,21,32,19,20,56,16,59,60,61],"class_list":["post-340801","post","type-post","status-publish","format-standard","has-post-thumbnail","category-ulkomaat","tag-breaking-news","tag-breakingnews","tag-featured-news","tag-featurednews","tag-fi","tag-finland","tag-finnish","tag-headlines","tag-helsingin-sanomat","tag-latest-news","tag-latestnews","tag-main-news","tag-mainnews","tag-news","tag-otsikot","tag-paauutiset","tag-suomi","tag-top-stories","tag-topstories","tag-ulkomaat","tag-uutiset","tag-world","tag-world-news","tag-worldnews"],"share_on_mastodon":{"url":"https:\/\/pubeurope.com\/@fi\/117209724028807265","error":""},"_links":{"self":[{"href":"https:\/\/www.europesays.com\/fi\/wp-json\/wp\/v2\/posts\/340801","targetHints":{"allow":["GET"]}}],"collection":[{"href":"https:\/\/www.europesays.com\/fi\/wp-json\/wp\/v2\/posts"}],"about":[{"href":"https:\/\/www.europesays.com\/fi\/wp-json\/wp\/v2\/types\/post"}],"author":[{"embeddable":true,"href":"https:\/\/www.europesays.com\/fi\/wp-json\/wp\/v2\/users\/2"}],"replies":[{"embeddable":true,"href":"https:\/\/www.europesays.com\/fi\/wp-json\/wp\/v2\/comments?post=340801"}],"version-history":[{"count":0,"href":"https:\/\/www.europesays.com\/fi\/wp-json\/wp\/v2\/posts\/340801\/revisions"}],"wp:featuredmedia":[{"embeddable":true,"href":"https:\/\/www.europesays.com\/fi\/wp-json\/wp\/v2\/media\/340802"}],"wp:attachment":[{"href":"https:\/\/www.europesays.com\/fi\/wp-json\/wp\/v2\/media?parent=340801"}],"wp:term":[{"taxonomy":"category","embeddable":true,"href":"https:\/\/www.europesays.com\/fi\/wp-json\/wp\/v2\/categories?post=340801"},{"taxonomy":"post_tag","embeddable":true,"href":"https:\/\/www.europesays.com\/fi\/wp-json\/wp\/v2\/tags?post=340801"}],"curies":[{"name":"wp","href":"https:\/\/api.w.org\/{rel}","templated":true}]}}