{"id":340805,"date":"2026-09-03T23:34:16","date_gmt":"2026-09-03T23:34:16","guid":{"rendered":"https:\/\/www.europesays.com\/fi\/340805\/"},"modified":"2026-09-03T23:34:16","modified_gmt":"2026-09-03T23:34:16","slug":"goncalo-pereira-jattaa-fc-lahden-kauden-jalkeen-on-tehnyt-erinomaista-tyota-uutiset","status":"publish","type":"post","link":"https:\/\/www.europesays.com\/fi\/340805\/","title":{"rendered":"Gon\u00e7alo Pereira j\u00e4tt\u00e4\u00e4 FC Lahden kauden j\u00e4lkeen &#8211; &#8221;On tehnyt erinomaista ty\u00f6t\u00e4&#8221; | Uutiset"},"content":{"rendered":"<p>Pereira jatkaa FC Lahden p\u00e4\u00e4valmentajana kuluvan kauden loppuun asti. My\u00f6s FC Lahden valmennustiimiin kuuluva Jo\u00e3o Pires j\u00e4tt\u00e4\u00e4 seuran kauden 2026 p\u00e4\u00e4tytty\u00e4.<\/p>\n<p>P\u00e4\u00e4t\u00f6s on syntynyt hyv\u00e4ss\u00e4 hengess\u00e4 ja k\u00e4ytyjen keskustelujen j\u00e4lkeen tulimme siihen lopputulokseen, ett\u00e4 meill\u00e4 on erilaiset n\u00e4kemykset tulevaisuudesta. FC Lahti ja Pereira ovat yhdess\u00e4 p\u00e4\u00e4tyneet siihen, ett\u00e4 kauden j\u00e4lkeen on oikea aika ottaa seuraavat askeleet eri suuntiin. <\/p>\n<p>Pereira tiimeineen on tehnyt Lahdessa erinomaista ja sitoutunutta ty\u00f6t\u00e4 viimeisen kahden vuoden aikana. Yhteiseen matkaan on mahtunut hienoja el\u00e4myksi\u00e4 ja vahvoja urheilullisia n\u00e4ytt\u00f6j\u00e4, kirkkaimpana saavutuksena Ykk\u00f6sliigan mestaruus ja nousu Veikkausliigaan sek\u00e4 hieno taistelu Mestaruussarjan paikasta aina runkosarjan viimeisille kierroksille saakka. Pereira suoritti Lahdessa my\u00f6s UEFA Pro -lisenssin, joka on UEFA korkein valmentajakoulutuksen taso.<\/p>\n<p>FC Lahti on kiitollinen Pereiran ty\u00f6st\u00e4, sitoutumisesta ja panoksesta joukkueen sek\u00e4 koko seuran eteen kahden kauden aikana.<\/p>\n<p>FC Lahden toimitusjohtaja Markus Mujunen kiitt\u00e4\u00e4 Pereiraa ja kertoo k\u00e4ydyist\u00e4 keskusteluista.<\/p>\n<p>\u2013 Olemme k\u00e4yneet Gon\u00e7alon kanssa hyv\u00e4henkisi\u00e4 keskusteluja tulevaisuudesta. Yhteisymm\u00e4rryksess\u00e4 olemme p\u00e4\u00e4tyneet siihen, ett\u00e4 nyt on oikea hetki kulkea eteenp\u00e4in eri suuntiin. Meille on t\u00e4rke\u00e4\u00e4 rakentaa seuraa, jossa ihmiset kokevat kuuluvansa johonkin itse\u00e4\u00e4n suurempaan. Pelaajat, valmentajat, ty\u00f6ntekij\u00e4t, vapaaehtoiset, juniorit, kannattajat ja yhteisty\u00f6kumppanit muodostavat yhdess\u00e4 t\u00e4m\u00e4n yhteis\u00f6n. Jokainen j\u00e4tt\u00e4\u00e4 siihen oman j\u00e4lkens\u00e4 \u2013 ja niin my\u00f6s Gon\u00e7alo on j\u00e4tt\u00e4nyt omansa. Haluamme kiitt\u00e4\u00e4 Gon\u00e7aloa panoksesta joukkueelle, seuralle ja ennen kaikkea meid\u00e4n yhteis\u00f6llemme. H\u00e4n on ollut mukana rakentamassa kulttuuria ja tarinaa, joka jatkuu my\u00f6s t\u00e4st\u00e4 eteenp\u00e4in. Toivotamme Gon\u00e7alolle kaikkea hyv\u00e4\u00e4 ja menestyst\u00e4 tulevaan.<\/p>\n<p>\u2013 Gon\u00e7alo tiimeineen on tehnyt eritt\u00e4in intohimoista ja hyv\u00e4\u00e4 ty\u00f6t\u00e4 Lahdessa viimeisen kahden vuoden aikana. Olemme saaneet jakaa monta hienoa yhteist\u00e4 kokemusta. Kruununa n\u00e4ist\u00e4 on ollut nousu Veikkausliigaan ja taistelu Mestaruussarjan paikasta aina sijoitussarjaa edelt\u00e4viin ratkaisuotteluihin asti. Kiit\u00e4mme h\u00e4nt\u00e4 l\u00e4mpim\u00e4sti t\u00e4st\u00e4 ajasta ja toivotamme mit\u00e4 parhainta onnea uusiin haasteisiin, FC Lahden hallituksen puheenjohtaja Thomas Hood sanoo.<\/p>\n<p>FC Lahden urheilujohtaja Marko Kolsi kommentoi Pereiran aikaa seurassa.<\/p>\n<p>\u2013 Goncalo on tehnyt erinomaista ty\u00f6t\u00e4 Lahdessa ja on ollut ilo tehd\u00e4 h\u00e4nen kanssaan yhteisty\u00f6t\u00e4. H\u00e4n on nostanut yhdess\u00e4 valmennustiimin kanssa arjen laadun, vaatimustason ja yhteishengen eritt\u00e4in korkealle, mik\u00e4 on n\u00e4kynyt lopulta tasaisena ja nousujohteisena suorittamisena l\u00e4pi kauden.<\/p>\n<p>\u2013 Goncalon l\u00e4htiess\u00e4 haluamme rakentaa h\u00e4nen erinomaisen ty\u00f6n p\u00e4\u00e4lle ja jatkaa kunnianhimoisin tavoittein ensi kauteen. Tuleva p\u00e4\u00e4valmentaja on t\u00e4ss\u00e4 avainroolissa. Haluamme vahvaa jatkuvuutta niin valmennustiimin kuin pelaajistonkin osalta, mutta tuoda my\u00f6s uudistusta tietyille osa-alueille tunnistettujen tarpeiden kautta, Kolsi kertoo.<\/p>\n<p>Gon\u00e7alo Pereira kertoo kahden FC Lahdessa vietetyn vuoden j\u00e4tt\u00e4neen h\u00e4neen l\u00e4htem\u00e4tt\u00f6m\u00e4n j\u00e4ljen.<\/p>\n<p>\u2013 N\u00e4m\u00e4 kaksi vuotta ovat merkinneet minulle henkil\u00f6kohtaisesti valtavaa kehityst\u00e4 niin ihmisen\u00e4 kuin valmentajanakin. Viime kaudella saimme ison teht\u00e4v\u00e4n nostaa FC Lahti takaisin Veikkausliigaan, ja t\u00e4ll\u00e4 kaudella olemme pystyneet jatkamaan hyv\u00e4ll\u00e4 tasolla. Muutaman vaikeamman vuoden j\u00e4lkeen olemme onnistuneet palauttamaan kannattajille ylpeyden ja ilon seurasta. Se on kaikkein suurin saavutus \u2013 n\u00e4hd\u00e4 ihmisten aidosti hymyilev\u00e4n, kun he puhuvat FC Lahdesta.<\/p>\n<p>\u2013 Kaikki ihmiset, jotka olen t\u00e4\u00e4ll\u00e4 tavannut, sek\u00e4 pelaajat ja valmentajat, joiden kanssa olen saanut ty\u00f6skennell\u00e4, ovat olleet aivan loistavia. Jokainen on ymm\u00e4rt\u00e4nyt, millaista sitoutumista menestyminen vaatii, ja tulen kantamaan n\u00e4it\u00e4 kokemuksia mukanani ikuisesti.<\/p>\n<p>\u2013 Pelaajille ja taustahenkil\u00f6ille minulla on viel\u00e4 mahdollisuus sanoa sanottavani henkil\u00f6kohtaisesti. Upeille kannattajille haluan sanoa valtavan kiitoksen kaikesta tuesta. T\u00e4m\u00e4 on ollut fantastinen matka, ja haluamme jatkaa sit\u00e4 samalla tavalla my\u00f6s kauden viidess\u00e4 viimeisess\u00e4 ottelussa. Toivon, ett\u00e4 ihmiset tulevat otteluihimme ja ett\u00e4 t\u00e4m\u00e4 sama tunne kantaa aina lokakuun loppuun asti.<\/p>\n<p>\u2013 Kauden j\u00e4lkeen toivon, ett\u00e4 jotain siit\u00e4, mit\u00e4 olemme n\u00e4iden kahden vuoden aikana rakentaneet, j\u00e4\u00e4 el\u00e4m\u00e4\u00e4n ja auttaa seuraa my\u00f6s tulevaisuudessa. Suuri kiitos kaikille, jotka ovat tukeneet meit\u00e4 ja olleet mukana mahdollistamassa uskomattomia hetki\u00e4, joita en tule koskaan unohtamaan, Pereira p\u00e4\u00e4tt\u00e4\u00e4.<\/p>\n<p>FC Lahden kausi jatkuu Pereiran komennossa viel\u00e4 viiden ottelun verran Veikkausliigan karsintasarjassa. Tutustu karsintasarjan otteluohjelmaan t\u00e4\u00e4ll\u00e4.<\/p>\n<p>FC Lahti jatkaa tulevan kauden rakentamista m\u00e4\u00e4r\u00e4tietoisesti ja tiedottaa edustusjoukkueen tulevan kauden valmennukseen liittyvist\u00e4 ratkaisuista my\u00f6hemmin.<\/p>\n","protected":false},"excerpt":{"rendered":"Pereira jatkaa FC Lahden p\u00e4\u00e4valmentajana kuluvan kauden loppuun asti. My\u00f6s FC Lahden valmennustiimiin kuuluva Jo\u00e3o Pires j\u00e4tt\u00e4\u00e4 seuran&hellip;\n","protected":false},"author":2,"featured_media":340806,"comment_status":"","ping_status":"","sticky":false,"template":"","format":"standard","meta":{"footnotes":"","_share_on_mastodon":"0"},"categories":[5],"tags":[22,23,26,27,33,31,30,17,24,25,28,29,15,18,21,32,19,20,16],"class_list":["post-340805","post","type-post","status-publish","format-standard","has-post-thumbnail","category-otsikot","tag-breaking-news","tag-breakingnews","tag-featured-news","tag-featurednews","tag-fi","tag-finland","tag-finnish","tag-headlines","tag-latest-news","tag-latestnews","tag-main-news","tag-mainnews","tag-news","tag-otsikot","tag-paauutiset","tag-suomi","tag-top-stories","tag-topstories","tag-uutiset"],"share_on_mastodon":{"url":"https:\/\/pubeurope.com\/@fi\/117209731343752330","error":""},"_links":{"self":[{"href":"https:\/\/www.europesays.com\/fi\/wp-json\/wp\/v2\/posts\/340805","targetHints":{"allow":["GET"]}}],"collection":[{"href":"https:\/\/www.europesays.com\/fi\/wp-json\/wp\/v2\/posts"}],"about":[{"href":"https:\/\/www.europesays.com\/fi\/wp-json\/wp\/v2\/types\/post"}],"author":[{"embeddable":true,"href":"https:\/\/www.europesays.com\/fi\/wp-json\/wp\/v2\/users\/2"}],"replies":[{"embeddable":true,"href":"https:\/\/www.europesays.com\/fi\/wp-json\/wp\/v2\/comments?post=340805"}],"version-history":[{"count":0,"href":"https:\/\/www.europesays.com\/fi\/wp-json\/wp\/v2\/posts\/340805\/revisions"}],"wp:featuredmedia":[{"embeddable":true,"href":"https:\/\/www.europesays.com\/fi\/wp-json\/wp\/v2\/media\/340806"}],"wp:attachment":[{"href":"https:\/\/www.europesays.com\/fi\/wp-json\/wp\/v2\/media?parent=340805"}],"wp:term":[{"taxonomy":"category","embeddable":true,"href":"https:\/\/www.europesays.com\/fi\/wp-json\/wp\/v2\/categories?post=340805"},{"taxonomy":"post_tag","embeddable":true,"href":"https:\/\/www.europesays.com\/fi\/wp-json\/wp\/v2\/tags?post=340805"}],"curies":[{"name":"wp","href":"https:\/\/api.w.org\/{rel}","templated":true}]}}