{"id":340815,"date":"2026-09-03T23:58:10","date_gmt":"2026-09-03T23:58:10","guid":{"rendered":"https:\/\/www.europesays.com\/fi\/340815\/"},"modified":"2026-09-03T23:58:10","modified_gmt":"2026-09-03T23:58:10","slug":"trump-haluaa-euroopalta-satoja-miljardeja-dollareita-uutissuomalainen","status":"publish","type":"post","link":"https:\/\/www.europesays.com\/fi\/340815\/","title":{"rendered":"Trump haluaa Euroopalta satoja miljardeja dollareita | Uutissuomalainen"},"content":{"rendered":"<p>Yhdysvallat aikoo pyyt\u00e4\u00e4 Euroopan maita maksamaan takaisin Ukrainan ja Naton saamia tukia, sanoo presidentti <strong>Donald Trump<\/strong>.<\/p>\n<p>Trump kirjoitti <a href=\"https:\/\/truthsocial.com\/@realDonaldTrump\/posts\/117207687594983323\" rel=\"nofollow noopener\" target=\"_blank\">Truth Social<\/a>-julkaisussaan torstaina, ett\u00e4 h\u00e4nen edelt\u00e4j\u00e4ns\u00e4 <strong>Joe Biden<\/strong> antoi Ukrainalle ilmaiseksi enemm\u00e4n ammuksia kuin mit\u00e4 Yhdysvallat on k\u00e4ytt\u00e4nyt Iranissa.<\/p>\n<p>\u2013\u2009Satoja miljardeja dollareita annettiin ilmaiseksi Ukrainalle ja Natolle, jotka Eurooppa olisi maksanut, jos olisimme vain kysyneet. Mutta aiomme pyyt\u00e4\u00e4 rahoja takaisin, vaikkakin hieman my\u00f6h\u00e4ss\u00e4, Trump kirjoitti.<\/p>\n<p>Julkaisussaan Trump my\u00f6s syytti Yhdysvaltojen ohjusvajeesta kertovia medioita maanpettureiksi. Reuters kertoi elokuussa, ett\u00e4 Yhdysvallat on ampunut Iraniin suuren osan eritt\u00e4in tarkkojen pitk\u00e4n kantaman ohjustensa varastosta.<\/p>\n<p>Trumpin mukaan Yhdysvaltain ammusvarasto on &#8221;k\u00e4yt\u00e4nn\u00f6ss\u00e4 rajaton&#8221;. Samalla h\u00e4n kuitenkin my\u00f6s toteaa, ett\u00e4 Yhdysvallat pit\u00e4\u00e4 t\u00e4ll\u00e4 hetkell\u00e4 ammukset itsell\u00e4\u00e4n eik\u00e4 myy niit\u00e4 liittolaisilleen.<\/p>\n<p>\u2013\u2009Myynnit liittolaisille tulevat kuitenkin pian j\u00e4lleen alkamaan, h\u00e4n kirjoittaa.<\/p>\n<p>Britannian parlamentin <a href=\"https:\/\/commonslibrary.parliament.uk\/research-briefings\/cbp-9477\/\" rel=\"nofollow noopener\" target=\"_blank\">raportin<\/a> mukaan Yhdysvallat tuki Bidenin presidenttikaudella Ukrainaa yhteens\u00e4 66,5 miljardilla dollarilla.<\/p>\n","protected":false},"excerpt":{"rendered":"Yhdysvallat aikoo pyyt\u00e4\u00e4 Euroopan maita maksamaan takaisin Ukrainan ja Naton saamia tukia, sanoo presidentti Donald Trump. Trump kirjoitti&hellip;\n","protected":false},"author":2,"featured_media":340816,"comment_status":"","ping_status":"","sticky":false,"template":"","format":"standard","meta":{"footnotes":"","_share_on_mastodon":"0"},"categories":[14],"tags":[22,23,585,2267,26,27,33,31,30,17,6694,24,25,28,29,15,18,21,142,637,144,32,19,20,56,16,59,60,61,143],"class_list":["post-340815","post","type-post","status-publish","format-standard","has-post-thumbnail","category-ulkomaat","tag-breaking-news","tag-breakingnews","tag-donald-trump","tag-eurooppa","tag-featured-news","tag-featurednews","tag-fi","tag-finland","tag-finnish","tag-headlines","tag-joe-biden","tag-latest-news","tag-latestnews","tag-main-news","tag-mainnews","tag-news","tag-otsikot","tag-paauutiset","tag-poliitikot","tag-politiikka","tag-presidentti","tag-suomi","tag-top-stories","tag-topstories","tag-ulkomaat","tag-uutiset","tag-world","tag-world-news","tag-worldnews","tag-yhdysvaltain-politiikka"],"share_on_mastodon":{"url":"https:\/\/pubeurope.com\/@fi\/117209825720705355","error":""},"_links":{"self":[{"href":"https:\/\/www.europesays.com\/fi\/wp-json\/wp\/v2\/posts\/340815","targetHints":{"allow":["GET"]}}],"collection":[{"href":"https:\/\/www.europesays.com\/fi\/wp-json\/wp\/v2\/posts"}],"about":[{"href":"https:\/\/www.europesays.com\/fi\/wp-json\/wp\/v2\/types\/post"}],"author":[{"embeddable":true,"href":"https:\/\/www.europesays.com\/fi\/wp-json\/wp\/v2\/users\/2"}],"replies":[{"embeddable":true,"href":"https:\/\/www.europesays.com\/fi\/wp-json\/wp\/v2\/comments?post=340815"}],"version-history":[{"count":0,"href":"https:\/\/www.europesays.com\/fi\/wp-json\/wp\/v2\/posts\/340815\/revisions"}],"wp:featuredmedia":[{"embeddable":true,"href":"https:\/\/www.europesays.com\/fi\/wp-json\/wp\/v2\/media\/340816"}],"wp:attachment":[{"href":"https:\/\/www.europesays.com\/fi\/wp-json\/wp\/v2\/media?parent=340815"}],"wp:term":[{"taxonomy":"category","embeddable":true,"href":"https:\/\/www.europesays.com\/fi\/wp-json\/wp\/v2\/categories?post=340815"},{"taxonomy":"post_tag","embeddable":true,"href":"https:\/\/www.europesays.com\/fi\/wp-json\/wp\/v2\/tags?post=340815"}],"curies":[{"name":"wp","href":"https:\/\/api.w.org\/{rel}","templated":true}]}}