{"id":340817,"date":"2026-09-03T23:59:11","date_gmt":"2026-09-03T23:59:11","guid":{"rendered":"https:\/\/www.europesays.com\/fi\/340817\/"},"modified":"2026-09-03T23:59:11","modified_gmt":"2026-09-03T23:59:11","slug":"sisarukset-saivat-tyttaret-samana-paivana-koskettava-kuva-julki","status":"publish","type":"post","link":"https:\/\/www.europesays.com\/fi\/340817\/","title":{"rendered":"Sisarukset saivat tytt\u00e4ret samana p\u00e4iv\u00e4n\u00e4 \u2013 Koskettava kuva julki"},"content":{"rendered":"<p>Monet jakavat samankaltaisia kokemuksia julkaisun kommenttikent\u00e4ss\u00e4.<\/p>\n<p><img decoding=\"async\" class=\"image image-show image-preview\" src=\"https:\/\/www.europesays.com\/fi\/wp-content\/uploads\/2026\/09\/8ee7f51e4e2b82c769e7e68b87a59e884fec59a339213864aae95f8b1143ebf0.jpg\" alt=\"\"\/><img decoding=\"async\" class=\"image image-show\" src=\"https:\/\/www.europesays.com\/fi\/wp-content\/uploads\/2026\/09\/1788479951_976_8ee7f51e4e2b82c769e7e68b87a59e884fec59a339213864aae95f8b1143ebf0.jpg\" alt=\"\"\/><\/p>\n<p>Sisaruksille syntyi samana p\u00e4iv\u00e4n\u00e4 tytt\u00e4ret. Kuvituskuva. Mostphotos<\/p>\n<p class=\"paragraph\">Porin Satasairaalassa koettiin ainutlaatuinen p\u00e4iv\u00e4, kun sisarukset saivat samana p\u00e4iv\u00e4n\u00e4 tytt\u00e4ret.<\/p>\n<p class=\"paragraph\">Satasairaalan lasten- ja naistentalo on lis\u00e4nnyt Facebookissa samana p\u00e4iv\u00e4n\u00e4 syntyneist\u00e4 serkuksista suloisen yhteiskuvan. Otoksessa vauvat on k\u00e4\u00e4ritty l\u00e4mpimiin huopiin, ja toinen heist\u00e4 n\u00e4ytt\u00e4\u00e4 huutavan serkkunsa korvaan.<\/p>\n<p class=\"paragraph\">\u2013 Serkuksilla l\u00f6ytyi heti my\u00f6s yhteinen s\u00e4vel. Toinen n\u00e4ytti jo pit\u00e4v\u00e4n huolen siit\u00e4, ettei toiselta j\u00e4\u00e4 mik\u00e4\u00e4n t\u00e4rke\u00e4 kuulematta, julkaisun kuvatekstiss\u00e4 lukee.<\/p>\n<p class=\"paragraph\">Jos julkaisu ei n\u00e4y, voit katsoa sen <a href=\"https:\/\/www.facebook.com\/porinlastenjanaistentalo\" target=\"_blank\" rel=\"noopener nofollow\">t\u00e4st\u00e4<\/a>.<\/p>\n<p class=\"paragraph\">Julkaisun kommenttikentt\u00e4 on ker\u00e4nnyt rutkasti onnentoivotuksia. Monet ovat my\u00f6s jakaneet omia samanlaisia kokemuksiaan.<\/p>\n<p class=\"paragraph\">\u2013 Meill\u00e4 my\u00f6s serkkutyt\u00f6t syntyiv\u00e4t puolentoista tunnin ik\u00e4erolla. Menimme yht\u00e4 aikaa sairaalaankin samalla kyydill\u00e4 ja olimme vierekk\u00e4isiss\u00e4 saleissa, er\u00e4s kommentoi.<\/p>\n<p class=\"paragraph\">\u2013 Olin sisareni kanssa samaan aikaan synnytt\u00e4m\u00e4ss\u00e4 Satasairaalassa ja molemmat saimme tytt\u00e4ren. Onhan se tosiaan ainutlaatuista. Lis\u00e4ksi viel\u00e4 yhteinen tuttavamme sai samana p\u00e4iv\u00e4n\u00e4 tyt\u00f6n ja oli samaan aikaan samalla synn\u00e4rill\u00e4, toinen kertoo syd\u00e4men kera.<\/p>\n<p class=\"paragraph\">\u2013 Muutaman tunnin ik\u00e4erolla syntynyt my\u00f6s mun tytt\u00f6 ja h\u00e4nen serkkunsa Tyksiss\u00e4. Vierekk\u00e4isiss\u00e4 saleissa oltiin.<\/p>\n","protected":false},"excerpt":{"rendered":"Monet jakavat samankaltaisia kokemuksia julkaisun kommenttikent\u00e4ss\u00e4. Sisaruksille syntyi samana p\u00e4iv\u00e4n\u00e4 tytt\u00e4ret. Kuvituskuva. Mostphotos Porin Satasairaalassa koettiin ainutlaatuinen p\u00e4iv\u00e4,&hellip;\n","protected":false},"author":2,"featured_media":340818,"comment_status":"","ping_status":"","sticky":false,"template":"","format":"standard","meta":{"footnotes":"","_share_on_mastodon":"0"},"categories":[12],"tags":[35,22,23,26,27,33,31,30,17,101,99,100,24,25,28,29,15,18,21,98,103,32,19,20,16],"class_list":["post-340817","post","type-post","status-publish","format-standard","has-post-thumbnail","category-suomi","tag-24h","tag-breaking-news","tag-breakingnews","tag-featured-news","tag-featurednews","tag-fi","tag-finland","tag-finnish","tag-headlines","tag-ihmissuhteet","tag-lapset","tag-lapset-ja-nuoret","tag-latest-news","tag-latestnews","tag-main-news","tag-mainnews","tag-news","tag-otsikot","tag-paauutiset","tag-perhe","tag-sosiaalikysymykset","tag-suomi","tag-top-stories","tag-topstories","tag-uutiset"],"share_on_mastodon":{"url":"https:\/\/pubeurope.com\/@fi\/117209830049691641","error":""},"_links":{"self":[{"href":"https:\/\/www.europesays.com\/fi\/wp-json\/wp\/v2\/posts\/340817","targetHints":{"allow":["GET"]}}],"collection":[{"href":"https:\/\/www.europesays.com\/fi\/wp-json\/wp\/v2\/posts"}],"about":[{"href":"https:\/\/www.europesays.com\/fi\/wp-json\/wp\/v2\/types\/post"}],"author":[{"embeddable":true,"href":"https:\/\/www.europesays.com\/fi\/wp-json\/wp\/v2\/users\/2"}],"replies":[{"embeddable":true,"href":"https:\/\/www.europesays.com\/fi\/wp-json\/wp\/v2\/comments?post=340817"}],"version-history":[{"count":0,"href":"https:\/\/www.europesays.com\/fi\/wp-json\/wp\/v2\/posts\/340817\/revisions"}],"wp:featuredmedia":[{"embeddable":true,"href":"https:\/\/www.europesays.com\/fi\/wp-json\/wp\/v2\/media\/340818"}],"wp:attachment":[{"href":"https:\/\/www.europesays.com\/fi\/wp-json\/wp\/v2\/media?parent=340817"}],"wp:term":[{"taxonomy":"category","embeddable":true,"href":"https:\/\/www.europesays.com\/fi\/wp-json\/wp\/v2\/categories?post=340817"},{"taxonomy":"post_tag","embeddable":true,"href":"https:\/\/www.europesays.com\/fi\/wp-json\/wp\/v2\/tags?post=340817"}],"curies":[{"name":"wp","href":"https:\/\/api.w.org\/{rel}","templated":true}]}}