{"id":340819,"date":"2026-09-04T00:00:13","date_gmt":"2026-09-04T00:00:13","guid":{"rendered":"https:\/\/www.europesays.com\/fi\/340819\/"},"modified":"2026-09-04T00:00:13","modified_gmt":"2026-09-04T00:00:13","slug":"ukrainan-riskialtis-operaatio-moskovan-lentokenttien-sulkemiseksi-saattaa-olla-alkamassa","status":"publish","type":"post","link":"https:\/\/www.europesays.com\/fi\/340819\/","title":{"rendered":"Ukrainan riskialtis operaatio Moskovan lentokenttien sulkemiseksi saattaa olla alkamassa"},"content":{"rendered":"<p class=\"article-body mb-(--paragraph-margin-b) px-nof-16\">Ukrainan presidentti <a class=\"font-bold underline-offset-[0.12em] [text-decoration:var(--person-link-text-decoration)] [text-decoration-color:var(--person-link-text-decoration-color)]!\" href=\"https:\/\/www.hs.fi\/haku\/?query=Volodymyr%20Zelenskyi\" rel=\"nofollow noopener\" target=\"_blank\">Volodymyr Zelenskyi<\/a> varoitti t\u00e4ll\u00e4 viikolla Ven\u00e4j\u00e4n ilmatilan k\u00e4yt\u00e4nn\u00f6ss\u00e4 sulkeutuvan, kun Ukraina lis\u00e4\u00e4 drooni-iskujaan maahan.<\/p>\n<p class=\"article-body mb-(--paragraph-margin-b) px-nof-16\">\u201dTurvalliset ajat Ven\u00e4j\u00e4n ilmatilassa ovat ohi\u201d, Zelenskyi v\u00e4itti.<\/p>\n<p class=\"article-body mb-(--paragraph-margin-b) px-nof-16\">Lausunnossaan h\u00e4n vetosi ennen kaikkea lentoyhti\u00f6ihin ja vakuutusyhti\u00f6ihin. Ukraina on my\u00f6s tiedottanut asiasta YK:n alaiselle Kansainv\u00e4liselle siviili-ilmailuj\u00e4rjest\u00f6lle.<\/p>\n<p class=\"article-body mb-(--paragraph-margin-b) px-nof-16\">Ven\u00e4j\u00e4ll\u00e4 toimii yh\u00e4 useita ulkomaisia lentoyhti\u00f6it\u00e4 muun muassa Kiinasta, Turkista ja Persianlahden maista.<\/p>\n<p class=\"article-body mb-(--paragraph-margin-b) px-nof-16\">Ukrainan mahdollisesta operaatiosta ei ole vahvistettua tietoa. Zelenskyin ilmoituksen j\u00e4lkeen Moskovan Vnukovon ja \u0160eremetjevon lentoasemat joutuivat kuitenkin keskeytt\u00e4m\u00e4\u00e4n toimintansa kahtena y\u00f6n\u00e4 per\u00e4kk\u00e4in, ven\u00e4l\u00e4islehti The Moscow Times <a class=\"underline underline-offset-[0.12em] [text-decoration-thickness:var(--generic-link-underline-thickness)] [text-decoration-color:var(--generic-link-underline-color)] [text-decoration-skip-ink:var(--generic-link-underline-skip-ink)] break-words\" href=\"https:\/\/ru.themoscowtimes.com\/2026\/09\/03\/moskovskie-aeroporti-zakrili-vtoruyu-noch-podryad-posle-ugroz-zelenskogo-a205144\" rel=\"nofollow noopener\" target=\"_blank\">kertoi<\/a> varhain torstaina.<\/p>\n<p class=\"article-body mb-(--paragraph-margin-b) px-nof-16\">Ven\u00e4l\u00e4isen uutissivuston Agentstvon <a class=\"underline underline-offset-[0.12em] [text-decoration-thickness:var(--generic-link-underline-thickness)] [text-decoration-color:var(--generic-link-underline-color)] [text-decoration-skip-ink:var(--generic-link-underline-skip-ink)] break-words\" href=\"https:\/\/www.agents.media\/v-moskovskih-aeroportah-rezko-vyroslo-chislo-otmen-posle-posle-zayavleniya-zelenskogo-zakrytom-nebe-nad-rossiej\/?utm_source=chatgpt.com\" rel=\"nofollow noopener\" target=\"_blank\">mukaan<\/a> ulkomaiset lentoyhti\u00f6t olisivat peruneet yli 20 lentoa Moskovaan ja Moskovasta.<\/p>\n<p class=\"article-body mb-(--paragraph-margin-b) px-nof-16\">\u0160eremetjevon lentokent\u00e4n verkkosivut n\u00e4yttiv\u00e4t lentojen olleen toistuvasti my\u00f6h\u00e4ss\u00e4 keskiviikon ja torstain v\u00e4lisen\u00e4 y\u00f6n\u00e4.<\/p>\n<p class=\"article-body mb-(--paragraph-margin-b) px-nof-16\">Lentoyhti\u00f6iden julkiset reaktiot Ukrainan ilmoitukseen ovat olleet maltillisia. Matkustajia ei ole juurikaan varoitettu droonivaarasta.<\/p>\n<p class=\"article-body mb-(--paragraph-margin-b) px-nof-16\">Flydubai kertoi \u201dseuraavansa tilanteen kehittymist\u00e4\u201d ja muuttavansa tarvittaessa aikataulujaan ja lentoreittej\u00e4\u00e4n.<\/p>\n<p class=\"article-body mb-(--paragraph-margin-b) px-nof-16\">Qatar Airways kertoi \u201dmukauttavansa toimintaansa tarvittaessa\u201d.<\/p>\n<p class=\"article-body mb-(--paragraph-margin-b) px-nof-16\">Turkkilainen Pegasus-lentoyhti\u00f6 perui joitain lentoja Ven\u00e4j\u00e4lle vedoten \u201dteknisiin ja operatiivisiin syihin\u201d. Yhti\u00f6 ilmoitti lentojen jatkossa kulkevan aikataulun mukaisesti.<\/p>\n<p class=\"article-body mb-(--paragraph-margin-b) px-nof-16\">Useimmat eurooppalaiset ja yhdysvaltalaiset lentoyhti\u00f6t eiv\u00e4t ole lent\u00e4neet Ven\u00e4j\u00e4n ilmatilassa maan aloitettua suurhy\u00f6kk\u00e4yksen Ukrainaan 2022.<\/p>\n<p><img decoding=\"async\" src=\"https:\/\/www.europesays.com\/fi\/wp-content\/uploads\/2026\/09\/1788480013_646_468.jpg\" alt=\"Matkustajat jonottivat tiistaina l\u00e4ht\u00f6selvitystiskille Vnukovon kansainv\u00e4lisell\u00e4 lentokent\u00e4ll\u00e4 Moskovassa.\" class=\"_Img_1rerz_1\" style=\"aspect-ratio:1920\/1280\" loading=\"eager\"\/><\/p>\n<p class=\"font-(family-name:--picture-caption-font-family) text-(length:--picture-caption-font-size) leading-(--picture-caption-leading) font-(--picture-caption-font-weight) text-(color:--picture-caption-color) picture-with-caption__caption picture-with-caption__caption--default-full\">Matkustajat jonottivat tiistaina l\u00e4ht\u00f6selvitystiskille Vnukovon kansainv\u00e4lisell\u00e4 lentokent\u00e4ll\u00e4 Moskovassa. Kuva:\u00a0Violetta Butkova \/ Tass<\/p>\n<p class=\"article-body mb-(--paragraph-margin-b) px-nof-16\">Yhdysvaltalaislehti The Atlantic<a class=\"underline underline-offset-[0.12em] [text-decoration-thickness:var(--generic-link-underline-thickness)] [text-decoration-color:var(--generic-link-underline-color)] [text-decoration-skip-ink:var(--generic-link-underline-skip-ink)] break-words\" href=\"https:\/\/www.theatlantic.com\/national-security\/2026\/08\/ukraine-moscow-airports-ai-drones\/688337\/?gift=whfhz39PwegtEmeLcgtZzlzpXyAYRF-cDOYd2uClC4g&amp;utm_source=copy-link&amp;utm_medium=social&amp;utm_campaign=share\" rel=\"nofollow noopener\" target=\"_blank\"> uutisoi <\/a>elokuussa sis\u00e4piiril\u00e4hteidens\u00e4 perusteella, ett\u00e4 Ukraina suunnittelee kunnianhimoista operaatiota Moskovan lentokenttien lamauttamiseksi drooniparvilla.<\/p>\n<p class=\"article-body mb-(--paragraph-margin-b) px-nof-16\">Suunnitelman koodinimi oli artikkelin mukaan M&amp;Ms. Artikkelin kirjoittaja, turvallisuuspolitiikkaa seuraava <a class=\"font-bold underline-offset-[0.12em] [text-decoration:var(--person-link-text-decoration)] [text-decoration-color:var(--person-link-text-decoration-color)]!\" href=\"https:\/\/www.hs.fi\/haku\/?query=Simon%20Shuster\" rel=\"nofollow noopener\" target=\"_blank\">Simon Shuster<\/a> <a class=\"underline underline-offset-[0.12em] [text-decoration-thickness:var(--generic-link-underline-thickness)] [text-decoration-color:var(--generic-link-underline-color)] [text-decoration-skip-ink:var(--generic-link-underline-skip-ink)] break-words\" href=\"https:\/\/x.com\/shustry\/status\/2095046927762985319\" rel=\"nofollow\">kertoi keskiviikkona <\/a>viestipalvelu X:ss\u00e4 l\u00e4hteens\u00e4 vahvistaneen, ett\u00e4 operaatio olisi alkanut.<\/p>\n<p class=\"article-body mb-(--paragraph-margin-b) px-nof-16\">Alkuper\u00e4isess\u00e4 suunnitelmassa olisi ollut tarkoitus k\u00e4ytt\u00e4\u00e4 jopa tuhatta teko\u00e4lyohjattua autonomista droonia y\u00f6ss\u00e4. Eli k\u00e4yt\u00e4nn\u00f6ss\u00e4 ihminen ei v\u00e4ltt\u00e4m\u00e4tt\u00e4 tekisi lopullista iskup\u00e4\u00e4t\u00f6st\u00e4, mik\u00e4 her\u00e4tt\u00e4\u00e4 kysymyksi\u00e4 operaation eettisyydest\u00e4.<\/p>\n<p class=\"article-body mb-(--paragraph-margin-b) px-nof-16\">Lehden mukaan operaation tavoitteena ei ole tuhota lentoasemia vaan pakottaa Ven\u00e4j\u00e4n viranomaiset sulkemaan ilmatila tai rajoittamaan lentoliikennett\u00e4 pitk\u00e4aikaisesti, jotta kansainv\u00e4liset lentoyhti\u00f6t lopulta lopettaisivat Moskovaan lent\u00e4misen. Operaation strateginen tavoite on nostaa sodan hintaa Ven\u00e4j\u00e4n eliitille, The Atlantic kertoi.<\/p>\n<p class=\"article-body mb-(--paragraph-margin-b) px-nof-16\">Samansuuntaisesta operaatiosta uutisoi my\u00f6s ukrainalaislehti The Kyiv Independent <a class=\"underline underline-offset-[0.12em] [text-decoration-thickness:var(--generic-link-underline-thickness)] [text-decoration-color:var(--generic-link-underline-color)] [text-decoration-skip-ink:var(--generic-link-underline-skip-ink)] break-words\" href=\"https:\/\/kyivindependent.com\/ukraines-plan-to-close-russias-airspace-what-we-know\/\" rel=\"nofollow noopener\" target=\"_blank\">keskiviikkona<\/a>.<\/p>\n<p class=\"article-body mb-(--paragraph-margin-b) px-nof-16\">Lehden haastattelema Ukrainan asevoimien etel\u00e4isen ryhm\u00e4n tiedottaja <a class=\"font-bold underline-offset-[0.12em] [text-decoration:var(--person-link-text-decoration)] [text-decoration-color:var(--person-link-text-decoration-color)]!\" href=\"https:\/\/www.hs.fi\/haku\/?query=Serhii%20Brat%C5%A1uk\" rel=\"nofollow noopener\" target=\"_blank\">Serhii Brat\u0161uk<\/a> totesi, ett\u00e4 nyt alkavalla operaatiolla pyrit\u00e4\u00e4n \u201dVen\u00e4j\u00e4n strategiseen ilmasaartoon\u201d.<\/p>\n<p class=\"article-body mb-(--paragraph-margin-b) px-nof-16\">\u201dVen\u00e4j\u00e4n suurkaupunkien yl\u00e4puolisesta ilmatilasta tulee jatkuvan riskin alue, mik\u00e4 pakottaa ulkomaiset yritykset katkaisemaan lentoyhteytens\u00e4 Ven\u00e4j\u00e4lle\u201d, Brat\u0161uk sanoi The Kyiv Independentille.<\/p>\n<p class=\"article-body mb-(--paragraph-margin-b) px-nof-16\">Ukraina on pyyt\u00e4nyt, ett\u00e4 Kansainv\u00e4linen siviili-ilmailuj\u00e4rjest\u00f6 kehottaisi ilmailuviranomaisia ja lentoyhti\u00f6it\u00e4 kielt\u00e4m\u00e4\u00e4n liikenn\u00f6innin Ven\u00e4j\u00e4n ilmatilassa.<\/p>\n<p class=\"article-body mb-(--paragraph-margin-b) px-nof-16\">J\u00e4rjest\u00f6 ei voi sulkea yksitt\u00e4isen maan ilmatilaa, mutta sen p\u00e4\u00e4t\u00f6kset vaikuttavat j\u00e4senvaltioiden politiikkaan.<\/p>\n<p class=\"article-body mb-(--paragraph-margin-b) px-nof-16\">J\u00e4rjest\u00f6 antoi keskiviikkona lausunnon, jossa se kertoi havainneensa \u201dkasvaneita riskej\u00e4 siit\u00e4, ett\u00e4 siviili-ilma-alukset joutuvat kohteiksi tai ristituleen\u201d. Samalla se kehotti valtioita suojaamaan siviilikoneita entist\u00e4 paremmin konfliktialueisiin liittyvilt\u00e4 riskeilt\u00e4.<\/p>\n<p class=\"article-body mb-(--paragraph-margin-b) px-nof-16\">Zelenskyi perusteli julkisuudessa drooni-iskujen kiihdytt\u00e4mist\u00e4 Ven\u00e4j\u00e4n muuttuneella sotataktiikalla.<\/p>\n<p class=\"article-body mb-(--paragraph-margin-b) px-nof-16\">Ven\u00e4j\u00e4 on edellisen viikon aikana iskenyt l\u00e4hes taukoamatta drooneillaan ja ohjuksillaan Kiovaan sek\u00e4 Ukrainan muihin suuriin kaupunkeihin. Iskut ovat osuneet energialaitoksiin, asuintaloihin ja varastoihin.<\/p>\n<p class=\"article-body mb-(--paragraph-margin-b) px-nof-16\">L\u00e4hes joka p\u00e4iv\u00e4 uutisoidaan kymmenist\u00e4 siviiliuhreista. Varsinkin p\u00e4\u00e4kaupungissa Kiovassa iskut ja jatkuvat ilmah\u00e4lytykset ovat sotkeneet ihmisten arkea poikkeuksellisen paljon.<\/p>\n<p class=\"article-body mb-(--paragraph-margin-b) px-nof-16\">Ukraina my\u00f6s on jatkanut jo pidemp\u00e4\u00e4n iskuja syv\u00e4lle Ven\u00e4j\u00e4lle. Moskovan pormestarin <a class=\"font-bold underline-offset-[0.12em] [text-decoration:var(--person-link-text-decoration)] [text-decoration-color:var(--person-link-text-decoration-color)]!\" href=\"https:\/\/www.hs.fi\/haku\/?query=Sergei%20Sobjaninin\" rel=\"nofollow noopener\" target=\"_blank\">Sergei Sobjaninin<\/a> mukaan Ukraina l\u00e4hetti Moskovaa kohti l\u00e4hes 9\u202f000 droonia elokuussa, The Moscow Times <a class=\"underline underline-offset-[0.12em] [text-decoration-thickness:var(--generic-link-underline-thickness)] [text-decoration-color:var(--generic-link-underline-color)] [text-decoration-skip-ink:var(--generic-link-underline-skip-ink)] break-words\" href=\"https:\/\/www.themoscowtimes.com\/2026\/09\/02\/nearly-9k-ukrainian-drones-targeted-moscow-in-august-mayor-says-a93624\" rel=\"nofollow noopener\" target=\"_blank\">kertoo.<\/a><\/p>\n<p class=\"article-body mb-(--paragraph-margin-b) px-nof-16\">Iskut ovat jo aiemminkin sekoittaneet Moskovan ja muiden isojen kaupunkien lentoliikennett\u00e4.<\/p>\n<p class=\"article-body mb-(--paragraph-margin-b) px-nof-16\">Zelenskyi painotti alkuviikosta, ett\u00e4 Ukraina iskisi vain sotilaskohteisiin eik\u00e4 uhkaisi siviililiikennett\u00e4.<\/p>\n<p class=\"article-body mb-(--paragraph-margin-b) px-nof-16\">Ukrainan n\u00e4kemyksen\u00e4 on jo pidemp\u00e4\u00e4n ollut, ett\u00e4 sodan kustannusten ja riskien pit\u00e4\u00e4 ylt\u00e4\u00e4 my\u00f6s Ven\u00e4j\u00e4lle.<\/p>\n","protected":false},"excerpt":{"rendered":"Ukrainan presidentti Volodymyr Zelenskyi varoitti t\u00e4ll\u00e4 viikolla Ven\u00e4j\u00e4n ilmatilan k\u00e4yt\u00e4nn\u00f6ss\u00e4 sulkeutuvan, kun Ukraina lis\u00e4\u00e4 drooni-iskujaan maahan. \u201dTurvalliset ajat&hellip;\n","protected":false},"author":2,"featured_media":340820,"comment_status":"","ping_status":"","sticky":false,"template":"","format":"standard","meta":{"footnotes":"","_share_on_mastodon":"0"},"categories":[5],"tags":[22,23,26,27,33,31,30,17,46,24,25,28,29,15,18,21,32,19,20,16],"class_list":["post-340819","post","type-post","status-publish","format-standard","has-post-thumbnail","category-otsikot","tag-breaking-news","tag-breakingnews","tag-featured-news","tag-featurednews","tag-fi","tag-finland","tag-finnish","tag-headlines","tag-helsingin-sanomat","tag-latest-news","tag-latestnews","tag-main-news","tag-mainnews","tag-news","tag-otsikot","tag-paauutiset","tag-suomi","tag-top-stories","tag-topstories","tag-uutiset"],"share_on_mastodon":{"url":"https:\/\/pubeurope.com\/@fi\/117209833342005195","error":""},"_links":{"self":[{"href":"https:\/\/www.europesays.com\/fi\/wp-json\/wp\/v2\/posts\/340819","targetHints":{"allow":["GET"]}}],"collection":[{"href":"https:\/\/www.europesays.com\/fi\/wp-json\/wp\/v2\/posts"}],"about":[{"href":"https:\/\/www.europesays.com\/fi\/wp-json\/wp\/v2\/types\/post"}],"author":[{"embeddable":true,"href":"https:\/\/www.europesays.com\/fi\/wp-json\/wp\/v2\/users\/2"}],"replies":[{"embeddable":true,"href":"https:\/\/www.europesays.com\/fi\/wp-json\/wp\/v2\/comments?post=340819"}],"version-history":[{"count":0,"href":"https:\/\/www.europesays.com\/fi\/wp-json\/wp\/v2\/posts\/340819\/revisions"}],"wp:featuredmedia":[{"embeddable":true,"href":"https:\/\/www.europesays.com\/fi\/wp-json\/wp\/v2\/media\/340820"}],"wp:attachment":[{"href":"https:\/\/www.europesays.com\/fi\/wp-json\/wp\/v2\/media?parent=340819"}],"wp:term":[{"taxonomy":"category","embeddable":true,"href":"https:\/\/www.europesays.com\/fi\/wp-json\/wp\/v2\/categories?post=340819"},{"taxonomy":"post_tag","embeddable":true,"href":"https:\/\/www.europesays.com\/fi\/wp-json\/wp\/v2\/tags?post=340819"}],"curies":[{"name":"wp","href":"https:\/\/api.w.org\/{rel}","templated":true}]}}