{"id":340821,"date":"2026-09-04T00:01:10","date_gmt":"2026-09-04T00:01:10","guid":{"rendered":"https:\/\/www.europesays.com\/fi\/340821\/"},"modified":"2026-09-04T00:01:10","modified_gmt":"2026-09-04T00:01:10","slug":"senioriretket-kutsuvat-syyskuussa-turkulaiseen-lahiluontoon","status":"publish","type":"post","link":"https:\/\/www.europesays.com\/fi\/340821\/","title":{"rendered":"Senioriretket kutsuvat syyskuussa turkulaiseen l\u00e4hiluontoon"},"content":{"rendered":"<p>            <a href=\"https:\/\/turunseutusanomat.fi\/wp-content\/uploads\/2026\/09\/Retkikamu-Markku-Kuittinen-web-kuva-Olli-Jarvenkyla.jpg\" data-caption=\"Retkikamu Markku Kuittinen. Kuva: Olli J\u00e4rvenkyl\u00e4.\" rel=\"nofollow noopener\" target=\"_blank\"><img loading=\"lazy\" decoding=\"async\" width=\"696\" height=\"392\" class=\"entry-thumb td-modal-image lazyload\" src=\"https:\/\/www.europesays.com\/fi\/wp-content\/uploads\/2026\/09\/Retkikamu-Markku-Kuittinen-web-kuva-Olli-Jarvenkyla-696x392.jpg\"  data- alt=\"Retkikamu Markku Kuittinen. Kuva: Olli J\u00e4rvenkyl\u00e4.\" title=\"Retkikamu Markku Kuittinen web kuva Olli Jarvenkyla\" style=\"--smush-placeholder-width: 696px; --smush-placeholder-aspect-ratio: 696\/392;\"\/><\/a>Retkikamu Markku Kuittinen. Kuva: Olli J\u00e4rvenkyl\u00e4.<\/p>\n<p>Syyskuussa retkeill\u00e4\u00e4n Littoistenj\u00e4rvell\u00e4, Ravattulassa ja Ruissalossa Retkikamujen kanssa. Retkill\u00e4 tutustutaan t\u00e4ll\u00e4 kertaa Aurajoen historiallisiin kohteisiin, kiikaroidaan lintuja ja kokkaillaan retkikeittimell\u00e4. Retkikohteisiin p\u00e4\u00e4see my\u00f6s F\u00f6lill\u00e4.<\/p>\n<p>Retkikamu-toiminnan tarkoitus on tarjota eri-ik\u00e4isille ja el\u00e4m\u00e4n eri tilanteissa oleville ihmisille mahdollisuus ulkoilla ja retkeill\u00e4 turvallisesti ammattitaitoisen oppaan johdolla.<\/p>\n<p>\u2013 Matalan kynnyksen ulkoilu- ja retkitoiminta edist\u00e4\u00e4 terveellisi\u00e4 el\u00e4m\u00e4ntapoja, ehk\u00e4isee yksin\u00e4isyytt\u00e4 ja lis\u00e4\u00e4 luonnosta saatavaa hyvinvointia. Jo lyhytkin luonnossa vietetty hetki tekee hyv\u00e4\u00e4 niin mielelle kuin keholle, kertoo Retkikamu-ohjaaja <strong>Markku Kuittinen<\/strong> tiedotteessa.<\/p>\n<p>Syyskuun retket sopivat hyvin senioreille.<\/p>\n<p>\u2013 Kuljettavat matkat ovat maltillisia ja vauhti rauhallinen, Kuittinen lupaa.<\/p>\n<p>Jokaisen retken ohjelmassa on my\u00f6s perinteinen Retkikamujen luontovisa. Maksullisilla retkill\u00e4 on aina mukana kaksi ohjaajaa.<\/p>\n<p><strong>Retket k\u00e4ynnistyv\u00e4t<\/strong> linturetkell\u00e4 Littoistenj\u00e4rven lintuparatiisiin 9. syyskuuta.<\/p>\n<p>J\u00e4rvel\u00e4n kosteikolla nautitaan alkusyksyn luonnosta ja linnuista. Retkikamujen lis\u00e4ksi mukana on Birdlife Suomen retkikummi Petri Vainio Turun lintutieteellisest\u00e4 yhdistyksest\u00e4.<\/p>\n<p>Kuun puoliv\u00e4liss\u00e4 tutustutaan Aurajoen pyhiinvaellusreitteihin ja retkeill\u00e4\u00e4n Ravattulan Ristim\u00e4elle. Se on ainutlaatuinen muinaisj\u00e4\u00e4nn\u00f6skohde ja erottuu selv\u00e4sti ymp\u00e4r\u00f6iv\u00e4st\u00e4 peltomaisemasta. Ristim\u00e4ell\u00e4 sijaitsee Suomen vanhimman tunnetun kirkon j\u00e4\u00e4nn\u00f6kset.<\/p>\n<p>Syyskuun lopulla Retkikamut suuntaavat Ruissaloon katsomaan, joko ruska on v\u00e4rj\u00e4nnyt saaren puut ja pensaat. Syysp\u00e4iv\u00e4ntasauksena havainnoidaan Kasvitieteellisen puutarhan ymp\u00e4rist\u00f6\u00e4 ja seurataan, kuinka luonto valmistautuu tulevaan talveen. Retkell\u00e4 nautitaan piknik-ev\u00e4\u00e4t, jotka valmistetaan yhdess\u00e4 Trangia-retkikeittimill\u00e4.<\/p>\n<p>Retkikamut j\u00e4rjest\u00e4v\u00e4t my\u00f6s Yhteisen tulen \u00e4\u00e4rell\u00e4 -nuotiotapahtumia, retkeilyaiheisia elokuvan\u00e4yt\u00f6ksi\u00e4 ja klubi-iltoja. Lis\u00e4tietoa retkist\u00e4 ja Retkikamu-toiminnasta l\u00f6ytyy <a href=\"https:\/\/www.reppuretki.fi\/retkikamu\" rel=\"nofollow noopener\" target=\"_blank\">Reppuretken verkkosivuilta<\/a>.<\/p>\n<blockquote class=\"td_quote_box td_box_left\">\n<p>Turun Seutusanomat<\/p>\n<\/blockquote>\n","protected":false},"excerpt":{"rendered":"Retkikamu Markku Kuittinen. Kuva: Olli J\u00e4rvenkyl\u00e4. Syyskuussa retkeill\u00e4\u00e4n Littoistenj\u00e4rvell\u00e4, Ravattulassa ja Ruissalossa Retkikamujen kanssa. Retkill\u00e4 tutustutaan t\u00e4ll\u00e4 kertaa&hellip;\n","protected":false},"author":2,"featured_media":340822,"comment_status":"","ping_status":"","sticky":false,"template":"","format":"standard","meta":{"footnotes":"","_share_on_mastodon":"0"},"categories":[117],"tags":[24565,7215,33,31,30,1433,42001,563,42002,30775,72,34036,476,42003,42004,42005,42006,2542,42007,37414,118,2896,32,119,662,42008,42009,957,477],"class_list":["post-340821","post","type-post","status-publish","format-standard","has-post-thumbnail","category-luonto","tag-aurajoki","tag-birdlife-suomi","tag-fi","tag-finland","tag-finnish","tag-historia","tag-jarvelan-kosteikko","tag-liikunta","tag-linturetki","tag-littoistenjarvi","tag-luonto","tag-luontokohteet","tag-nature","tag-pyhiinvaellusreitti","tag-ravattula","tag-ravattulan-ristimaki","tag-reppuretki","tag-retkeily","tag-retkikamut","tag-ruissalo","tag-science","tag-seniorit","tag-suomi","tag-tiede","tag-turku","tag-turun-lintutieteellinen-yhdistys","tag-turun-yliopiston-kasvitieteellinen-puutarha","tag-ulkoilu","tag-wildlife"],"share_on_mastodon":{"url":"https:\/\/pubeurope.com\/@fi\/117209838037131797","error":""},"_links":{"self":[{"href":"https:\/\/www.europesays.com\/fi\/wp-json\/wp\/v2\/posts\/340821","targetHints":{"allow":["GET"]}}],"collection":[{"href":"https:\/\/www.europesays.com\/fi\/wp-json\/wp\/v2\/posts"}],"about":[{"href":"https:\/\/www.europesays.com\/fi\/wp-json\/wp\/v2\/types\/post"}],"author":[{"embeddable":true,"href":"https:\/\/www.europesays.com\/fi\/wp-json\/wp\/v2\/users\/2"}],"replies":[{"embeddable":true,"href":"https:\/\/www.europesays.com\/fi\/wp-json\/wp\/v2\/comments?post=340821"}],"version-history":[{"count":0,"href":"https:\/\/www.europesays.com\/fi\/wp-json\/wp\/v2\/posts\/340821\/revisions"}],"wp:featuredmedia":[{"embeddable":true,"href":"https:\/\/www.europesays.com\/fi\/wp-json\/wp\/v2\/media\/340822"}],"wp:attachment":[{"href":"https:\/\/www.europesays.com\/fi\/wp-json\/wp\/v2\/media?parent=340821"}],"wp:term":[{"taxonomy":"category","embeddable":true,"href":"https:\/\/www.europesays.com\/fi\/wp-json\/wp\/v2\/categories?post=340821"},{"taxonomy":"post_tag","embeddable":true,"href":"https:\/\/www.europesays.com\/fi\/wp-json\/wp\/v2\/tags?post=340821"}],"curies":[{"name":"wp","href":"https:\/\/api.w.org\/{rel}","templated":true}]}}