{"id":340831,"date":"2026-09-04T00:20:17","date_gmt":"2026-09-04T00:20:17","guid":{"rendered":"https:\/\/www.europesays.com\/fi\/340831\/"},"modified":"2026-09-04T00:20:17","modified_gmt":"2026-09-04T00:20:17","slug":"saikkua-ei-pideta-erikoisjoukoista-lahtopassit-saanut-julkkis-paljastaa-mita-tapahtui","status":"publish","type":"post","link":"https:\/\/www.europesays.com\/fi\/340831\/","title":{"rendered":"&#8221;Saikkua ei pidet\u00e4&#8221; \u2013 Erikoisjoukoista l\u00e4ht\u00f6passit saanut julkkis paljastaa, mit\u00e4 tapahtui"},"content":{"rendered":"<p> Erikoisjoukot-kokelas kirjoittaa putoamisestaan sosiaalisessa mediassa. VARO JUONIPALJASTUKSIA!<\/p>\n<p><img decoding=\"async\" class=\"image image-show image-preview\" src=\"https:\/\/www.europesays.com\/fi\/wp-content\/uploads\/2026\/09\/91a5573b58ad7fb34372093fd573dcb41539a7c3cfc795200245f3149ab11864.jpg\" alt=\"\"\/><img decoding=\"async\" class=\"image image-show\" src=\"https:\/\/www.europesays.com\/fi\/wp-content\/uploads\/2026\/09\/1788481217_211_91a5573b58ad7fb34372093fd573dcb41539a7c3cfc795200245f3149ab11864.jpg\" alt=\"\"\/><\/p>\n<p>T\u00e4ss\u00e4 ovat kaikki \u201dErikoisjoukot\u201d-ohjelman kuudennelle tuotantokaudelle valitut kokelaat. Nelonen<\/p>\n<p class=\"paragraph\">Erikoisjoukot-ohjelmasta avausjaksossa pudonnut toimittaja-juontaja <a href=\"https:\/\/www.iltalehti.fi\/henkilot\/Tom Nylund\" class=\"article-link-person-page\" rel=\"nofollow noopener\" target=\"_blank\">Tom Nylund<\/a> avaa, mit\u00e4 kriittisell\u00e4 hetkell\u00e4 tapahtui.<\/p>\n<p class=\"paragraph\">Kokelaiden teht\u00e4v\u00e4n\u00e4 oli kaatua taaksep\u00e4in veteen korkealta ja p\u00e4\u00e4 edell\u00e4. Sosiaalisessa mediassa aiheesta kirjoittava Nylund kertoo pel\u00e4nneens\u00e4 teht\u00e4v\u00e4\u00e4 jo ennakkoon.<\/p>\n<p class=\"paragraph\">\u2013 Olin katsonut aikaisempia kausia ja p\u00e4\u00e4ttelin, ett\u00e4 putoamisteht\u00e4v\u00e4 ei voi t\u00e4ll\u00e4kin kaudella tulla heti alkuun, Nylund kirjoittaa Instagramissa.<\/p>\n<p class=\"paragraph\">Yhdess\u00e4 kuvakarusellinsa kuvista Nylund n\u00e4ytt\u00e4\u00e4 kuvailevan paniikinomaista tunnelmaa, joka valtasi h\u00e4net ennen teht\u00e4v\u00e4\u00e4:<\/p>\n<p class=\"paragraph\">\u2013 Miss\u00e4 olen? Onko joku laskenut rotaation nopeuden? Onko vesivaneri 30\u00a0millimetri\u00e4 vai 40\u00a0millimetri\u00e4? Kuka t\u00e4\u00e4ll\u00e4 k\u00e4ytt\u00e4\u00e4 Gaultierin Le Male -tuoksua? Tuolla palok\u00e4rjell\u00e4 on asiaa. Palok\u00e4rki on paha enne. Miten korkea t\u00e4m\u00e4 on? Kumpi on pahempi, aivot\u00e4r\u00e4hdys vai kuurous? Onko vesivaneri maalattu? Ovatko kouluttajat laskeneet tempun fysiikan? Onko se voltti, puolitoista volttia vai puoli? T\u00e4h\u00e4nk\u00f6 t\u00e4m\u00e4 nyt p\u00e4\u00e4ttyy?<\/p>\n<p class=\"paragraph\">Nylund kertoo tienneens\u00e4, ett\u00e4 temppu ei onnistu, jos sit\u00e4 \u201dei tee sataprosenttisesti\u201d. H\u00e4n j\u00e4tti teht\u00e4v\u00e4n tekem\u00e4tt\u00e4.<\/p>\n<p class=\"paragraph\">\u2013 Ep\u00e4onnistuminen olisi tarkoittanut minun tapauksessani pysyv\u00e4\u00e4 kuulovammaa tai pahempaa. En voi olla itsek\u00e4s ja aiheuttaa sit\u00e4 perheelleni, h\u00e4n kirjoittaa.<\/p>\n<p class=\"paragraph\">\u2013 Lis\u00e4ksi olen freelancer eli saikkua ei pidet\u00e4. T\u00e4m\u00e4 on kuitenkin viihdeohjelma.<\/p>\n<p>\u201dT\u00e4m\u00e4 oli yksi kokemus, kohti uusia\u201d, kirjoittaa toimittaja-juontaja Tom Nylund Instagramissa. Nelonen<\/p>\n<p class=\"paragraph\">Erikoisjoukoissa kilpaileva personal trainer <strong>Juha Mentula<\/strong> osoittaa Nylundille tukeaan julkaisun kommenttikent\u00e4ss\u00e4.<\/p>\n<p class=\"paragraph\">\u2013 Syyt j\u00e4tt\u00e4\u00e4 teht\u00e4v\u00e4 v\u00e4liin olivat t\u00e4ysin oikeat, Tom. Ei sit\u00e4 tarvitse sen enemp\u00e4\u00e4 selitell\u00e4, Mentula kirjoittaa.<\/p>\n<p class=\"paragraph\">\u2013 Harmi, ett\u00e4 ei p\u00e4\u00e4sty pidemp\u00e4\u00e4n heitt\u00e4m\u00e4\u00e4n vitsi\u00e4 leirill\u00e4.<\/p>\n<p class=\"paragraph\">Jos alla oleva upotus ei n\u00e4y, voit katsoa sen <a href=\"https:\/\/www.instagram.com\/p\/Dc1j5jrjRnu\/?img_index=1\" target=\"_blank\" rel=\"noopener nofollow\">painamalla t\u00e4st\u00e4<\/a>.<\/p>\n<p><script async src=\"\/\/www.instagram.com\/embed.js\"><\/script><\/p>\n","protected":false},"excerpt":{"rendered":"Erikoisjoukot-kokelas kirjoittaa putoamisestaan sosiaalisessa mediassa. VARO JUONIPALJASTUKSIA! T\u00e4ss\u00e4 ovat kaikki \u201dErikoisjoukot\u201d-ohjelman kuudennelle tuotantokaudelle valitut kokelaat. Nelonen Erikoisjoukot-ohjelmasta avausjaksossa&hellip;\n","protected":false},"author":2,"featured_media":340832,"comment_status":"","ping_status":"","sticky":false,"template":"","format":"standard","meta":{"footnotes":"","_share_on_mastodon":"0"},"categories":[130],"tags":[35,137,33,31,30,1511,1616,979,32,140,139,109],"class_list":["post-340831","post","type-post","status-publish","format-standard","has-post-thumbnail","category-viihde","tag-24h","tag-entertainment","tag-fi","tag-finland","tag-finnish","tag-joukkoviestinta","tag-media-viestinta","tag-sahkoinen-media","tag-suomi","tag-tv-ja-elokuvat","tag-tv-ohjelmat","tag-viihde"],"share_on_mastodon":{"url":"https:\/\/pubeurope.com\/@fi\/117209912472975403","error":""},"_links":{"self":[{"href":"https:\/\/www.europesays.com\/fi\/wp-json\/wp\/v2\/posts\/340831","targetHints":{"allow":["GET"]}}],"collection":[{"href":"https:\/\/www.europesays.com\/fi\/wp-json\/wp\/v2\/posts"}],"about":[{"href":"https:\/\/www.europesays.com\/fi\/wp-json\/wp\/v2\/types\/post"}],"author":[{"embeddable":true,"href":"https:\/\/www.europesays.com\/fi\/wp-json\/wp\/v2\/users\/2"}],"replies":[{"embeddable":true,"href":"https:\/\/www.europesays.com\/fi\/wp-json\/wp\/v2\/comments?post=340831"}],"version-history":[{"count":0,"href":"https:\/\/www.europesays.com\/fi\/wp-json\/wp\/v2\/posts\/340831\/revisions"}],"wp:featuredmedia":[{"embeddable":true,"href":"https:\/\/www.europesays.com\/fi\/wp-json\/wp\/v2\/media\/340832"}],"wp:attachment":[{"href":"https:\/\/www.europesays.com\/fi\/wp-json\/wp\/v2\/media?parent=340831"}],"wp:term":[{"taxonomy":"category","embeddable":true,"href":"https:\/\/www.europesays.com\/fi\/wp-json\/wp\/v2\/categories?post=340831"},{"taxonomy":"post_tag","embeddable":true,"href":"https:\/\/www.europesays.com\/fi\/wp-json\/wp\/v2\/tags?post=340831"}],"curies":[{"name":"wp","href":"https:\/\/api.w.org\/{rel}","templated":true}]}}