{"id":340837,"date":"2026-09-04T00:25:10","date_gmt":"2026-09-04T00:25:10","guid":{"rendered":"https:\/\/www.europesays.com\/fi\/340837\/"},"modified":"2026-09-04T00:25:10","modified_gmt":"2026-09-04T00:25:10","slug":"alands-radio-venajan-kansalainen-osti-kiinteiston-ahvenanmaalta","status":"publish","type":"post","link":"https:\/\/www.europesays.com\/fi\/340837\/","title":{"rendered":"\u00c5lands Radio: Ven\u00e4j\u00e4n kansalainen osti kiinteist\u00f6n Ahvenanmaalta"},"content":{"rendered":"<p>Vierasvenesataman uusi omistaja ei halunnut kommentoida asiaa.<\/p>\n<p>3.9. 21:06<\/p>\n<p class=\"article-body mb-(--paragraph-margin-b) px-nof-16\">Ven\u00e4j\u00e4n kansalainen on ostanut Ahvenanmaalla K\u00f6karissa sijaitsevan vierasvenesatama Sandvik H\u00e4llor AB:n, kertoo <a class=\"underline underline-offset-[0.12em] [text-decoration-thickness:var(--generic-link-underline-thickness)] [text-decoration-color:var(--generic-link-underline-color)] [text-decoration-skip-ink:var(--generic-link-underline-skip-ink)] break-words\" href=\"https:\/\/alandsradio.ax\/nyheter\/rysk-medborgare-kopte-gasthamn-pa-kokar-styrelseledamot-har-kontakter-med-band-till-kreml\" rel=\"nofollow noopener\" target=\"_blank\">\u00c5lands Radio<\/a>. Sen mukaan <a class=\"font-bold underline-offset-[0.12em] [text-decoration:var(--person-link-text-decoration)] [text-decoration-color:var(--person-link-text-decoration-color)]!\" href=\"https:\/\/www.is.fi\/haku\/?query=Anton%20Weg\" rel=\"nofollow noopener\" target=\"_blank\">Anton Weg<\/a> \u2013 aiemmalta sukunimelt\u00e4\u00e4n Kudrjavtsev \u2013 osti sataman toukokuussa. Weg on Suomen ja Ven\u00e4j\u00e4n kaksoiskansalainen.<\/p>\n<p class=\"article-body mb-(--paragraph-margin-b) px-nof-16\">Wegin lis\u00e4ksi Sandvik H\u00e4llor AB:n hallituksessa on kaksi k\u00f6karilaista. \u00c5lands Radion mukaan heist\u00e4 toisella, <a class=\"font-bold underline-offset-[0.12em] [text-decoration:var(--person-link-text-decoration)] [text-decoration-color:var(--person-link-text-decoration-color)]!\" href=\"https:\/\/www.is.fi\/haku\/?query=Oskar%20Karlstr%C3%B6mill%C3%A4\" rel=\"nofollow noopener\" target=\"_blank\">Oskar Karlstr\u00f6mill\u00e4<\/a>, on ollut yhteys ven\u00e4l\u00e4iseen <a class=\"font-bold underline-offset-[0.12em] [text-decoration:var(--person-link-text-decoration)] [text-decoration-color:var(--person-link-text-decoration-color)]!\" href=\"https:\/\/www.is.fi\/haku\/?query=Jevgeni%20Vasil\" rel=\"nofollow noopener\" target=\"_blank\">Jevgeni Vasil<\/a><a class=\"font-bold underline-offset-[0.12em] [text-decoration:var(--person-link-text-decoration)] [text-decoration-color:var(--person-link-text-decoration-color)]!\" href=\"https:\/\/www.is.fi\/haku\/?query=eviin\" rel=\"nofollow noopener\" target=\"_blank\">eviin<\/a>. Vasilev kertoo olevansa t\u00f6iss\u00e4 CPAIS-ajatushautomossa.<\/p>\n<p class=\"article-body mb-(--paragraph-margin-b) px-nof-16\">Ulkopoliittisen instituutin vanhempi tutkija <a class=\"font-bold underline-offset-[0.12em] [text-decoration:var(--person-link-text-decoration)] [text-decoration-color:var(--person-link-text-decoration-color)]!\" href=\"https:\/\/www.is.fi\/haku\/?query=Margarita%20Zavadskaya\" rel=\"nofollow noopener\" target=\"_blank\">Margarita Zavadskaya<\/a> arvioi, ett\u00e4 ajatushautomolla on eritt\u00e4in l\u00e4heiset suhteet Kremliin.<\/p>\n<p class=\"article-body mb-(--paragraph-margin-b) px-nof-16\">\u00c5lands Radion mukaan Rajavartiolaitos on tietoinen Sandvikin uudesta omistajasta. Rajavartiolaitoksella ei ole kuitenkaan syyt\u00e4 ep\u00e4ill\u00e4, ett\u00e4 siell\u00e4 olisi tekeill\u00e4\u00e4n mit\u00e4\u00e4n laitonta.<\/p>\n<p class=\"article-body mb-(--paragraph-margin-b) px-nof-16\">Anton Weg ei halunnut kommentoida asiaa \u00c5lands Radiolle.<\/p>\n<p class=\"article-body mb-(--paragraph-margin-b) px-nof-16\">Eduskunta hyv\u00e4ksyi viime vuonna <a class=\"underline underline-offset-[0.12em] [text-decoration-thickness:var(--generic-link-underline-thickness)] [text-decoration-color:var(--generic-link-underline-color)] [text-decoration-skip-ink:var(--generic-link-underline-skip-ink)] break-words\" href=\"https:\/\/www.is.fi\/politiikka\/art-2000011164385.html\" rel=\"nofollow noopener\" target=\"_blank\">lain <\/a>ven\u00e4l\u00e4isten kiinteist\u00f6hankintojen kiellosta. Ahvenanmaalla kielto ei ole kuitenkaan voimassa, vaan siell\u00e4 noudatetaan omaa maanhankintalains\u00e4\u00e4d\u00e4nt\u00f6\u00e4.<\/p>\n<p class=\"article-body mb-(--paragraph-margin-b) px-nof-16\">Kielto ei koske my\u00f6sk\u00e4\u00e4n kaksoiskansalaisia, jollainen Anton Weg on.<\/p>\n<p class=\"article-body mb-(--paragraph-margin-b) px-nof-16\">Lain perusteella ministeri\u00f6 voi est\u00e4\u00e4 kiinteist\u00f6kaupat sellaisten valtioiden kansalaisilta, jotka ovat syyllistyneet hy\u00f6kk\u00e4yssotaan tai voivat aiheuttaa uhkaa Suomen kansalliselle turvallisuudelle. Kielto koskee ven\u00e4l\u00e4isi\u00e4 ja valkoven\u00e4l\u00e4isi\u00e4.<\/p>\n<p class=\"article-body mb-(--paragraph-margin-b) px-nof-16\">Suomi on hyl\u00e4nnyt lain voimaan astumisen j\u00e4lkeen lukuisia kiinteist\u00f6kauppoja, joissa ostaja olisi ollut EU- ja ETA-maiden ulkopuolinen kansalainen.<\/p>\n","protected":false},"excerpt":{"rendered":"Vierasvenesataman uusi omistaja ei halunnut kommentoida asiaa. 3.9. 21:06 Ven\u00e4j\u00e4n kansalainen on ostanut Ahvenanmaalla K\u00f6karissa sijaitsevan vierasvenesatama Sandvik&hellip;\n","protected":false},"author":2,"featured_media":340838,"comment_status":"","ping_status":"","sticky":false,"template":"","format":"standard","meta":{"footnotes":"","_share_on_mastodon":"0"},"categories":[12],"tags":[22,23,26,27,33,31,30,17,34,24,25,28,29,15,18,21,32,19,20,16],"class_list":["post-340837","post","type-post","status-publish","format-standard","has-post-thumbnail","category-suomi","tag-breaking-news","tag-breakingnews","tag-featured-news","tag-featurednews","tag-fi","tag-finland","tag-finnish","tag-headlines","tag-ilta-sanomat","tag-latest-news","tag-latestnews","tag-main-news","tag-mainnews","tag-news","tag-otsikot","tag-paauutiset","tag-suomi","tag-top-stories","tag-topstories","tag-uutiset"],"share_on_mastodon":{"url":"https:\/\/pubeurope.com\/@fi\/117209931723717026","error":""},"_links":{"self":[{"href":"https:\/\/www.europesays.com\/fi\/wp-json\/wp\/v2\/posts\/340837","targetHints":{"allow":["GET"]}}],"collection":[{"href":"https:\/\/www.europesays.com\/fi\/wp-json\/wp\/v2\/posts"}],"about":[{"href":"https:\/\/www.europesays.com\/fi\/wp-json\/wp\/v2\/types\/post"}],"author":[{"embeddable":true,"href":"https:\/\/www.europesays.com\/fi\/wp-json\/wp\/v2\/users\/2"}],"replies":[{"embeddable":true,"href":"https:\/\/www.europesays.com\/fi\/wp-json\/wp\/v2\/comments?post=340837"}],"version-history":[{"count":0,"href":"https:\/\/www.europesays.com\/fi\/wp-json\/wp\/v2\/posts\/340837\/revisions"}],"wp:featuredmedia":[{"embeddable":true,"href":"https:\/\/www.europesays.com\/fi\/wp-json\/wp\/v2\/media\/340838"}],"wp:attachment":[{"href":"https:\/\/www.europesays.com\/fi\/wp-json\/wp\/v2\/media?parent=340837"}],"wp:term":[{"taxonomy":"category","embeddable":true,"href":"https:\/\/www.europesays.com\/fi\/wp-json\/wp\/v2\/categories?post=340837"},{"taxonomy":"post_tag","embeddable":true,"href":"https:\/\/www.europesays.com\/fi\/wp-json\/wp\/v2\/tags?post=340837"}],"curies":[{"name":"wp","href":"https:\/\/api.w.org\/{rel}","templated":true}]}}