{"id":340839,"date":"2026-09-04T00:26:18","date_gmt":"2026-09-04T00:26:18","guid":{"rendered":"https:\/\/www.europesays.com\/fi\/340839\/"},"modified":"2026-09-04T00:26:18","modified_gmt":"2026-09-04T00:26:18","slug":"mtv-huuhkajat-ikoni-fc-lahden-paavalmentajaksi","status":"publish","type":"post","link":"https:\/\/www.europesays.com\/fi\/340839\/","title":{"rendered":"MTV: Huuhkajat-ikoni FC Lahden p\u00e4\u00e4valmentajaksi"},"content":{"rendered":"<p>Teemu Tainio siirtyy ensi kaudeksi FC Lahden p\u00e4\u00e4valmentajaksi, uutisoi MTV.<\/p>\n<p><img decoding=\"async\" class=\"image image-show image-preview\" src=\"https:\/\/www.europesays.com\/fi\/wp-content\/uploads\/2026\/09\/814cfb250f396b16fed4bee23b790bf0849e1c63aed5fbe50233b7310ad95502.jpg\" alt=\"\"\/><img decoding=\"async\" class=\"image image-show\" src=\"https:\/\/www.europesays.com\/fi\/wp-content\/uploads\/2026\/09\/1788481578_223_814cfb250f396b16fed4bee23b790bf0849e1c63aed5fbe50233b7310ad95502.jpg\" alt=\"\"\/><\/p>\n<p>Teemu Tainio siirtyy Lahteen. AOP<\/p>\n<p class=\"paragraph\">Veikkausliigaseura FC Lahden p\u00e4\u00e4valmentaja vaihtuu, <a href=\"https:\/\/www.mtvuutiset.fi\/artikkeli\/huuhkajat-ikoni-on-fc-lahden-uusi-paavalmentaja\/9387652\" rel=\"noopener nofollow\" target=\"_blank\">uutisoi MTV<\/a>. Ensi kaudesta alkaen seuran per\u00e4simeen hypp\u00e4\u00e4 entinen Suomen maajoukkueen t\u00e4hti <strong>Teemu Tainio<\/strong>.<\/p>\n<p class=\"paragraph\">Seura <a href=\"https:\/\/www.fclahti.fi\/uutiset\/fc-lahden-ja-goncalo-pereiran-yhteistyo-paattyy-kauden-2026-jalkeen\/?_gl=1*jfw86x*_up*MQ..*_ga*MTYxNDc2NjU3My4xNzg4NDU3OTky*_ga_9N3DJQ5P4X*czE3ODg0NTc5OTEkbzEkZzAkdDE3ODg0NTc5OTEkajYwJGwwJGgw\" rel=\"noopener nofollow\" target=\"_blank\">kertoi torstaina<\/a>, ettei nykyinen p\u00e4\u00e4valmentaja <strong>Gon\u00e7alo Pereira<\/strong> jatka teht\u00e4v\u00e4ss\u00e4\u00e4n kuluvan kauden p\u00e4\u00e4tteeksi. Pereiran valmentajasopimuksessa oli optio jatkosta, jota ei k\u00e4ytetty.<\/p>\n<p class=\"paragraph\">Urallaan 64 A-maaottelua pelannut Tainio on ty\u00f6skennellyt viimeksi Viron p\u00e4\u00e4sarjajoukkueen Tallinna Kalevin p\u00e4\u00e4valmentajana. H\u00e4nell\u00e4 on kokemusta my\u00f6s Suomen maajoukkueen apuvalmentajan teht\u00e4vist\u00e4. Veikkausliigassa Tainio n\u00e4htiin FC Hakan per\u00e4simess\u00e4.<\/p>\n<p class=\"paragraph\">Kuluvaksi kaudeksi Veikkausliigaan palannut FC Lahti sijoittui runkosarjassa seitsem\u00e4nneksi.<\/p>\n","protected":false},"excerpt":{"rendered":"Teemu Tainio siirtyy ensi kaudeksi FC Lahden p\u00e4\u00e4valmentajaksi, uutisoi MTV. Teemu Tainio siirtyy Lahteen. AOP Veikkausliigaseura FC Lahden&hellip;\n","protected":false},"author":2,"featured_media":340840,"comment_status":"","ping_status":"","sticky":false,"template":"","format":"standard","meta":{"footnotes":"","_share_on_mastodon":"0"},"categories":[5],"tags":[35,22,23,26,27,33,31,30,17,43,42,24,25,41,28,29,15,18,21,44,32,19,20,161,16],"class_list":["post-340839","post","type-post","status-publish","format-standard","has-post-thumbnail","category-otsikot","tag-24h","tag-breaking-news","tag-breakingnews","tag-featured-news","tag-featurednews","tag-fi","tag-finland","tag-finnish","tag-headlines","tag-jalkapallo","tag-jalkapalloon-perustuvat-lajit","tag-latest-news","tag-latestnews","tag-liikunta-ja-urheilu","tag-main-news","tag-mainnews","tag-news","tag-otsikot","tag-paauutiset","tag-suomen-jalkapallo","tag-suomi","tag-top-stories","tag-topstories","tag-urheilutapahtumat","tag-uutiset"],"share_on_mastodon":{"url":"https:\/\/pubeurope.com\/@fi\/117209936392242452","error":""},"_links":{"self":[{"href":"https:\/\/www.europesays.com\/fi\/wp-json\/wp\/v2\/posts\/340839","targetHints":{"allow":["GET"]}}],"collection":[{"href":"https:\/\/www.europesays.com\/fi\/wp-json\/wp\/v2\/posts"}],"about":[{"href":"https:\/\/www.europesays.com\/fi\/wp-json\/wp\/v2\/types\/post"}],"author":[{"embeddable":true,"href":"https:\/\/www.europesays.com\/fi\/wp-json\/wp\/v2\/users\/2"}],"replies":[{"embeddable":true,"href":"https:\/\/www.europesays.com\/fi\/wp-json\/wp\/v2\/comments?post=340839"}],"version-history":[{"count":0,"href":"https:\/\/www.europesays.com\/fi\/wp-json\/wp\/v2\/posts\/340839\/revisions"}],"wp:featuredmedia":[{"embeddable":true,"href":"https:\/\/www.europesays.com\/fi\/wp-json\/wp\/v2\/media\/340840"}],"wp:attachment":[{"href":"https:\/\/www.europesays.com\/fi\/wp-json\/wp\/v2\/media?parent=340839"}],"wp:term":[{"taxonomy":"category","embeddable":true,"href":"https:\/\/www.europesays.com\/fi\/wp-json\/wp\/v2\/categories?post=340839"},{"taxonomy":"post_tag","embeddable":true,"href":"https:\/\/www.europesays.com\/fi\/wp-json\/wp\/v2\/tags?post=340839"}],"curies":[{"name":"wp","href":"https:\/\/api.w.org\/{rel}","templated":true}]}}