{"id":340853,"date":"2026-09-04T00:47:13","date_gmt":"2026-09-04T00:47:13","guid":{"rendered":"https:\/\/www.europesays.com\/fi\/340853\/"},"modified":"2026-09-04T00:47:13","modified_gmt":"2026-09-04T00:47:13","slug":"lapsipornokohussa-ryvettynyt-nayttelija-kuoli-uutissuomalainen","status":"publish","type":"post","link":"https:\/\/www.europesays.com\/fi\/340853\/","title":{"rendered":"Lapsipornokohussa ryvettynyt n\u00e4yttelij\u00e4 kuoli | Uutissuomalainen"},"content":{"rendered":"<p>Brittil\u00e4inen n\u00e4yttelij\u00e4 ja k\u00e4sikirjoittaja <strong>Chris Langham<\/strong> on kuollut 77-vuotiaana.<\/p>\n<p><a href=\"https:\/\/www.thetimes.com\/uk\/obituaries\/article\/chris-langham-obituary-dlxgwczdl\" rel=\"nofollow noopener\" target=\"_blank\">The Times<\/a> on julkaissut Langhamin muistokirjoituksen, jonka mukaan h\u00e4n menehtyi haimasy\u00f6p\u00e4\u00e4n 24. kes\u00e4kuuta.<\/p>\n<p>Uransa alkuvaiheessa 1970-luvulla h\u00e4n n\u00e4ytteli muun muassa sketsisarjassa Ei yhdeks\u00e4n uutiset, jossa n\u00e4ytteliv\u00e4t my\u00f6s Mr. Beanina tunnettu <strong>Rowan Atkinson<\/strong>, <strong>Mel Smith<\/strong>, <strong>Griff Rhys Jones<\/strong> ja <strong>Pamela Stephenson<\/strong>.<\/p>\n<p>Langhamin tunnetuin rooli lienee vuonna 2005 alkaneessa satiirisarjassa Politiikan nappula, jossa h\u00e4n n\u00e4ytteli ministeri Hugh Abbotia. Langham voitti roolistaan Bafta-palkinnon.<\/p>\n<p>Vain p\u00e4ivi\u00e4 Bafta-voiton j\u00e4lkeen Langhamin ura t\u00f6rm\u00e4si sein\u00e4\u00e4n. H\u00e4n sai syytteen lapsiin kohdistuvan seksuaalisen hyv\u00e4ksik\u00e4ytt\u00f6materiaalin lataamisesta. Langham v\u00e4itti ladanneensa materiaalin tutkimustarkoituksessa kirjoittaessaan psykoterapiaa k\u00e4sittelev\u00e4\u00e4 komediaa.<\/p>\n<p>Vuonna 2007 h\u00e4net tuomittiin kymmeneksi kuukaudeksi vankilaan. Tuomio lyheni my\u00f6hemmin kuudeksi kuukaudeksi.<\/p>\n<p>Vankeustuomionsa j\u00e4lkeen h\u00e4n teki viel\u00e4 muutamia yksitt\u00e4isi\u00e4 rooleja.<\/p>\n<p>Asiasta kertoo my\u00f6s <a href=\"https:\/\/www.independent.co.uk\/arts-entertainment\/tv\/news\/chris-langham-death-thick-of-it-b3044138.html\" rel=\"nofollow noopener\" target=\"_blank\">The Independent<\/a>.<\/p>\n","protected":false},"excerpt":{"rendered":"Brittil\u00e4inen n\u00e4yttelij\u00e4 ja k\u00e4sikirjoittaja Chris Langham on kuollut 77-vuotiaana. The Times on julkaissut Langhamin muistokirjoituksen, jonka mukaan h\u00e4n&hellip;\n","protected":false},"author":2,"featured_media":340854,"comment_status":"","ping_status":"","sticky":false,"template":"","format":"standard","meta":{"footnotes":"","_share_on_mastodon":"0"},"categories":[130],"tags":[152,155,137,33,31,30,2455,683,622,154,32,15051,140,156,109],"class_list":["post-340853","post","type-post","status-publish","format-standard","has-post-thumbnail","category-viihde","tag-elokuva-ja-tv-nayttelijat","tag-elokuvat","tag-entertainment","tag-fi","tag-finland","tag-finnish","tag-hengenvaara-ja-loukkaantuminen","tag-kuolema","tag-nayttelijat","tag-nayttelijat-teatteri","tag-suomi","tag-the-independent","tag-tv-ja-elokuvat","tag-tv","tag-viihde"],"share_on_mastodon":{"url":"https:\/\/pubeurope.com\/@fi\/117210018358929317","error":""},"_links":{"self":[{"href":"https:\/\/www.europesays.com\/fi\/wp-json\/wp\/v2\/posts\/340853","targetHints":{"allow":["GET"]}}],"collection":[{"href":"https:\/\/www.europesays.com\/fi\/wp-json\/wp\/v2\/posts"}],"about":[{"href":"https:\/\/www.europesays.com\/fi\/wp-json\/wp\/v2\/types\/post"}],"author":[{"embeddable":true,"href":"https:\/\/www.europesays.com\/fi\/wp-json\/wp\/v2\/users\/2"}],"replies":[{"embeddable":true,"href":"https:\/\/www.europesays.com\/fi\/wp-json\/wp\/v2\/comments?post=340853"}],"version-history":[{"count":0,"href":"https:\/\/www.europesays.com\/fi\/wp-json\/wp\/v2\/posts\/340853\/revisions"}],"wp:featuredmedia":[{"embeddable":true,"href":"https:\/\/www.europesays.com\/fi\/wp-json\/wp\/v2\/media\/340854"}],"wp:attachment":[{"href":"https:\/\/www.europesays.com\/fi\/wp-json\/wp\/v2\/media?parent=340853"}],"wp:term":[{"taxonomy":"category","embeddable":true,"href":"https:\/\/www.europesays.com\/fi\/wp-json\/wp\/v2\/categories?post=340853"},{"taxonomy":"post_tag","embeddable":true,"href":"https:\/\/www.europesays.com\/fi\/wp-json\/wp\/v2\/tags?post=340853"}],"curies":[{"name":"wp","href":"https:\/\/api.w.org\/{rel}","templated":true}]}}