{"id":340857,"date":"2026-09-04T00:51:12","date_gmt":"2026-09-04T00:51:12","guid":{"rendered":"https:\/\/www.europesays.com\/fi\/340857\/"},"modified":"2026-09-04T00:51:12","modified_gmt":"2026-09-04T00:51:12","slug":"yhdysvalloissa-syytteet-maahanmuuttoviranomaisten-ice-agenttia-vastaan-kertoo-cnn-uutisia-lyhyesti","status":"publish","type":"post","link":"https:\/\/www.europesays.com\/fi\/340857\/","title":{"rendered":"Yhdysvalloissa syytteet maahanmuutto\u00adviranomaisten ICE-agenttia vastaan, kertoo CNN | Uutisia lyhyesti"},"content":{"rendered":"<p class=\"aw__sc-1qwuw0s-0 aw__sc-1vg2sqm-0 epAWpq ecELkD yle__article__paragraph\">Minnesotan paikalliset syytt\u00e4j\u00e4t olivat jo aiemmin t\u00e4n\u00e4 vuonna nostaneet miest\u00e4 vastaan syytteet t\u00f6rke\u00e4st\u00e4 pahoinpitelyst\u00e4 ja v\u00e4\u00e4r\u00e4n ilmoituksen tekemisest\u00e4.<\/p>\n<p><img decoding=\"async\" alt=\"Mielenosoittajat kokoontuvat kadulle kylttien kanssa; esill\u00e4 tekstit &quot;PROTESTING ICE IS NOT A CRIME!&quot; ja &quot;TRUMP IS THE REAL MURDERER...&quot;\" src=\"https:\/\/www.europesays.com\/fi\/wp-content\/uploads\/2026\/09\/1788459667.jpeg\" class=\"aw__sc-dklauk-0 LPzKX\"\/><\/p>\n<p>Avaa kuvien katselu<\/p>\n<p>Mielenosoittajat kokoontuivat liittovaltion rakennuksen eteen Minneapolisissa Minnesotassa 24. tammikuuta 2026. Kuva: Jon Putman \/ AOP<\/p>\n<p>3.9. 21:04\u2022P\u00e4ivitetty 3.9. 21:09<\/p>\n<p class=\"aw__sc-1qwuw0s-0 aw__sc-ngllmo-0 epAWpq fzYpjk yle__article__paragraph\">Liittovaltio on nostanut yht\u00e4 Yhdysvaltain maahanmuuttoviranomaisten ICE-agenttia vastaan syytteet, <a class=\"aw__sc-ngllmo-1 bTDnwX yle__article__link\" href=\"https:\/\/edition.cnn.com\/2026\/09\/03\/politics\/ice-officer-christian-castro-federal-charges\" role=\"link\" rel=\"nofollow noopener\" target=\"_blank\">kertoo CNN<\/a>.<\/p>\n<p class=\"aw__sc-1qwuw0s-0 aw__sc-ngllmo-0 epAWpq fzYpjk yle__article__paragraph\">Agenttia syytet\u00e4\u00e4n siit\u00e4, ett\u00e4 h\u00e4n valehteli tapahtumista, jotka johtivat siihen, ett\u00e4 <a class=\"aw__sc-ngllmo-1 bTDnwX yle__article__link\" href=\"https:\/\/yle.fi\/a\/74-20204421\" role=\"link\" rel=\"nofollow noopener\" target=\"_blank\">h\u00e4n ampui venezuelalaista maahanmuuttajaa jalkaan Minneapolisissa <\/a>tammikuussa. Asiasta kertovat useat tapauksen tuntevat l\u00e4hteet.<\/p>\n<p class=\"aw__sc-1qwuw0s-0 aw__sc-ngllmo-0 epAWpq fzYpjk yle__article__paragraph\">T\u00e4m\u00e4 on ensimm\u00e4inen kerta, kun Yhdysvaltain oikeusministeri\u00f6 syytt\u00e4\u00e4 virkamiest\u00e4 virkatoimien aikana tapahtuneesta rikoksesta, joka on sattunut paljon julkisuutta saaneissa viranomaisten operaatioissa.<\/p>\n<p class=\"aw__sc-1qwuw0s-0 aw__sc-ngllmo-0 epAWpq fzYpjk yle__article__paragraph\">Minnesotan paikalliset syytt\u00e4j\u00e4t olivat jo aiemmin t\u00e4n\u00e4 vuonna nostaneet miest\u00e4 vastaan syytteet t\u00f6rke\u00e4st\u00e4 pahoinpitelyst\u00e4 ja v\u00e4\u00e4r\u00e4n ilmoituksen tekemisest\u00e4.<\/p>\n<p class=\"aw__sc-1qwuw0s-0 aw__sc-ngllmo-0 epAWpq fzYpjk yle__article__paragraph\">V\u00e4likohtaus tapahtui viikko sen j\u00e4lkeen, kun ICE:n agentti ampui kuoliaaksi 37-vuotiaan <strong class=\"aw__sc-ngllmo-2 gdRrun yle__article__strong\">Renee Goodin<\/strong> samassa kaupungissa.<\/p>\n<p class=\"aw__sc-1qwuw0s-0 aw__sc-ngllmo-0 epAWpq fzYpjk yle__article__paragraph\"><a class=\"aw__sc-ngllmo-1 bTDnwX yle__article__link\" href=\"https:\/\/yle.fi\/a\/74-20203524\" role=\"link\" rel=\"nofollow noopener\" target=\"_blank\">Good nousi kuolemansa j\u00e4lkeen hahmoksi<\/a>, joka yhdisti liittovaltion maahanmuuttoviranomaisten vallank\u00e4ytt\u00f6\u00e4 vastustavia mielenosoittajia useissa kaupungeissa.<\/p>\n","protected":false},"excerpt":{"rendered":"Minnesotan paikalliset syytt\u00e4j\u00e4t olivat jo aiemmin t\u00e4n\u00e4 vuonna nostaneet miest\u00e4 vastaan syytteet t\u00f6rke\u00e4st\u00e4 pahoinpitelyst\u00e4 ja v\u00e4\u00e4r\u00e4n ilmoituksen tekemisest\u00e4.&hellip;\n","protected":false},"author":2,"featured_media":340858,"comment_status":"","ping_status":"","sticky":false,"template":"","format":"standard","meta":{"footnotes":"","_share_on_mastodon":"0"},"categories":[14],"tags":[22,23,2617,26,27,33,31,30,17,24,25,8115,28,29,15,18,21,2944,32,19,20,56,16,40,37,4645,59,60,61,619,10136],"class_list":["post-340857","post","type-post","status-publish","format-standard","has-post-thumbnail","category-ulkomaat","tag-breaking-news","tag-breakingnews","tag-cnn","tag-featured-news","tag-featurednews","tag-fi","tag-finland","tag-finnish","tag-headlines","tag-latest-news","tag-latestnews","tag-maahanmuuttajat","tag-main-news","tag-mainnews","tag-news","tag-otsikot","tag-paauutiset","tag-pahoinpitely","tag-suomi","tag-top-stories","tag-topstories","tag-ulkomaat","tag-uutiset","tag-vakivalta","tag-vakivaltarikokset","tag-viranomaiset","tag-world","tag-world-news","tag-worldnews","tag-yhdysvallat","tag-yhdysvaltain-oikeusministerio"],"share_on_mastodon":{"url":"https:\/\/pubeurope.com\/@fi\/117210034550095875","error":""},"_links":{"self":[{"href":"https:\/\/www.europesays.com\/fi\/wp-json\/wp\/v2\/posts\/340857","targetHints":{"allow":["GET"]}}],"collection":[{"href":"https:\/\/www.europesays.com\/fi\/wp-json\/wp\/v2\/posts"}],"about":[{"href":"https:\/\/www.europesays.com\/fi\/wp-json\/wp\/v2\/types\/post"}],"author":[{"embeddable":true,"href":"https:\/\/www.europesays.com\/fi\/wp-json\/wp\/v2\/users\/2"}],"replies":[{"embeddable":true,"href":"https:\/\/www.europesays.com\/fi\/wp-json\/wp\/v2\/comments?post=340857"}],"version-history":[{"count":0,"href":"https:\/\/www.europesays.com\/fi\/wp-json\/wp\/v2\/posts\/340857\/revisions"}],"wp:featuredmedia":[{"embeddable":true,"href":"https:\/\/www.europesays.com\/fi\/wp-json\/wp\/v2\/media\/340858"}],"wp:attachment":[{"href":"https:\/\/www.europesays.com\/fi\/wp-json\/wp\/v2\/media?parent=340857"}],"wp:term":[{"taxonomy":"category","embeddable":true,"href":"https:\/\/www.europesays.com\/fi\/wp-json\/wp\/v2\/categories?post=340857"},{"taxonomy":"post_tag","embeddable":true,"href":"https:\/\/www.europesays.com\/fi\/wp-json\/wp\/v2\/tags?post=340857"}],"curies":[{"name":"wp","href":"https:\/\/api.w.org\/{rel}","templated":true}]}}