{"id":340861,"date":"2026-09-04T00:53:11","date_gmt":"2026-09-04T00:53:11","guid":{"rendered":"https:\/\/www.europesays.com\/fi\/340861\/"},"modified":"2026-09-04T00:53:11","modified_gmt":"2026-09-04T00:53:11","slug":"julkkis-sai-lahtopassit-erikoisjoukoista-kova-kuittaus-kouluttajille-iltalehti","status":"publish","type":"post","link":"https:\/\/www.europesays.com\/fi\/340861\/","title":{"rendered":"Julkkis sai l\u00e4ht\u00f6passit Erikoisjoukoista \u2013 Kova kuittaus kouluttajille &#8211; Iltalehti"},"content":{"rendered":"<ol>\n<li><a href=\"https:\/\/news.google.com\/rss\/articles\/CBMiggFBVV95cUxPTWdaUVlzc3VBalJBUWpmRkN6c3JqQXBZUml0NjZjZGR0RHF2bE1RRXp0VmZnakhLLUE4aVZrWE4xVXE2SG0xLV9Pam83bXNxSFpmbzEtaHJGNU1SRTVfeTlXUENKaEttX1FkVWREZzlsdXdnMUlNd29vdTJwUVJUcVNn?oc=5\" target=\"_blank\" rel=\"nofollow noopener\">Julkkis sai l\u00e4ht\u00f6passit Erikoisjoukoista \u2013 Kova kuittaus kouluttajille<\/a>&nbsp;&nbsp;Iltalehti<\/li>\n<li><a href=\"https:\/\/news.google.com\/rss\/articles\/CBMiW0FVX3lxTE1BVVNMc3ZlLXUtT3RiWUVTOHFOV0JkSWZidnQ4cFlfemVjVlpZTEcwalVJQjlZbmdzTVpKOHE5emJERHNoYTZmcGtZak1DVEF4VUo3eGVhNVZLNVU?oc=5\" target=\"_blank\" rel=\"nofollow noopener\">Tom Nylund putosi heti Erikoisjoukkojen ensimm\u00e4isen\u00e4 p\u00e4iv\u00e4n\u00e4 \u2013 paljastaa mit\u00e4 tilanteessa oikeasti k\u00e4vi<\/a>&nbsp;&nbsp;Ilta-Sanomat<\/li>\n<li><a href=\"https:\/\/news.google.com\/rss\/articles\/CBMikwFBVV95cUxPX2NuYXd6S1E5VFVtOFBHal80YlVELUV3TFhpR2xmMWE1UGtxWm03ZUdLYlBGN2JzZjFyVWlaYk5EeXJTXzUyUVk2c1JfN0p2SjJfSnI3cXFpRU4zUWhUSV9tekJKVnRwZGhRamhEaXk1M3dYcTFmRGNiRVpIV2ZQM1JidVJyZFcyWGF4T3JvejdyVEk?oc=5\" target=\"_blank\" rel=\"nofollow noopener\">Ensimm\u00e4inen pudotus Erikoisjoukoissa: &#8221;Perseelleen meni&#8221;<\/a>&nbsp;&nbsp;Seiska.fi<\/li>\n<li><a href=\"https:\/\/news.google.com\/rss\/articles\/CBMiugFBVV95cUxOQ2l2ZUVKbW5sMjFuT0xMaGxKM2FGTmJ5SlZPWGVvaUxaQ3R0WFZxNGV1V2dlcjRWUjNZLS14S1libmw4alVEaWhTVHV2QnFsUzZ3R0RrT1lheTctcGRoSXIwWlY3aDdpRnZyY1UyT00ySVFUUlpIMUgybVJzNkF5bzEzaDM2QUtWaUotUnY0Smt4VGxteTVFYVZFajhwVFBVelluTk9EdHBzdXVYZkNMcmxSQjBsT1Ywcmc?oc=5\" target=\"_blank\" rel=\"nofollow noopener\">TV:n Erikoisjoukot alkaa rajusti: Kokelas kielt\u00e4ytyy teht\u00e4v\u00e4st\u00e4 \u2013 ja sitten alkaakin tapahtua<\/a>&nbsp;&nbsp;Como.fi<\/li>\n<li><a href=\"https:\/\/news.google.com\/rss\/articles\/CBMiogFBVV95cUxPTTBLNTYtd2RIc2JOOFpNY20wdHR1Ymx4YVRqUUFDSmktRkxPeHR1WHJKejlfV2xEcW5BVWxlLUxBRWZmV0lld3JzR2hmNU4zNmNZemh2TW1rR1RnNi1xcUJDMGNqSFdYMV9Ea1VEVHE1YzRmVkZ4Ykh2MFZjbWFxUm82bEZvTmNiYk1reGsyRzRIa2NTV2xWTHY0SDNkLXd4Wnc?oc=5\" target=\"_blank\" rel=\"nofollow noopener\">Aiheellinen huoli her\u00e4si &#8211; Erikoisjoukot uudesta kaudesta tyly paljastus<\/a>&nbsp;&nbsp;Suomi24<\/li>\n<\/ol>\n","protected":false},"excerpt":{"rendered":"Julkkis sai l\u00e4ht\u00f6passit Erikoisjoukoista \u2013 Kova kuittaus kouluttajille&nbsp;&nbsp;Iltalehti Tom Nylund putosi heti Erikoisjoukkojen ensimm\u00e4isen\u00e4 p\u00e4iv\u00e4n\u00e4 \u2013 paljastaa mit\u00e4&hellip;\n","protected":false},"author":2,"featured_media":340862,"comment_status":"","ping_status":"","sticky":false,"template":"","format":"standard","meta":{"footnotes":"","_share_on_mastodon":"0"},"categories":[5],"tags":[35,22,23,26,27,33,31,30,17,1511,24,25,28,29,1616,15,18,21,979,32,19,20,140,139,16],"class_list":["post-340861","post","type-post","status-publish","format-standard","has-post-thumbnail","category-otsikot","tag-24h","tag-breaking-news","tag-breakingnews","tag-featured-news","tag-featurednews","tag-fi","tag-finland","tag-finnish","tag-headlines","tag-joukkoviestinta","tag-latest-news","tag-latestnews","tag-main-news","tag-mainnews","tag-media-viestinta","tag-news","tag-otsikot","tag-paauutiset","tag-sahkoinen-media","tag-suomi","tag-top-stories","tag-topstories","tag-tv-ja-elokuvat","tag-tv-ohjelmat","tag-uutiset"],"share_on_mastodon":{"url":"https:\/\/pubeurope.com\/@fi\/117210041917029611","error":""},"_links":{"self":[{"href":"https:\/\/www.europesays.com\/fi\/wp-json\/wp\/v2\/posts\/340861","targetHints":{"allow":["GET"]}}],"collection":[{"href":"https:\/\/www.europesays.com\/fi\/wp-json\/wp\/v2\/posts"}],"about":[{"href":"https:\/\/www.europesays.com\/fi\/wp-json\/wp\/v2\/types\/post"}],"author":[{"embeddable":true,"href":"https:\/\/www.europesays.com\/fi\/wp-json\/wp\/v2\/users\/2"}],"replies":[{"embeddable":true,"href":"https:\/\/www.europesays.com\/fi\/wp-json\/wp\/v2\/comments?post=340861"}],"version-history":[{"count":0,"href":"https:\/\/www.europesays.com\/fi\/wp-json\/wp\/v2\/posts\/340861\/revisions"}],"wp:featuredmedia":[{"embeddable":true,"href":"https:\/\/www.europesays.com\/fi\/wp-json\/wp\/v2\/media\/340862"}],"wp:attachment":[{"href":"https:\/\/www.europesays.com\/fi\/wp-json\/wp\/v2\/media?parent=340861"}],"wp:term":[{"taxonomy":"category","embeddable":true,"href":"https:\/\/www.europesays.com\/fi\/wp-json\/wp\/v2\/categories?post=340861"},{"taxonomy":"post_tag","embeddable":true,"href":"https:\/\/www.europesays.com\/fi\/wp-json\/wp\/v2\/tags?post=340861"}],"curies":[{"name":"wp","href":"https:\/\/api.w.org\/{rel}","templated":true}]}}