{"id":340875,"date":"2026-09-04T01:18:13","date_gmt":"2026-09-04T01:18:13","guid":{"rendered":"https:\/\/www.europesays.com\/fi\/340875\/"},"modified":"2026-09-04T01:18:13","modified_gmt":"2026-09-04T01:18:13","slug":"venajan-revanssi-repii-rintamaa-tilanne-on-huolestuttava","status":"publish","type":"post","link":"https:\/\/www.europesays.com\/fi\/340875\/","title":{"rendered":"Ven\u00e4j\u00e4n revanssi repii rintamaa \u2013 \u201dTilanne on huolestuttava\u201d"},"content":{"rendered":"<p>Millaisia ongelmia Ven\u00e4j\u00e4n eteneminen Donetskissa aiheuttaa Ukrainalle? Muun muassa t\u00e4st\u00e4 puhutaan Tilannestudion 173. jaksossa.<\/p>\n<p class=\"paragraph\">Ven\u00e4j\u00e4 hakee uusintaottelua paikassa, jossa se on kertaalleen jo ly\u00f6ty.<\/p>\n<p class=\"paragraph\">\u2013 Ven\u00e4l\u00e4iset tekiv\u00e4t sis\u00e4\u00e4nmurron Dobropilljan suunnassa jo kes\u00e4n 2025 lopulla, mutta ukrainalaiset l\u00f6iv\u00e4t heid\u00e4t asteittain takaisin seuraavina kuukausina, sanoo Iltalehden sota-asiantuntija <a href=\"https:\/\/www.iltalehti.fi\/henkilot\/Emil Kastehelmi\" class=\"article-link-person-page\" rel=\"nofollow noopener\" target=\"_blank\">Emil Kastehelmi<\/a>.<\/p>\n<p class=\"paragraph\">Nyt Ven\u00e4j\u00e4 on aktivoitunut uudelleen ja p\u00e4\u00e4ssyt etenem\u00e4\u00e4n Dobropilljan kaupunkia ymp\u00e4r\u00f6ivill\u00e4, koko Donetskin kannalta t\u00e4rkeill\u00e4 alueilla.<\/p>\n<p class=\"paragraph\">\u2013 Ven\u00e4j\u00e4n soluttautujia on havaittu jatkuvasti yh\u00e4 kauempana. Tilanne on ukrainalaisten kannalta huolestuttava, etenkin jos Ven\u00e4j\u00e4 pystyy yll\u00e4pit\u00e4m\u00e4\u00e4n saavuttamansa etenemisvauhdin.<\/p>\n<p class=\"paragraph\">Kastehelmen mukaan Dobropilljan suunnasta voi tulla Ven\u00e4j\u00e4lle yksi t\u00e4m\u00e4n syksyn merkitt\u00e4vimmist\u00e4 onnistumisista.<\/p>\n<p class=\"paragraph\">\u2013 T\u00e4m\u00e4 on t\u00e4ll\u00e4 hetkell\u00e4 ainoa paikka, jossa Ven\u00e4j\u00e4 on pitk\u00e4st\u00e4 aikaa p\u00e4\u00e4ssyt edes hieman eteenp\u00e4in.<\/p>\n<p class=\"paragraph\">\u2013 Ven\u00e4l\u00e4iset ovat jo p\u00e4\u00e4sseet Dobropilljan laitamille, mutta kaupungin valtaaminen olisi pidempi ja verisempi kamppailu. Se ei todenn\u00e4k\u00f6isesti tapahtuisi nopeasti.<\/p>\n<p><img decoding=\"async\" class=\"image image-show image-preview\" src=\"https:\/\/www.europesays.com\/fi\/wp-content\/uploads\/2026\/09\/8cab7905ef2ae0cb510ac4baa462f01d200293e8ccc2511abe9a08b380b52eb5.png\" alt=\"\"\/><img decoding=\"async\" class=\"image image-show\" src=\"https:\/\/www.europesays.com\/fi\/wp-content\/uploads\/2026\/09\/1788484693_780_8cab7905ef2ae0cb510ac4baa462f01d200293e8ccc2511abe9a08b380b52eb5.png\" alt=\"\"\/><\/p>\n<p>Ven\u00e4j\u00e4 etenee Dobropilljan ja Dru\u017ekivkan suuntiin Donetskin alueella It\u00e4-Ukrainassa. Emil Kastehelmi\/Black Bird Group<\/p>\n<p class=\"paragraph\">\u2013 Taistelu Dru\u017ekivkasta voi alkaa odotettua nopeammin, sill\u00e4 sinne ei ole en\u00e4\u00e4 montaa kilometri\u00e4. Pohjoiseen jatkuva eteneminen voi my\u00f6s uhata Kramatorskin it\u00e4\u2013l\u00e4nsisuuntaisia p\u00e4\u00e4teit\u00e4.<\/p>\n<p class=\"paragraph\">Ven\u00e4j\u00e4n saavutuksia himment\u00e4\u00e4 se, ett\u00e4 sen joukot menettiv\u00e4t otteensa kaupunkivy\u00f6hykkeen pohjoisosasta Lymanin suunnassa, Kastehelmi sanoo.<\/p>\n<p class=\"paragraph\">Kastehelmi ei kuitenkaan usko tilanteen johtavan suurempaan kriisiin Ukrainan kannalta.<\/p>\n<p class=\"paragraph\">\u2013 Todellinen kriisi vaatisi, ett\u00e4 Ven\u00e4j\u00e4 pystyisi k\u00e4ytt\u00e4m\u00e4\u00e4n mekanisoituja joukkoja nykyist\u00e4 enemm\u00e4n ja suojaamaan niit\u00e4 droneilta paremmin. Varsinaiseen l\u00e4pimurtoon en kuitenkaan oikein jaksa uskoa.<\/p>\n<p>Ukrainan presidentti Zelenskyi (vas.) kuuntelee raporttia Dobropilljan tilanteesta marraskuussa 2025. ZumaWire \/ MVPHOTOS<\/p>\n<p class=\"paragraph\">Katso Tilannestudion tuorein jakso kokonaisuudessaan t\u00e4m\u00e4n jutun alusta.<\/p>\n<p class=\"paragraph\">Erikoistoimittaja Emil Kastehelmi on yksi Ukrainan sodan rintamatilannetta seuraavan Black Bird Groupin perustajista. Tiimi seuraa Ukrainan sodan kehittymist\u00e4 avointen l\u00e4hteiden kautta ja p\u00e4ivitt\u00e4\u00e4 tilannetta The War in Ukraine -verkkokarttaan.<\/p>\n","protected":false},"excerpt":{"rendered":"Millaisia ongelmia Ven\u00e4j\u00e4n eteneminen Donetskissa aiheuttaa Ukrainalle? Muun muassa t\u00e4st\u00e4 puhutaan Tilannestudion 173. jaksossa. Ven\u00e4j\u00e4 hakee uusintaottelua paikassa,&hellip;\n","protected":false},"author":2,"featured_media":340876,"comment_status":"","ping_status":"","sticky":false,"template":"","format":"standard","meta":{"footnotes":"","_share_on_mastodon":"0"},"categories":[14],"tags":[35,22,23,26,27,33,31,30,17,1511,3595,24,25,28,29,1616,15,18,21,2294,32,19,20,56,16,59,60,61],"class_list":["post-340875","post","type-post","status-publish","format-standard","has-post-thumbnail","category-ulkomaat","tag-24h","tag-breaking-news","tag-breakingnews","tag-featured-news","tag-featurednews","tag-fi","tag-finland","tag-finnish","tag-headlines","tag-joukkoviestinta","tag-kustantaminen","tag-latest-news","tag-latestnews","tag-main-news","tag-mainnews","tag-media-viestinta","tag-news","tag-otsikot","tag-paauutiset","tag-sanomalehdet","tag-suomi","tag-top-stories","tag-topstories","tag-ulkomaat","tag-uutiset","tag-world","tag-world-news","tag-worldnews"],"share_on_mastodon":{"url":"https:\/\/pubeurope.com\/@fi\/117210140799551562","error":""},"_links":{"self":[{"href":"https:\/\/www.europesays.com\/fi\/wp-json\/wp\/v2\/posts\/340875","targetHints":{"allow":["GET"]}}],"collection":[{"href":"https:\/\/www.europesays.com\/fi\/wp-json\/wp\/v2\/posts"}],"about":[{"href":"https:\/\/www.europesays.com\/fi\/wp-json\/wp\/v2\/types\/post"}],"author":[{"embeddable":true,"href":"https:\/\/www.europesays.com\/fi\/wp-json\/wp\/v2\/users\/2"}],"replies":[{"embeddable":true,"href":"https:\/\/www.europesays.com\/fi\/wp-json\/wp\/v2\/comments?post=340875"}],"version-history":[{"count":0,"href":"https:\/\/www.europesays.com\/fi\/wp-json\/wp\/v2\/posts\/340875\/revisions"}],"wp:featuredmedia":[{"embeddable":true,"href":"https:\/\/www.europesays.com\/fi\/wp-json\/wp\/v2\/media\/340876"}],"wp:attachment":[{"href":"https:\/\/www.europesays.com\/fi\/wp-json\/wp\/v2\/media?parent=340875"}],"wp:term":[{"taxonomy":"category","embeddable":true,"href":"https:\/\/www.europesays.com\/fi\/wp-json\/wp\/v2\/categories?post=340875"},{"taxonomy":"post_tag","embeddable":true,"href":"https:\/\/www.europesays.com\/fi\/wp-json\/wp\/v2\/tags?post=340875"}],"curies":[{"name":"wp","href":"https:\/\/api.w.org\/{rel}","templated":true}]}}