{"id":340887,"date":"2026-09-04T01:31:33","date_gmt":"2026-09-04T01:31:33","guid":{"rendered":"https:\/\/www.europesays.com\/fi\/340887\/"},"modified":"2026-09-04T01:31:33","modified_gmt":"2026-09-04T01:31:33","slug":"menneiden-aikojen-korjausmies-herattaa-henkiin-putkitelkkarin-ja-vhs-nauhurin-laitteet-ovat-vanhoja-ja-asentajat-ovat-vanhoja","status":"publish","type":"post","link":"https:\/\/www.europesays.com\/fi\/340887\/","title":{"rendered":"Menneiden aikojen korjausmies her\u00e4tt\u00e4\u00e4 henkiin putkitelkkarin ja vhs-nauhurin \u2013 &#8221;Laitteet ovat vanhoja ja asentajat ovat vanhoja&#8221;"},"content":{"rendered":"<p>Artikkeli on yli 9 vuotta vanha<\/p>\n<p class=\"aw__sc-1qwuw0s-0 aw__sc-1vg2sqm-0 epAWpq ecELkD yle__article__paragraph\">Yritt\u00e4j\u00e4 Jukka Nevalaiselta l\u00f6ytyy perinteist\u00e4 osaamista, jolla korjataan vuosikymmeni\u00e4 vanhat retrolaitteet.<\/p>\n<p><img decoding=\"async\" alt=\"Yritt\u00e4j\u00e4 Jukka Nevalainen.\" src=\"https:\/\/www.europesays.com\/fi\/wp-content\/uploads\/2026\/09\/13-3-9524395.jpeg\" class=\"aw__sc-dklauk-0 LPzKX\"\/><\/p>\n<p>Avaa kuvien katselu<\/p>\n<p>Kuva: Juha Korhonen \/ Yle<\/p>\n<p class=\"aw__sc-1qwuw0s-0 aw__sc-ngllmo-0 epAWpq fzYpjk yle__article__paragraph\">Kotkan Karhulassa sijaitsevan tv-huollon sis\u00e4\u00e4ntulon l\u00e4heisyydess\u00e4 hyllyll\u00e4 on liuta vhs-soittimia sek\u00e4 vanhan mallisia radioita. Vanhoja radioita l\u00f6ytyy my\u00f6s liikkeen takaosasta yl\u00e4hyllylt\u00e4. P\u00f6yd\u00e4ll\u00e4 on lp-soitin 1990-luvulta. Yritt\u00e4j\u00e4 Jukka Nevalaisen mukaan vastaavia soittimia oli varsinkin varakkaammissa talouksissa.<\/p>\n<p class=\"aw__sc-1qwuw0s-0 aw__sc-ngllmo-0 epAWpq fzYpjk yle__article__paragraph\">Liikkeen takaosassa sijaitsee my\u00f6s ty\u00f6piste, jossa Nevalainen korjaa laitteita. Putkiradiot, kela- ja vhs-nauhurit, levysoittimet ja putkitelevisiot saavat Nevalaisen k\u00e4siss\u00e4 viel\u00e4 vuosia lis\u00e4\u00e4 k\u00e4ytt\u00f6aikaa. T\u00e4ll\u00e4 hetkell\u00e4 ty\u00f6n alla on kelanauhuri. Sille tehd\u00e4\u00e4n mekaaninen huolto, jolla yritet\u00e4\u00e4n saada laitteeseen muutama vuosi henke\u00e4 lis\u00e4\u00e4.<\/p>\n<p class=\"aw__sc-1qwuw0s-0 aw__sc-ngllmo-0 epAWpq fzYpjk yle__article__paragraph\">Nevalaisen mukaan vuosikymmeni\u00e4kin vanhat laitteet toimivat eritt\u00e4in hyvin, paremmin kuin nykyiset laitteet. Varaosia l\u00f6ytyy yll\u00e4tt\u00e4v\u00e4nkin hyvin internetist\u00e4, mist\u00e4 l\u00f6ytyv\u00e4t t\u00e4n\u00e4 p\u00e4iv\u00e4n\u00e4 my\u00f6s esimerkiksi kytkent\u00e4kaaviot.<\/p>\n<p><img decoding=\"async\" alt=\"Radioita hyllyll\u00e4.\" src=\"https:\/\/www.europesays.com\/fi\/wp-content\/uploads\/2026\/09\/13-3-9524500.jpeg\" loading=\"lazy\" class=\"aw__sc-dklauk-0 LPzKX\"\/><\/p>\n<p>Avaa kuvien katselu<\/p>\n<p>Kuva: Minna Heikura \/ Yle<\/p>\n<p class=\"aw__sc-1qwuw0s-0 aw__sc-ngllmo-0 epAWpq fzYpjk yle__article__paragraph\">\u2013 Laitteet on aikoinaan tehty toimimaan ja ne tulevat toimimaan. Tietenkin huoltoa tarvitaan v\u00e4lill\u00e4, mutta elinvuosia niille saadaan viel\u00e4 kymmeni\u00e4 lis\u00e4\u00e4. Nykyajan laitteet on tehty kertak\u00e4ytt\u00f6isiksi.<\/p>\n<p class=\"aw__sc-1qwuw0s-0 aw__sc-ngllmo-0 epAWpq fzYpjk yle__article__paragraph\">Nevalainen kertoo, ett\u00e4 putkitelkkarit h\u00e4visiv\u00e4t kuvasta vuonna 2006. Analogiset televisiol\u00e4hetykset antenniverkossa loppuivat vuoden 2007 syksyll\u00e4.<\/p>\n<p class=\"aw__sc-1qwuw0s-0 aw__sc-ngllmo-0 epAWpq fzYpjk yle__article__paragraph\">Putkitelkkareita tuodaankin huoltoon en\u00e4\u00e4 v\u00e4h\u00e4n, mutta muita, jopa vuosikymmeni\u00e4 vanhoja laitteita n\u00e4ytt\u00e4isi ihmisten kotoa l\u00f6ytyv\u00e4n viel\u00e4 runsaasti.<\/p>\n<p class=\"aw__sc-1qwuw0s-0 aw__sc-ngllmo-0 epAWpq fzYpjk yle__article__paragraph\">\u2013 Niit\u00e4h\u00e4n l\u00f6ytyy ihan mahdottomasti, jos niit\u00e4 vain aletaan penkoa. Nyth\u00e4n on alkanut lp-levyjen uusi tuotantokin, ett\u00e4 kyll\u00e4 niit\u00e4 tulee huoltoon ihan kiitett\u00e4v\u00e4sti.<\/p>\n<p>Murros on ajanut liikkeit\u00e4 alas<\/p>\n<p class=\"aw__sc-1qwuw0s-0 aw__sc-ngllmo-0 epAWpq fzYpjk yle__article__paragraph\">Pikkupojasta asti kytenyt luova hulluus ja kiinnostus elektroniikkaan johdatti Jukka Nevalaisen tv-huollon yritt\u00e4j\u00e4ksi vuonna 2003. Nevalainen muistelee, ett\u00e4 viel\u00e4 tuolloin Kotkassakin oli useampia alan yrityksi\u00e4, jotka sittemmin ovat p\u00e4\u00e4osin h\u00e4vinneet.<\/p>\n<p class=\"aw__sc-1qwuw0s-0 aw__sc-ngllmo-0 epAWpq fzYpjk yle__article__paragraph\">Nevalaisen yritys on tiett\u00e4v\u00e4sti l\u00e4hialueen ainoa, joka korjaa retrolaitteita.<\/p>\n<blockquote>\n<p class=\"aw__sc-1qwuw0s-0 aw__sc-8ixnw9-1 epAWpq giPAyn\">Laitteet on aikoinaan tehty toimimaan ja ne tulevat toimimaan.<\/p>\n<\/blockquote>\n<p>Jukka Nevalainen<\/p>\n<p class=\"aw__sc-1qwuw0s-0 aw__sc-ngllmo-0 epAWpq fzYpjk yle__article__paragraph\">\u2013 Alalla on tapahtunut suuri murros, uudet laitteet ja tekniikka. Taulutelevisiot ovat ly\u00f6neet itsens\u00e4 l\u00e4pi, eik\u00e4 monikaan l\u00e4htenyt en\u00e4\u00e4 kouluttamaan itse\u00e4\u00e4n niiden korjaamiseen.<\/p>\n<p class=\"aw__sc-1qwuw0s-0 aw__sc-ngllmo-0 epAWpq fzYpjk yle__article__paragraph\">Nevalainen p\u00e4\u00e4tti kouluttautua, ja nyt h\u00e4nen tv-huoltonsa p\u00f6ydill\u00e4 ja lattioillakin on suuria taulutelevisioita huollossa.<\/p>\n<p class=\"aw__sc-1qwuw0s-0 aw__sc-ngllmo-0 epAWpq fzYpjk yle__article__paragraph\">\u2013 Jos alueella on ainoastaan yksi liike, niin kyll\u00e4 t\u00e4st\u00e4 yksi ihminen leiv\u00e4n saa. Mutta ei n\u00e4m\u00e4 mit\u00e4\u00e4n kultakaivoksia ole.<\/p>\n<p>Yritt\u00e4j\u00e4 ei malta j\u00e4tt\u00e4\u00e4 ty\u00f6t\u00e4\u00e4n<\/p>\n<p class=\"aw__sc-1qwuw0s-0 aw__sc-ngllmo-0 epAWpq fzYpjk yle__article__paragraph\">Niin sanotut retrolaitteet muodostavat noin 40 prosenttia yrityksen huoltot\u00f6ist\u00e4. Laitteita tuovat huoltoon erityisesti vanhemmat ihmiset, mutta my\u00f6s asentajien keski-ik\u00e4 alkaa olla jo varsin korkea. Nevalainen heitt\u00e4\u00e4 saavansa laitteista 95 prosenttia kuntoon.<\/p>\n<p><img decoding=\"async\" alt=\"Radion korjausta ty\u00f6p\u00f6yd\u00e4ll\u00e4.\" src=\"https:\/\/www.europesays.com\/fi\/wp-content\/uploads\/2026\/09\/13-3-9524499.jpeg\" loading=\"lazy\" class=\"aw__sc-dklauk-0 LPzKX\"\/><\/p>\n<p>Avaa kuvien katselu<\/p>\n<p>Kuva: Minna Heikura \/ Yle<\/p>\n<p class=\"aw__sc-1qwuw0s-0 aw__sc-ngllmo-0 epAWpq fzYpjk yle__article__paragraph\">\u2013 N\u00e4m\u00e4 laitteet olivat meid\u00e4n jokaisen k\u00e4yt\u00f6ss\u00e4 silloin, kun olimme itse nuoria. Siit\u00e4 johtuu t\u00e4m\u00e4, ett\u00e4 laitteet ovat vanhoja ja asentajat ovat vanhoja, Nevalainen naurahtaa.<\/p>\n<p class=\"aw__sc-1qwuw0s-0 aw__sc-ngllmo-0 epAWpq fzYpjk yle__article__paragraph\">Onko siis uhkana, ett\u00e4 jossain vaiheessa ei ole en\u00e4\u00e4 asentajia, jotka osaisivat korjata retrolaitteita?<\/p>\n<p class=\"aw__sc-1qwuw0s-0 aw__sc-ngllmo-0 epAWpq fzYpjk yle__article__paragraph\">\u2013 Seh\u00e4n se skenaario on.<\/p>\n<p class=\"aw__sc-1qwuw0s-0 aw__sc-ngllmo-0 epAWpq fzYpjk yle__article__paragraph\">My\u00f6s Jukka Nevalainen on jo osa-aikael\u00e4kkeell\u00e4. Tv-huollon ostaessaan h\u00e4n teki vaimon kanssa kymmenvuotissopimuksen, joka on ven\u00e4ht\u00e4nyt jo muutaman vuoden yli. Nevalaisella on kuitenkin opissa henkil\u00f6, josta toivoo liikkeelleen jatkajaa, sik\u00e4li jos Nevalainen itse edes malttaa lopullisesti el\u00e4kep\u00e4iville asettua.<\/p>\n<p class=\"aw__sc-1qwuw0s-0 aw__sc-ngllmo-0 epAWpq fzYpjk yle__article__paragraph\">\u2013 T\u00e4m\u00e4 ty\u00f6 on niin \u00e4lytt\u00f6m\u00e4n kivaa, ettei t\u00e4t\u00e4 niin vain j\u00e4tet\u00e4. Ehk\u00e4 t\u00e4m\u00e4 ty\u00f6 j\u00e4tt\u00e4\u00e4 sitten minut. Sitten kun minut nostetaan tuohon ulkopuolelle, niin sitten min\u00e4 j\u00e4t\u00e4n t\u00e4m\u00e4n ty\u00f6n.<\/p>\n","protected":false},"excerpt":{"rendered":"Artikkeli on yli 9 vuotta vanha Yritt\u00e4j\u00e4 Jukka Nevalaiselta l\u00f6ytyy perinteist\u00e4 osaamista, jolla korjataan vuosikymmeni\u00e4 vanhat retrolaitteet. Avaa&hellip;\n","protected":false},"author":2,"featured_media":340888,"comment_status":"","ping_status":"","sticky":false,"template":"","format":"standard","meta":{"footnotes":"","_share_on_mastodon":"0"},"categories":[86],"tags":[8830,42025,420,33,31,30,42020,14161,71,465,21121,464,421,42024,42026,32,42023,91,92,42019,42021,42022],"class_list":["post-340887","post","type-post","status-publish","format-standard","has-post-thumbnail","category-laitteet","tag-aanilevyt","tag-antennitelevisio","tag-equipment","tag-fi","tag-finland","tag-finnish","tag-jukka-nevalainen","tag-karhula-kotka","tag-kotimaa","tag-kotka","tag-kotkan-haminan-seutukunta","tag-kymenlaakso","tag-laitteet","tag-levysoittimet","tag-retro-tv","tag-suomi","tag-taulutelevisiot","tag-technology","tag-teknologia","tag-tv-ja-videohuolto","tag-vhs-videolaite","tag-videontoistolaite"],"share_on_mastodon":{"url":"https:\/\/pubeurope.com\/@fi\/117210192026277753","error":""},"_links":{"self":[{"href":"https:\/\/www.europesays.com\/fi\/wp-json\/wp\/v2\/posts\/340887","targetHints":{"allow":["GET"]}}],"collection":[{"href":"https:\/\/www.europesays.com\/fi\/wp-json\/wp\/v2\/posts"}],"about":[{"href":"https:\/\/www.europesays.com\/fi\/wp-json\/wp\/v2\/types\/post"}],"author":[{"embeddable":true,"href":"https:\/\/www.europesays.com\/fi\/wp-json\/wp\/v2\/users\/2"}],"replies":[{"embeddable":true,"href":"https:\/\/www.europesays.com\/fi\/wp-json\/wp\/v2\/comments?post=340887"}],"version-history":[{"count":0,"href":"https:\/\/www.europesays.com\/fi\/wp-json\/wp\/v2\/posts\/340887\/revisions"}],"wp:featuredmedia":[{"embeddable":true,"href":"https:\/\/www.europesays.com\/fi\/wp-json\/wp\/v2\/media\/340888"}],"wp:attachment":[{"href":"https:\/\/www.europesays.com\/fi\/wp-json\/wp\/v2\/media?parent=340887"}],"wp:term":[{"taxonomy":"category","embeddable":true,"href":"https:\/\/www.europesays.com\/fi\/wp-json\/wp\/v2\/categories?post=340887"},{"taxonomy":"post_tag","embeddable":true,"href":"https:\/\/www.europesays.com\/fi\/wp-json\/wp\/v2\/tags?post=340887"}],"curies":[{"name":"wp","href":"https:\/\/api.w.org\/{rel}","templated":true}]}}