{"id":340897,"date":"2026-09-04T01:42:13","date_gmt":"2026-09-04T01:42:13","guid":{"rendered":"https:\/\/www.europesays.com\/fi\/340897\/"},"modified":"2026-09-04T01:42:13","modified_gmt":"2026-09-04T01:42:13","slug":"tutkija-venaja-voi-haluta-lisaa-ongelmia-syyttaa-norjaa-laivan-merirosvouksesta-ulkomaat","status":"publish","type":"post","link":"https:\/\/www.europesays.com\/fi\/340897\/","title":{"rendered":"Tutkija: Ven\u00e4j\u00e4 voi haluta lis\u00e4\u00e4 ongelmia \u2013 syytt\u00e4\u00e4 Norjaa laivan meri\u00adrosvouksesta | Ulkomaat"},"content":{"rendered":"<p class=\"aw__sc-1qwuw0s-0 aw__sc-1vg2sqm-0 epAWpq ecELkD yle__article__paragraph\">Suomessa Ven\u00e4j\u00e4n omaisuutta on takavarikoitu saman kansainv\u00e4lisen v\u00e4litys\u00adtuomioistuimen antaman p\u00e4\u00e4t\u00f6ksen perusteella.<\/p>\n<p><img decoding=\"async\" alt=\"Professor Molchanov -alus Barentsburgin satamassa Huippuvuorilla.\" src=\"https:\/\/www.europesays.com\/fi\/wp-content\/uploads\/2026\/09\/1788428293.jpeg\" class=\"aw__sc-dklauk-0 LPzKX\"\/><\/p>\n<p>Avaa kuvien katselu<\/p>\n<p>Professor Molt\u0161anov -alus Barentsburgin satamassa Huippuvuorilla 3. syyskuuta 2026. Kuva: Sergei Malgavko \/ TASS <\/p>\n<p>3.9. 16:47\u2022P\u00e4ivitetty 3.9. 17:48<\/p>\n<ul class=\"aw__sc-1yb43iq-0 gFXHv yle__article__list yle__article__list--ul\">\n<li class=\"aw__sc-1yb43iq-1 gVAzbt\">Norja takavarikoi ven\u00e4l\u00e4isen tutkimusaluksen Huippuvuorilla.<\/li>\n<li class=\"aw__sc-1yb43iq-1 gVAzbt\">Taustalla on ukrainalaisen Naftogaz-yhti\u00f6n korvausvaatimus Krimin miehityksess\u00e4 menetetyst\u00e4 omaisuudesta.<\/li>\n<li class=\"aw__sc-1yb43iq-1 gVAzbt\">Norjalainen tutkija sanoo, ett\u00e4 Norja n\u00e4kee t\u00e4m\u00e4n oikeusprosessina. Putin kutsuu takavarikkoa valtioterrorismiksi.<\/li>\n<li class=\"aw__sc-1yb43iq-1 gVAzbt\">Suomessakin on takavarikoitu Ven\u00e4j\u00e4n omaisuutta yli 35 miljoonan euron arvosta.<\/li>\n<\/ul>\n<p class=\"aw__sc-1qwuw0s-0 aw__sc-ngllmo-0 epAWpq fzYpjk yle__article__paragraph\">Norjalaisen tutkijan mukaan it\u00e4 ja l\u00e4nsi tulkitsevat Huippuvuorilla tapahtunutta laivatakavarikkoa hyvin eri n\u00e4k\u00f6kulmista.<\/p>\n<p class=\"aw__sc-1qwuw0s-0 aw__sc-ngllmo-0 epAWpq fzYpjk yle__article__paragraph\">Norjan viranomaiset <a class=\"aw__sc-ngllmo-1 bTDnwX yle__article__link\" href=\"https:\/\/yle.fi\/a\/74-20244306\" role=\"link\" rel=\"nofollow noopener\" target=\"_blank\">takavarikoivat<\/a> ven\u00e4l\u00e4isen Professor Molt\u0161anov -nimisen laivan keskiviikkona Barentsburgin satamassa Huippuvuorilla.<\/p>\n<p class=\"aw__sc-1qwuw0s-0 aw__sc-ngllmo-0 epAWpq fzYpjk yle__article__paragraph\">Takavarikon taustalla on Ukrainan suurin valtiollinen kaasuyhti\u00f6 <a class=\"aw__sc-ngllmo-1 bTDnwX yle__article__link\" href=\"https:\/\/www.naftogaz.com\/en\/news\/norway-seizes-russian-vessel-following-naftogaz-application-to-enforce-4-22-billion-award\" role=\"link\" rel=\"nofollow noopener\" target=\"_blank\">Naftogaz<\/a>. Se haluaa Ven\u00e4j\u00e4lt\u00e4 korvauksia Krimin miehityksen yhteydess\u00e4 vuonna 2014 menett\u00e4m\u00e4st\u00e4\u00e4n omaisuudesta.<\/p>\n<p class=\"aw__sc-1qwuw0s-0 aw__sc-ngllmo-0 epAWpq fzYpjk yle__article__paragraph\">Tutkijaprofessori <strong class=\"aw__sc-ngllmo-2 gdRrun yle__article__strong\">Arild Moen<\/strong> mukaan Norjassa asia n\u00e4hd\u00e4\u00e4n pitk\u00e4n\u00e4 oikeusprosessina, vaikka Ven\u00e4j\u00e4 haluaa politisoida sen.<\/p>\n<p class=\"aw__sc-1qwuw0s-0 aw__sc-ngllmo-0 epAWpq fzYpjk yle__article__paragraph\">\u2013 Olemme nyt eri tilanteessa, kun k\u00e4yd\u00e4\u00e4n sotaa, ja id\u00e4n ja l\u00e4nnen suhteet ovat hyvin j\u00e4nnittyneet. Kuten olemme aamulla n\u00e4hneet, Ven\u00e4j\u00e4 pit\u00e4\u00e4 laivan takavarikkoa vihamielisen\u00e4 toimena tai merirosvouksena, Moe sanoo Ylen haastattelussa.<\/p>\n<p class=\"aw__sc-1qwuw0s-0 aw__sc-ngllmo-0 epAWpq fzYpjk yle__article__paragraph\">Moe ty\u00f6skentelee tutkijaprofessorina Fridtjof Nansen -instituutissa Oslon seudulla.<\/p>\n<p>Putin: Takavarikko on valtioterrorismia<\/p>\n<p class=\"aw__sc-1qwuw0s-0 aw__sc-ngllmo-0 epAWpq fzYpjk yle__article__paragraph\">Takavarikosta p\u00e4\u00e4tti Pohjois-Tromssan ja Senjan k\u00e4r\u00e4j\u00e4oikeus. Alusta pidet\u00e4\u00e4n Barentsburgin satamassa Huippuvuorilla, kunnes oikeus tai Huippuvuorten kuvern\u00f6\u00f6ri <strong class=\"aw__sc-ngllmo-2 gdRrun yle__article__strong\">Lars Fause<\/strong> p\u00e4\u00e4tt\u00e4v\u00e4t toisin.<\/p>\n<p class=\"aw__sc-1qwuw0s-0 aw__sc-ngllmo-0 epAWpq fzYpjk yle__article__paragraph\">Norjan yleisradiolle NRK:lle antamassaan <a class=\"aw__sc-ngllmo-1 bTDnwX yle__article__link\" href=\"https:\/\/www.nrk.no\/tromsogfinnmark\/russisk-nyhetsbyra_-russland-reagerer-sterkt-pa-arrestasjon-av-skip-pa-svalbard-1.18012620\" role=\"link\" rel=\"nofollow noopener\" target=\"_blank\">haastattelussa<\/a> Fause sanoi, ett\u00e4 viranomaiset auttavat laivan miehist\u00f6n ja matkustajat takaisin Ven\u00e4j\u00e4lle.<\/p>\n<p class=\"aw__sc-1qwuw0s-0 aw__sc-ngllmo-0 epAWpq fzYpjk yle__article__paragraph\">Tutkija Arild Moen mukaan Ven\u00e4j\u00e4 voi aina valittaa oikeuden p\u00e4\u00e4t\u00f6ksest\u00e4 saadakseen takavarikon puretuksi.<\/p>\n<p class=\"aw__sc-1qwuw0s-0 aw__sc-ngllmo-0 epAWpq fzYpjk yle__article__paragraph\">\u2013 Se olisi se maltillisin vaihtoehto, Moe sanoo.<\/p>\n<p class=\"aw__sc-1qwuw0s-0 aw__sc-ngllmo-0 epAWpq fzYpjk yle__article__paragraph\">Juuri n\u00e4in Ven\u00e4j\u00e4 on torstaina ilmoittanut <a class=\"aw__sc-ngllmo-1 bTDnwX yle__article__link\" href=\"https:\/\/yle.fi\/a\/74-20244416\" role=\"link\" rel=\"nofollow noopener\" target=\"_blank\">tekev\u00e4ns\u00e4<\/a>.<\/p>\n<p class=\"aw__sc-1qwuw0s-0 aw__sc-ngllmo-0 epAWpq fzYpjk yle__article__paragraph\">Muut vaihtoehdot olisivat j\u00e4re\u00e4mpi\u00e4.<\/p>\n<p class=\"aw__sc-1qwuw0s-0 aw__sc-ngllmo-0 epAWpq fzYpjk yle__article__paragraph\">\u2013 He voivat k\u00e4ytt\u00e4\u00e4 sit\u00e4 lis\u00e4\u00e4m\u00e4\u00e4n j\u00e4nnityst\u00e4 ja aiheuttaa lis\u00e4ongelmia Norjan ja Ven\u00e4j\u00e4n v\u00e4lille, jos he sit\u00e4 haluavat.<\/p>\n<p class=\"aw__sc-1qwuw0s-0 aw__sc-ngllmo-0 epAWpq fzYpjk yle__article__paragraph\">Uutistoimisto AP:n mukaan Ven\u00e4j\u00e4n presidentti <strong class=\"aw__sc-ngllmo-2 gdRrun yle__article__strong\">Vladimir Putin<\/strong> on torstaina tuominnut takavarikon \u201dvaltioterrorismina\u201d. Uutistoimisto Reuters kertoi torstai-iltana, ett\u00e4 Ven\u00e4j\u00e4 oli kutsunut Norjan suurl\u00e4hettil\u00e4\u00e4n puhutteluun ja protestoinut takavarikkoa.<\/p>\n<p>Ven\u00e4j\u00e4n Arktisen yliopiston vuonna 2019 julkaisemaa arkistokuvaa Professor Molt\u0161anov -laivasta.<\/p>\n<p class=\"aw__sc-1qwuw0s-0 aw__sc-ngllmo-0 epAWpq fzYpjk yle__article__paragraph\">Moen mukaan laiva ei ole kovin arvokas, mutta se valikoitui takavarikon kohteeksi luultavasti sen takia, ett\u00e4 Ven\u00e4j\u00e4ll\u00e4 ei ole Norjassa paljoakaan takavarikoitavaa omaisuutta.<\/p>\n<p class=\"aw__sc-1qwuw0s-0 aw__sc-ngllmo-0 epAWpq fzYpjk yle__article__paragraph\">71-metrinen merentutkimusalus Professor Molt\u0161anov rakennettiin Suomessa ja laskettiin vesille vuoden 1982 lopussa.<\/p>\n<p class=\"aw__sc-1qwuw0s-0 aw__sc-ngllmo-0 epAWpq fzYpjk yle__article__paragraph\"><strong class=\"aw__sc-ngllmo-2 gdRrun yle__article__strong\">Videolla Moe kertoo, mihin Ven\u00e4j\u00e4 on k\u00e4ytt\u00e4nyt alusta:<\/strong><\/p>\n<p>Arild Moe on erikoistunut Ven\u00e4j\u00e4n energiapolitiikkaan sek\u00e4 arktiseen merenkulkuun.<\/p>\n<p class=\"aw__sc-1qwuw0s-0 aw__sc-ngllmo-0 epAWpq fzYpjk yle__article__paragraph\">Kuluneena kes\u00e4n\u00e4 Professor Molt\u0161anov -laiva on etsinyt Norjan viranomaisten luvalla mineraaleja merenpohjasta Huippuvuorten alueella.<\/p>\n<p class=\"aw__sc-1qwuw0s-0 aw__sc-ngllmo-0 epAWpq fzYpjk yle__article__paragraph\">Lupa oli voimassa keskikes\u00e4ll\u00e4 kuukauden ajan. Asiasta kertoi ensimm\u00e4isen\u00e4 norjalainen <a class=\"aw__sc-ngllmo-1 bTDnwX yle__article__link\" href=\"https:\/\/e24.no\/energi-og-klima\/i\/onxkM0\/russland-har-faatt-tillatelse-til-aa-lete-etter-mineraler-utenfor-svalbard\" role=\"link\" rel=\"nofollow noopener\" target=\"_blank\">E24-julkaisu<\/a>.<\/p>\n<p>Tutkija: Laiva on tukenut Ven\u00e4j\u00e4n hybridioperaatioita<\/p>\n<p class=\"aw__sc-1qwuw0s-0 aw__sc-ngllmo-0 epAWpq fzYpjk yle__article__paragraph\">Toinen norjalaistutkija sanoo Ylelle, ett\u00e4 alusta on k\u00e4ytetty Ven\u00e4j\u00e4n hybridioperaatioiden tukena.<\/p>\n<p class=\"aw__sc-1qwuw0s-0 aw__sc-ngllmo-0 epAWpq fzYpjk yle__article__paragraph\">\u2013 Aluksella on tuotu Huippuvuorille hybriditoimijoita vuosina 2025 ja 2026, ja he ovat j\u00e4rjest\u00e4neet uusimperialistisia ja militaristisia kokoontumisia ven\u00e4l\u00e4issiirtokunnissa, sanoo <strong class=\"aw__sc-ngllmo-2 gdRrun yle__article__strong\">Kari Aga Myklebost<\/strong>.<\/p>\n<p class=\"aw__sc-1qwuw0s-0 aw__sc-ngllmo-0 epAWpq fzYpjk yle__article__paragraph\">Esimerkiksi viime kev\u00e4\u00e4n\u00e4 niin sanottuna <a class=\"aw__sc-ngllmo-1 bTDnwX yle__article__link\" href=\"https:\/\/www.thebarentsobserver.com\/news\/behind-russias-victory-day-ceremony-on-svalbard-was-a-veiled-effort-to-build-a-militarised-presence\/450491\" role=\"link\" rel=\"nofollow noopener\" target=\"_blank\">voitonp\u00e4iv\u00e4n\u00e4<\/a> Ven\u00e4j\u00e4 toi Huippuvuorille laivaston tyylisiin univormuihin puettuja nuoria. Nuoret kuuluivat j\u00e4rjest\u00f6\u00f6n, jolla on yhteys Ven\u00e4j\u00e4n merivoimiin.<\/p>\n<p class=\"aw__sc-1qwuw0s-0 aw__sc-ngllmo-0 epAWpq fzYpjk yle__article__paragraph\">Myklebost ty\u00f6skentelee Ven\u00e4j\u00e4n historian professorina Norjan Arktisessa yliopistossa Tromssassa.<\/p>\n<p><img decoding=\"async\" alt=\"Telaketjuilla kulkeva miehist\u00f6kuljetusvaunu Barentsburgin kadulla Voitonp\u00e4iv\u00e4n\u00e4, Neuvostoliiton lippu autossa liehuen.\" src=\"https:\/\/www.europesays.com\/fi\/wp-content\/uploads\/2026\/09\/1747664900.jpeg\" loading=\"lazy\" class=\"aw__sc-dklauk-0 LPzKX\"\/><\/p>\n<p>Avaa kuvien katselu<\/p>\n<p>Telaketjuilla kulkeva miehist\u00f6nkuljetusvaunu Barentsburgin kadulla Voitonp\u00e4iv\u00e4n\u00e4 vuonna 2025. Kuva: Jani Saikko \/ YleMy\u00f6s Suomessa on takavarikoitu Ven\u00e4j\u00e4n omaisuutta<\/p>\n<p class=\"aw__sc-1qwuw0s-0 aw__sc-ngllmo-0 epAWpq fzYpjk yle__article__paragraph\">Norjassa on <a class=\"aw__sc-ngllmo-1 bTDnwX yle__article__link\" href=\"https:\/\/areena.yle.fi\/1-63835861\" role=\"link\" rel=\"nofollow noopener\" target=\"_blank\">ep\u00e4ilty<\/a>, ett\u00e4 Ven\u00e4j\u00e4 on k\u00e4ytt\u00e4nyt arktisiin vesiin suunniteltuja aluksia my\u00f6s kartoittamaan tai rikkomaan sotilaallisesti t\u00e4rke\u00e4\u00e4 infrastruktuuria. N\u00e4it\u00e4 ovat muun muassa merenpohjassa kulkevat kaapelit.<\/p>\n<p class=\"aw__sc-1qwuw0s-0 aw__sc-ngllmo-0 epAWpq fzYpjk yle__article__paragraph\">Tutkija Arild Moen mukaan syyt\u00f6kset hybridisodank\u00e4ynnist\u00e4 ovat kuitenkin asia, joka ei liity takavarikkoon.<\/p>\n<p class=\"aw__sc-1qwuw0s-0 aw__sc-ngllmo-0 epAWpq fzYpjk yle__article__paragraph\">H\u00e4nen mukaansa norjalainen oikeusistuin on vain pannut t\u00e4yt\u00e4nt\u00f6\u00f6n Haagin kansainv\u00e4lisen v\u00e4litystuomioistuimen antaman ja Alankomaiden korkeimman oikeuden vuonna 2024 vahvistaman <a class=\"aw__sc-ngllmo-1 bTDnwX yle__article__link\" href=\"https:\/\/jusmundi.com\/en\/document\/decision\/en-njsc-naftogaz-of-ukraine-pjsc-state-joint-stock-company-chornomornaftogaz-pjsc-ukrgasvydobuvannya-and-others-v-the-russian-federation-judgment-of-the-supreme-court-of-the-netherlands-friday-6th-december-2024#:~:text=Case%20Number%2022%2F03902.%20Date%206%20December%202024.,lawyers%3A%20%5Battorney%201%5D%20and%20%5Battorney%202%5D%2C%20against.\" role=\"link\" rel=\"nofollow noopener\" target=\"_blank\">p\u00e4\u00e4t\u00f6ksen<\/a>, jossa Ven\u00e4j\u00e4n valitukset lopullisesti hyl\u00e4ttiin.<\/p>\n<p class=\"aw__sc-1qwuw0s-0 aw__sc-ngllmo-0 epAWpq fzYpjk yle__article__paragraph\">Sen j\u00e4lkeen Ven\u00e4j\u00e4n korvausvelvollisuus voitiin panna toimeen my\u00f6s Norjassa.<\/p>\n<p class=\"aw__sc-1qwuw0s-0 aw__sc-ngllmo-0 epAWpq fzYpjk yle__article__paragraph\">Saman oikeusp\u00e4\u00e4t\u00f6ksen pohjalta on toimittu aiemmin Suomessa.<\/p>\n<p class=\"aw__sc-1qwuw0s-0 aw__sc-ngllmo-0 epAWpq fzYpjk yle__article__paragraph\">Suomessa Ven\u00e4j\u00e4n omaisuutta, l\u00e4hinn\u00e4 kiinteist\u00f6j\u00e4, oli vuoden 2024 syksyyn menness\u00e4 <a class=\"aw__sc-ngllmo-1 bTDnwX yle__article__link\" href=\"https:\/\/yle.fi\/a\/74-20120954\" role=\"link\" rel=\"nofollow noopener\" target=\"_blank\">takavarikoitu<\/a> yli 35 miljoonan euron arvosta.<\/p>\n","protected":false},"excerpt":{"rendered":"Suomessa Ven\u00e4j\u00e4n omaisuutta on takavarikoitu saman kansainv\u00e4lisen v\u00e4litys\u00adtuomioistuimen antaman p\u00e4\u00e4t\u00f6ksen perusteella. Avaa kuvien katselu Professor Molt\u0161anov -alus Barentsburgin&hellip;\n","protected":false},"author":2,"featured_media":340898,"comment_status":"","ping_status":"","sticky":false,"template":"","format":"standard","meta":{"footnotes":"","_share_on_mastodon":"0"},"categories":[112],"tags":[4065,19686,33,31,30,9329,385,23909,12474,118,32,42028,11613,119,56,547,987],"class_list":["post-340897","post","type-post","status-publish","format-standard","has-post-thumbnail","category-tiede","tag-arktinen-alue","tag-barentsinmeri","tag-fi","tag-finland","tag-finnish","tag-huippuvuoret","tag-norja","tag-pohjoinen-jaameri","tag-pohjois-norja","tag-science","tag-suomi","tag-svalbard-ja-jan-mayen","tag-takavarikko","tag-tiede","tag-ulkomaat","tag-venaja","tag-venajan-hyokkays"],"share_on_mastodon":{"url":"https:\/\/pubeurope.com\/@fi\/117210235165153682","error":""},"_links":{"self":[{"href":"https:\/\/www.europesays.com\/fi\/wp-json\/wp\/v2\/posts\/340897","targetHints":{"allow":["GET"]}}],"collection":[{"href":"https:\/\/www.europesays.com\/fi\/wp-json\/wp\/v2\/posts"}],"about":[{"href":"https:\/\/www.europesays.com\/fi\/wp-json\/wp\/v2\/types\/post"}],"author":[{"embeddable":true,"href":"https:\/\/www.europesays.com\/fi\/wp-json\/wp\/v2\/users\/2"}],"replies":[{"embeddable":true,"href":"https:\/\/www.europesays.com\/fi\/wp-json\/wp\/v2\/comments?post=340897"}],"version-history":[{"count":0,"href":"https:\/\/www.europesays.com\/fi\/wp-json\/wp\/v2\/posts\/340897\/revisions"}],"wp:featuredmedia":[{"embeddable":true,"href":"https:\/\/www.europesays.com\/fi\/wp-json\/wp\/v2\/media\/340898"}],"wp:attachment":[{"href":"https:\/\/www.europesays.com\/fi\/wp-json\/wp\/v2\/media?parent=340897"}],"wp:term":[{"taxonomy":"category","embeddable":true,"href":"https:\/\/www.europesays.com\/fi\/wp-json\/wp\/v2\/categories?post=340897"},{"taxonomy":"post_tag","embeddable":true,"href":"https:\/\/www.europesays.com\/fi\/wp-json\/wp\/v2\/tags?post=340897"}],"curies":[{"name":"wp","href":"https:\/\/api.w.org\/{rel}","templated":true}]}}