{"id":340903,"date":"2026-09-04T01:46:36","date_gmt":"2026-09-04T01:46:36","guid":{"rendered":"https:\/\/www.europesays.com\/fi\/340903\/"},"modified":"2026-09-04T01:46:36","modified_gmt":"2026-09-04T01:46:36","slug":"rehtorin-harkinta-petti-helsinkilaislukiossa-ylilyonti-tallentui-videolle","status":"publish","type":"post","link":"https:\/\/www.europesays.com\/fi\/340903\/","title":{"rendered":"Rehtorin harkinta petti helsinkil\u00e4islukiossa \u2013 Ylily\u00f6nti tallentui videolle"},"content":{"rendered":"<p>Helsingin lukiokoulutuksen johtaja n\u00e4kee rehtorin reaktion menneen yli. H\u00e4n silti tuomitsee abien aloittaman vesisodan koulun tiloissa.<\/p>\n<p class=\"paragraph\">Helsingin luonnontiedelukion rehtori <strong>Kaisa Tikka<\/strong> kaatoi vett\u00e4 opiskelijan p\u00e4\u00e4lle tiistaina, kun lukion abit olivat viett\u00e4m\u00e4ss\u00e4 T\u00e4n\u00e4\u00e4n j\u00e4ljell\u00e4 100 -teemap\u00e4iv\u00e4\u00e4. V\u00e4likohtaus tallentui opiskelijan kuvaamalle videolle.<\/p>\n<p class=\"paragraph\">Iltalehden haastattelemien opiskelijoiden mukaan rehtori oli suuttunut oppilaille, jotka j\u00e4rjestiv\u00e4t vesisodan koulun tiloissa.<\/p>\n<p class=\"paragraph\">Tilanne oli p\u00e4\u00e4ttynyt siihen, ett\u00e4 rehtori oli kaatanut vett\u00e4 er\u00e4\u00e4n oppilaan niskaan. T\u00e4m\u00e4n j\u00e4lkeen rehtori oli poistunut paikalta abiturienttien aplodien saattelemana.<\/p>\n<p class=\"paragraph\">Rehtori Tikka vahvistaa Iltalehdelle tapauksen. H\u00e4n kuvailee koulup\u00e4iv\u00e4\u00e4 kaoottiseksi ja on pettynyt opiskelijoiden k\u00e4yt\u00f6kseen.<\/p>\n<p class=\"paragraph\">\u2013 Yksi opiskelija heitti runsain mitoin usean muun opiskelijan p\u00e4\u00e4lle vett\u00e4. Siin\u00e4 sitten tyhjensin h\u00e4nen vesipullonsa lopun kyseisen opiskelijan p\u00e4\u00e4lle.<\/p>\n<p>Rehtori ei tiennyt kuvaamisesta<\/p>\n<p class=\"paragraph\">\u2013 Koko p\u00e4iv\u00e4n taistelin vedenheittoa vastaan. My\u00f6s minut kasteltiin, mik\u00e4 minusta aika poikkeuksellista, Tikka kertoo.<\/p>\n<p class=\"paragraph\">H\u00e4n sanoo noin 50 abin k\u00e4ytt\u00e4ytyneen huonosti. Vesisotaa k\u00e4ytiin abien omassa tilassa, jossa on vedelle alttiita puurakenteita, kangasverhoilua ja keitti\u00f6tilojen s\u00e4hk\u00f6tarvikkeita.<\/p>\n<p class=\"paragraph\">Tikan mukaan opiskelijat my\u00f6s sotkivat tahallaan koulun tiloja, puhalsivat saippuakuplia toisten ruokiin ja rikkoivat koulun j\u00e4rjestyss\u00e4\u00e4nt\u00f6j\u00e4 tuomalla vesipyssyj\u00e4 kouluun.<\/p>\n<p class=\"paragraph\">\u2013 My\u00f6nn\u00e4n, ett\u00e4 ei ollut j\u00e4rkev\u00e4\u00e4 osallistua mihink\u00e4\u00e4n vesisotaan varsinkaan, jos olisin arvannut, ett\u00e4 sit\u00e4 kuvataan.<\/p>\n<p class=\"paragraph\">J\u00e4lkeenp\u00e4in Tikka halusi viel\u00e4 tarkentaa, ett\u00e4 koulu ohjeisti ryhm\u00e4nohjaajien tunnilla opiskelijoita poliisin m\u00e4\u00e4r\u00e4yksill\u00e4 siit\u00e4, ettei mink\u00e4\u00e4nlaisia leikkiaseita saa tuoda kouluun. Koulun henkil\u00f6kunta yll\u00e4ttyi siit\u00e4, ett\u00e4 abit k\u00e4yttiv\u00e4t veden ampumiseen my\u00f6s itse tehtyj\u00e4 \u201daseita\u201d.<\/p>\n<p class=\"paragraph\">Tikka lis\u00e4\u00e4 j\u00e4lkik\u00e4teen yhden opiskelijan saaneen vesisodassa silm\u00e4vaurion, jonka takia h\u00e4net jouduttiin viem\u00e4\u00e4n p\u00e4ivystykseen.<\/p>\n<p><img decoding=\"async\" class=\"image image-show image-preview\" src=\"https:\/\/www.europesays.com\/fi\/wp-content\/uploads\/2026\/09\/9700055069b7fe3a94b5d0fad436f5c9f6add244cc8658ee0508c70620cafb7a.jpg\" alt=\"\"\/><img decoding=\"async\" class=\"image image-show\" src=\"https:\/\/www.europesays.com\/fi\/wp-content\/uploads\/2026\/09\/1788486396_820_9700055069b7fe3a94b5d0fad436f5c9f6add244cc8658ee0508c70620cafb7a.jpg\" alt=\"\"\/><\/p>\n<p>Abeilla alkavat pian syksyn ylioppilaskokeet. Sit\u00e4 ennen luonnontiedelukiossa juhlistettiin varusmiespalveluksesta tuttua tj 100 -p\u00e4iv\u00e4\u00e4. Inka Soveri<\/p>\n<p>\u201dOlisi pit\u00e4nyt puhalluttaa\u201d<\/p>\n<p class=\"paragraph\">Tikka kertoo olleensa tilanteessa ainoana koulun ty\u00f6ntekij\u00e4n\u00e4 paikalla. Koulu oli luottanut siihen, ett\u00e4 abit osaavat k\u00e4ytt\u00e4yty\u00e4 teemap\u00e4iv\u00e4n\u00e4\u00e4n. Rehtorin mukaan aikaisempina vuosina sama teemap\u00e4iv\u00e4 on aiheuttanut vesisotaa.<\/p>\n<p class=\"paragraph\">\u2013 Normaalisti meill\u00e4 on kaikki toisella tapaa ja opiskelijat ovat eritt\u00e4in kivoja. Olisi suunnilleen pit\u00e4nyt jotkut opiskelijat puhalluttaa siit\u00e4 hyv\u00e4st\u00e4, miten voi l\u00e4hte\u00e4 k\u00e4yt\u00f6s noin lapasesta, Tikka ihmettelee.<\/p>\n<p class=\"paragraph\">Iltalehti tavoitti videon kuvanneen opiskelijan, sek\u00e4 opiskelijan, jonka p\u00e4\u00e4lle rehtori kaatoi vett\u00e4. Molemmat esiintyv\u00e4t jutussa nimett\u00f6m\u00e4sti. Heid\u00e4n henkil\u00f6llisyytens\u00e4 ovat toimituksen tiedossa.<\/p>\n<p class=\"paragraph\">Pojat my\u00f6nt\u00e4v\u00e4t osallistuneensa vesisotaan.<\/p>\n<p class=\"paragraph\">\u2013 Olimme abihuoneessa. Heitin vett\u00e4 minun kaverini p\u00e4\u00e4lle. Sitten rehtori tuli paikalle oikein vihaisena. H\u00e4n nappasi vesipullon k\u00e4dest\u00e4 ja kaatoi sen minun p\u00e4\u00e4lleni, opiskelija kertoo tilanteesta.<\/p>\n<p class=\"paragraph\">Pojan mukaan rehtori ei ole ollut viel\u00e4 keskiviikkona henkil\u00f6kohtaisesti h\u00e4neen yhteydess\u00e4 tapahtumasta.<\/p>\n<p class=\"paragraph\">Rehtori Tikan mukaan asia on k\u00e4sitelty opiskelijan ja h\u00e4nen huoltajansa kanssa. Vesisotaa k\u00e4siteltiin keskiviikkona huoltajien kokouksessa. Tikka sanoo huoltajien toivoneen h\u00e4irik\u00f6inneille abeille rangaistusta.<\/p>\n<p>Rehtorin mukaan abit sotkivat koulun tiloissa. Kuvituskuva. Kaisa Vehkalahti<\/p>\n<p>Turhan kiivas reagointi<\/p>\n<p class=\"paragraph\">Tikka sanoo my\u00f6s ilmoittaneensa koulun tapahtumista omalle esihenkil\u00f6lleen.<\/p>\n<p class=\"paragraph\">Helsingin lukio- ja ammatillisen koulutuksen ja vapaan sivistysty\u00f6n johtaja <strong>Harri Korhonen<\/strong> kuulee tapahtumista ensimm\u00e4isen kerran keskiviikkona Iltalehden toimittajalta saamassaan puhelussa.<\/p>\n<p class=\"paragraph\">Selvittelyn j\u00e4lkeen h\u00e4n niin ik\u00e4\u00e4n vahvistaa koulun tapahtumat.<\/p>\n<p class=\"paragraph\">\u2013 Rehtori oli v\u00e4h\u00e4n turhan kiivaasti reagoinut abiturienttien vesisotaan, Korhonen toteaa.<\/p>\n<p class=\"paragraph\">H\u00e4n kertoo rehtori Tikan olevan pahoillaan tapahtuneesta. Korhosen korviin ei ole aikaisemmin kantautunut negatiivista palautetta Tikasta.<\/p>\n<p class=\"paragraph\">\u2013 H\u00e4n on pitk\u00e4n linjan rehtori ja eritt\u00e4in kovatasoinen ammattilainen. H\u00e4nt\u00e4 tietysti harmittaa kamalasti, ett\u00e4 tuossa kohdassa v\u00e4h\u00e4n meni yli niin sanotusti.<\/p>\n<p class=\"paragraph\">Korhonen kuitenkin tuomitsee abien k\u00e4yt\u00f6ksen. H\u00e4nen mukaansa luonnontiedelukiossa on painotettu hyvi\u00e4 k\u00e4yt\u00f6stapoja, ja p\u00e4\u00e4s\u00e4\u00e4nt\u00f6isesti siell\u00e4 on eritt\u00e4in hyv\u00e4k\u00e4yt\u00f6ksisi\u00e4 opiskelijoita.<\/p>\n<p class=\"paragraph\">\u2013 Abien vesisota p\u00e4\u00e4si liian pitk\u00e4lle. Ulkotiloissa se olisi viel\u00e4 menetellyt, mutta sis\u00e4tiloissa se ei toimi, ett\u00e4 ruvetaan vesisotaa k\u00e4ym\u00e4\u00e4n.<\/p>\n","protected":false},"excerpt":{"rendered":"Helsingin lukiokoulutuksen johtaja n\u00e4kee rehtorin reaktion menneen yli. H\u00e4n silti tuomitsee abien aloittaman vesisodan koulun tiloissa. Helsingin luonnontiedelukion&hellip;\n","protected":false},"author":2,"featured_media":340904,"comment_status":"","ping_status":"","sticky":false,"template":"","format":"standard","meta":{"footnotes":"","_share_on_mastodon":"0"},"categories":[12],"tags":[35,22,23,26,27,33,31,30,17,615,96,757,24,25,28,29,15,5443,617,18,21,32,19,20,16],"class_list":["post-340903","post","type-post","status-publish","format-standard","has-post-thumbnail","category-suomi","tag-24h","tag-breaking-news","tag-breakingnews","tag-featured-news","tag-featurednews","tag-fi","tag-finland","tag-finnish","tag-headlines","tag-koulut","tag-koulutus","tag-koulutus-ja-kasvatus","tag-latest-news","tag-latestnews","tag-main-news","tag-mainnews","tag-news","tag-opiskeleminen","tag-opiskelijat-ja-oppilaat","tag-otsikot","tag-paauutiset","tag-suomi","tag-top-stories","tag-topstories","tag-uutiset"],"share_on_mastodon":{"url":"https:\/\/pubeurope.com\/@fi\/117210250923719469","error":""},"_links":{"self":[{"href":"https:\/\/www.europesays.com\/fi\/wp-json\/wp\/v2\/posts\/340903","targetHints":{"allow":["GET"]}}],"collection":[{"href":"https:\/\/www.europesays.com\/fi\/wp-json\/wp\/v2\/posts"}],"about":[{"href":"https:\/\/www.europesays.com\/fi\/wp-json\/wp\/v2\/types\/post"}],"author":[{"embeddable":true,"href":"https:\/\/www.europesays.com\/fi\/wp-json\/wp\/v2\/users\/2"}],"replies":[{"embeddable":true,"href":"https:\/\/www.europesays.com\/fi\/wp-json\/wp\/v2\/comments?post=340903"}],"version-history":[{"count":0,"href":"https:\/\/www.europesays.com\/fi\/wp-json\/wp\/v2\/posts\/340903\/revisions"}],"wp:featuredmedia":[{"embeddable":true,"href":"https:\/\/www.europesays.com\/fi\/wp-json\/wp\/v2\/media\/340904"}],"wp:attachment":[{"href":"https:\/\/www.europesays.com\/fi\/wp-json\/wp\/v2\/media?parent=340903"}],"wp:term":[{"taxonomy":"category","embeddable":true,"href":"https:\/\/www.europesays.com\/fi\/wp-json\/wp\/v2\/categories?post=340903"},{"taxonomy":"post_tag","embeddable":true,"href":"https:\/\/www.europesays.com\/fi\/wp-json\/wp\/v2\/tags?post=340903"}],"curies":[{"name":"wp","href":"https:\/\/api.w.org\/{rel}","templated":true}]}}