{"id":340907,"date":"2026-09-04T01:50:42","date_gmt":"2026-09-04T01:50:42","guid":{"rendered":"https:\/\/www.europesays.com\/fi\/340907\/"},"modified":"2026-09-04T01:50:42","modified_gmt":"2026-09-04T01:50:42","slug":"katso-abitreenien-yo-koelahetys-psykologian-historian-ja-fysiikan-kokeista-abitreenit-2","status":"publish","type":"post","link":"https:\/\/www.europesays.com\/fi\/340907\/","title":{"rendered":"Katso Abitreenien yo-koel\u00e4hetys psykologian, historian ja fysiikan kokeista! | Abitreenit"},"content":{"rendered":"<p class=\"aw__sc-1qwuw0s-0 aw__sc-ngllmo-0 epAWpq fzYpjk yle__article__paragraph\">Abitreenien yo-koel\u00e4hetyksess\u00e4 k\u00e4yd\u00e4\u00e4n l\u00e4pi p\u00e4iv\u00e4n yo-kokeet psykologiasta, fysiikasta ja historiasta sek\u00e4 pohditaan, mit\u00e4 t\u00e4ydellisiin vastauksiin vaadittiin. Keskustelemassa ovat Ylioppilastutkintolautakunnan asiantuntija, aineenopettaja ja kokeen tehnyt kokelas.<\/p>\n<p>L\u00e4hetysvieraina:<\/p>\n<p class=\"aw__sc-1qwuw0s-0 aw__sc-ngllmo-0 epAWpq fzYpjk yle__article__paragraph\"><strong class=\"aw__sc-ngllmo-2 gdRrun yle__article__strong\">Psykologia<\/strong><\/p>\n<p class=\"aw__sc-1qwuw0s-0 aw__sc-ngllmo-0 epAWpq fzYpjk yle__article__paragraph\">Nils Sandman, YTL:n asiantuntija<br \/>Minka Kallio, opettaja<br \/>Matilda Nikkinen, lukiolainen<\/p>\n<p class=\"aw__sc-1qwuw0s-0 aw__sc-ngllmo-0 epAWpq fzYpjk yle__article__paragraph\"><strong class=\"aw__sc-ngllmo-2 gdRrun yle__article__strong\">Fysiikka<\/strong><\/p>\n<p class=\"aw__sc-1qwuw0s-0 aw__sc-ngllmo-0 epAWpq fzYpjk yle__article__paragraph\">Ilkka Hendolin, YTL:n asiantuntija<br \/>Panu Viitanen, opettaja<br \/>Lukas Virtala, lukiolainen<\/p>\n<p class=\"aw__sc-1qwuw0s-0 aw__sc-ngllmo-0 epAWpq fzYpjk yle__article__paragraph\"><strong class=\"aw__sc-ngllmo-2 gdRrun yle__article__strong\">Historia<\/strong><\/p>\n<p class=\"aw__sc-1qwuw0s-0 aw__sc-ngllmo-0 epAWpq fzYpjk yle__article__paragraph\">Jussi Hanska, YTL:n asiantuntija<br \/>Suvi Rand\u00e9n, opettaja<br \/>Elli Perttil\u00e4, lukiolainen<\/p>\n<p class=\"aw__sc-1qwuw0s-0 aw__sc-ngllmo-0 epAWpq fzYpjk yle__article__paragraph\">L\u00e4hetys on katsottavissa suorana <a class=\"aw__sc-ngllmo-1 bTDnwX yle__article__link\" href=\"https:\/\/areena.yle.fi\/1-50911971\" role=\"link\" rel=\"nofollow noopener\" target=\"_blank\">Yle Areenasta keskiviikkona 15.9. klo 18.<\/a> L\u00e4hetyksen juontaa Inkeri Alatalo.<\/p>\n<p class=\"aw__sc-1qwuw0s-0 aw__sc-ngllmo-0 epAWpq fzYpjk yle__article__paragraph\"><strong class=\"aw__sc-ngllmo-2 gdRrun yle__article__strong\">HUOM! Lomakkeessa voit l\u00e4hett\u00e4\u00e4 kysymyksesi my\u00f6s biologian kokeeseen, jota k\u00e4sitell\u00e4\u00e4n <a class=\"aw__sc-ngllmo-1 bTDnwX yle__article__link\" href=\"https:\/\/yle.fi\/aihe\/a\/20-10001177\" role=\"link\" rel=\"nofollow noopener\" target=\"_blank\">IG-livess\u00e4<\/a> Abitreenien tilill\u00e4 torstaina 16.9. klo 18.<\/strong><\/p>\n<p class=\"aw__sc-1qwuw0s-0 aw__sc-ngllmo-0 epAWpq fzYpjk yle__article__paragraph\">15.9. klo 15:48: juttua p\u00e4ivitetty ja vaihdettu psykologian abivieraan nimi oikeaan.<\/p>\n","protected":false},"excerpt":{"rendered":"Abitreenien yo-koel\u00e4hetyksess\u00e4 k\u00e4yd\u00e4\u00e4n l\u00e4pi p\u00e4iv\u00e4n yo-kokeet psykologiasta, fysiikasta ja historiasta sek\u00e4 pohditaan, mit\u00e4 t\u00e4ydellisiin vastauksiin vaadittiin. Keskustelemassa ovat&hellip;\n","protected":false},"author":2,"featured_media":340908,"comment_status":"","ping_status":"","sticky":false,"template":"","format":"standard","meta":{"footnotes":"","_share_on_mastodon":"0"},"categories":[115],"tags":[794,1647,33,31,30,455,1433,793,1201,2317,454,4308,118,32,119,792,1777,1648,1512],"class_list":["post-340907","post","type-post","status-publish","format-standard","has-post-thumbnail","category-fysiikka","tag-abitreenit","tag-abiturientit","tag-fi","tag-finland","tag-finnish","tag-fysiikka","tag-historia","tag-lukio","tag-lukiolaiset","tag-opettajat","tag-physics","tag-psykologia","tag-science","tag-suomi","tag-tiede","tag-ylioppilaskirjoitukset","tag-ylioppilaskoe","tag-ylioppilastehtavat","tag-ylioppilastutkintolautakunta"],"share_on_mastodon":{"url":"https:\/\/pubeurope.com\/@fi\/117210266101571782","error":""},"_links":{"self":[{"href":"https:\/\/www.europesays.com\/fi\/wp-json\/wp\/v2\/posts\/340907","targetHints":{"allow":["GET"]}}],"collection":[{"href":"https:\/\/www.europesays.com\/fi\/wp-json\/wp\/v2\/posts"}],"about":[{"href":"https:\/\/www.europesays.com\/fi\/wp-json\/wp\/v2\/types\/post"}],"author":[{"embeddable":true,"href":"https:\/\/www.europesays.com\/fi\/wp-json\/wp\/v2\/users\/2"}],"replies":[{"embeddable":true,"href":"https:\/\/www.europesays.com\/fi\/wp-json\/wp\/v2\/comments?post=340907"}],"version-history":[{"count":0,"href":"https:\/\/www.europesays.com\/fi\/wp-json\/wp\/v2\/posts\/340907\/revisions"}],"wp:featuredmedia":[{"embeddable":true,"href":"https:\/\/www.europesays.com\/fi\/wp-json\/wp\/v2\/media\/340908"}],"wp:attachment":[{"href":"https:\/\/www.europesays.com\/fi\/wp-json\/wp\/v2\/media?parent=340907"}],"wp:term":[{"taxonomy":"category","embeddable":true,"href":"https:\/\/www.europesays.com\/fi\/wp-json\/wp\/v2\/categories?post=340907"},{"taxonomy":"post_tag","embeddable":true,"href":"https:\/\/www.europesays.com\/fi\/wp-json\/wp\/v2\/tags?post=340907"}],"curies":[{"name":"wp","href":"https:\/\/api.w.org\/{rel}","templated":true}]}}