{"id":340915,"date":"2026-09-04T02:07:12","date_gmt":"2026-09-04T02:07:12","guid":{"rendered":"https:\/\/www.europesays.com\/fi\/340915\/"},"modified":"2026-09-04T02:07:12","modified_gmt":"2026-09-04T02:07:12","slug":"behmilla-on-kallis-luksusasu-jota-han-on-kayttanyt-vain-kerran-havettaa-ihan-hirveasti","status":"publish","type":"post","link":"https:\/\/www.europesays.com\/fi\/340915\/","title":{"rendered":"Behmill\u00e4 on kallis luksusasu, jota h\u00e4n on k\u00e4ytt\u00e4nyt vain kerran: \u201dH\u00e4vett\u00e4\u00e4 ihan hirve\u00e4sti!\u201d"},"content":{"rendered":"<p>Laulaja Rita Behm paljastaa Iltalehdelle kalleimman asunsa.<\/p>\n<p><img decoding=\"async\" class=\"image image-show image-preview\" src=\"https:\/\/www.europesays.com\/fi\/wp-content\/uploads\/2026\/09\/5e2a46b0c04bb7bc5e463d08711ccf23285df7076bc5e1a6154c539b6a8b5eff.jpg\" alt=\"\"\/><img decoding=\"async\" class=\"image image-show\" src=\"https:\/\/www.europesays.com\/fi\/wp-content\/uploads\/2026\/09\/1788487632_205_5e2a46b0c04bb7bc5e463d08711ccf23285df7076bc5e1a6154c539b6a8b5eff.jpg\" alt=\"\"\/><\/p>\n<p>Laulaja Rita Behm saapui Presidentin kyyditys -elokuvan kutsuvierasensi-iltaan. Jukka Vaso<\/p>\n<p class=\"paragraph\">Artisti <strong>Rita Behm<\/strong>, 31, her\u00e4si kauheaan kolinaan tiistain ja keskiviikon v\u00e4lisen\u00e4 y\u00f6n\u00e4. \u00c4\u00e4nen aiheuttaja n\u00e4kyi heti j\u00e4hmettyneen\u00e4 ikkunalaudalla. Pumpuli-kissalla oli silm\u00e4t suurina.<\/p>\n<p class=\"paragraph\">\u2013 Pumpuli oli pudottanut lasiastiani, jossa oli jotain hiuskampoja. T\u00e4t\u00e4 tapahtuu, mutta yll\u00e4tt\u00e4v\u00e4n v\u00e4h\u00e4n. Tuntuu, ett\u00e4 kissat tekev\u00e4t tuota, kun he haluavat huomiota \u2013 tai sitten ne ovat vittup\u00e4it\u00e4, Behm kertoo Iltalehdelle hieman naurahtaen Presidentin kyyditys -elokuvan kutsuvierasensi-illassa.<\/p>\n<p class=\"paragraph\">Behm on viett\u00e4nyt niin sanotusti sapattivuotta keikkailusta ja ottanut tilaa uuden musiikin luomiselle. H\u00e4n teki kes\u00e4ll\u00e4 kolme keikkaa, joista yksi oli Ruisrock-festivaalilla.<\/p>\n<p class=\"paragraph\">\u2013 Kaikki on hyvin, ei miss\u00e4\u00e4n nimess\u00e4 saa huolestua. P\u00e4invastoin, on tervett\u00e4 osata ottaa tilaa, kun sit\u00e4 tarvitsee. Tulen keikkailemaan, mutta haluan ensin albumin olevan sellaisessa kunnossa, ett\u00e4 on jotain, mill\u00e4 keikkailla. Ei jaksa veivata samoja lauluja, Behm kertoo.<\/p>\n<p>Behm keskittyy t\u00e4ll\u00e4 hetkell\u00e4 uuden levyn tekemiseen. Jukka Vaso<\/p>\n<p>Kallis asu<\/p>\n<p class=\"paragraph\">Behmin keikkatyyli on tunnetusti eritt\u00e4in teatraalinen ja elegantti. Behm tunnustaa, ettei h\u00e4nen kalleinta asuaan ole n\u00e4hty mill\u00e4\u00e4n keikalla.<\/p>\n<p class=\"paragraph\">\u2013 Varmaan kallein asuni on Valentinon haute couture -asu. Ostin sen Vestiairesta ja se maksoi tuhansia euroja, Behm paljastaa ja viittaa kansainv\u00e4liseen verkkokauppaan.<\/p>\n<p class=\"paragraph\">\u2013 Se roikkuu ty\u00f6huoneeni naulakossa. Olen k\u00e4ytt\u00e4nyt sit\u00e4 kerran ja minua h\u00e4vett\u00e4\u00e4 ihan hirve\u00e4sti! Mutta halusin sen siin\u00e4 hetkess\u00e4 ja uskon, ett\u00e4 sille tulee varmasti viel\u00e4 jotain k\u00e4ytt\u00f6\u00e4, h\u00e4n jatkaa.<\/p>\n<p class=\"paragraph\">Behm kertoo k\u00e4ytt\u00e4neens\u00e4 asua joskus promokuvauksissa. Behmi\u00e4 h\u00e4vett\u00e4\u00e4, ettei ole k\u00e4ytt\u00e4nyt asua, koska h\u00e4n n\u00e4kee sen olevan teos.<\/p>\n<p class=\"paragraph\">\u2013 Se on \u00e4\u00e4rimm\u00e4isen hieno. Katsoin sit\u00e4 monta kuukautta ja mietin, ett\u00e4 t\u00e4m\u00e4 on oikeasti kallis. Mutta sitten olin silleen, ett\u00e4 halusin t\u00e4m\u00e4n. Sitten ostin sen. En tied\u00e4, oliko se j\u00e4rkev\u00e4\u00e4, mutta nyt minulla ainakin on se, h\u00e4n toteaa hymyillen.<\/p>\n<p class=\"paragraph\">Haute couturella viitataan usein korkeatasoiseen ja k\u00e4sin tehtyyn mittatilausmuotiin. Valentino on italialainen luksusmuotitalo, joka on tunnettu ylellisest\u00e4 k\u00e4sity\u00f6st\u00e4\u00e4n, glamourista ja hienostuneesta muotoilustaan.<\/p>\n","protected":false},"excerpt":{"rendered":"Laulaja Rita Behm paljastaa Iltalehdelle kalleimman asunsa. Laulaja Rita Behm saapui Presidentin kyyditys -elokuvan kutsuvierasensi-iltaan. Jukka Vaso Artisti&hellip;\n","protected":false},"author":2,"featured_media":340916,"comment_status":"","ping_status":"","sticky":false,"template":"","format":"standard","meta":{"footnotes":"","_share_on_mastodon":"0"},"categories":[130],"tags":[35,138,137,33,31,30,525,47,141,32,484,109],"class_list":["post-340915","post","type-post","status-publish","format-standard","has-post-thumbnail","category-viihde","tag-24h","tag-audio","tag-entertainment","tag-fi","tag-finland","tag-finnish","tag-laulaminen-ja-laulajat","tag-musiikki","tag-muusikot-bandit","tag-suomi","tag-taiteellinen-ilmaisu-ja-mediat","tag-viihde"],"share_on_mastodon":{"url":"https:\/\/pubeurope.com\/@fi\/117210333410085197","error":""},"_links":{"self":[{"href":"https:\/\/www.europesays.com\/fi\/wp-json\/wp\/v2\/posts\/340915","targetHints":{"allow":["GET"]}}],"collection":[{"href":"https:\/\/www.europesays.com\/fi\/wp-json\/wp\/v2\/posts"}],"about":[{"href":"https:\/\/www.europesays.com\/fi\/wp-json\/wp\/v2\/types\/post"}],"author":[{"embeddable":true,"href":"https:\/\/www.europesays.com\/fi\/wp-json\/wp\/v2\/users\/2"}],"replies":[{"embeddable":true,"href":"https:\/\/www.europesays.com\/fi\/wp-json\/wp\/v2\/comments?post=340915"}],"version-history":[{"count":0,"href":"https:\/\/www.europesays.com\/fi\/wp-json\/wp\/v2\/posts\/340915\/revisions"}],"wp:featuredmedia":[{"embeddable":true,"href":"https:\/\/www.europesays.com\/fi\/wp-json\/wp\/v2\/media\/340916"}],"wp:attachment":[{"href":"https:\/\/www.europesays.com\/fi\/wp-json\/wp\/v2\/media?parent=340915"}],"wp:term":[{"taxonomy":"category","embeddable":true,"href":"https:\/\/www.europesays.com\/fi\/wp-json\/wp\/v2\/categories?post=340915"},{"taxonomy":"post_tag","embeddable":true,"href":"https:\/\/www.europesays.com\/fi\/wp-json\/wp\/v2\/tags?post=340915"}],"curies":[{"name":"wp","href":"https:\/\/api.w.org\/{rel}","templated":true}]}}