{"id":340957,"date":"2026-09-04T03:25:18","date_gmt":"2026-09-04T03:25:18","guid":{"rendered":"https:\/\/www.europesays.com\/fi\/340957\/"},"modified":"2026-09-04T03:25:18","modified_gmt":"2026-09-04T03:25:18","slug":"supersuosittu-glen-hansard-teki-vuosia-toita-suomalaismuusikon-kanssa-soin-itku-kurkussa-kun-kuulin-kuolemasta-kulttuuricocktail","status":"publish","type":"post","link":"https:\/\/www.europesays.com\/fi\/340957\/","title":{"rendered":"Supersuosittu Glen Hansard teki vuosia t\u00f6it\u00e4 suomalaismuusikon kanssa \u2013 \u201dS\u00f6in itku kurkussa, kun kuulin kuolemasta\u201d | Kulttuuricocktail"},"content":{"rendered":"<p class=\"aw__sc-1qwuw0s-0 aw__sc-ngllmo-0 epAWpq fzYpjk yle__article__paragraph\">Muusikko <strong class=\"aw__sc-ngllmo-2 gdRrun yle__article__strong\">Glen Hansard<\/strong> kuoli moottoripy\u00f6r\u00e4onnettomuudessa hein\u00e4kuun lopussa 56-vuotiaana. Hansardin kuolema oli suuri uutinen maailmanlaajuisesti.<\/p>\n<p class=\"aw__sc-1qwuw0s-0 aw__sc-ngllmo-0 epAWpq fzYpjk yle__article__paragraph\">Katusoittajana aloittanut Hansard tuli kuuluisaksi elokuvasta Once (2007), joka toi h\u00e4nelle Oscar-palkinnon. H\u00e4nest\u00e4 tuli Irlannin kansallissankari, joka esiintyi <strong class=\"aw__sc-ngllmo-2 gdRrun yle__article__strong\">Bonon<\/strong>, <strong class=\"aw__sc-ngllmo-2 gdRrun yle__article__strong\">Bruce Springsteenin<\/strong> ja <strong class=\"aw__sc-ngllmo-2 gdRrun yle__article__strong\">Eddie Vedderin<\/strong> kaltaisten t\u00e4htien kanssa.<\/p>\n<p class=\"aw__sc-1qwuw0s-0 aw__sc-ngllmo-0 epAWpq fzYpjk yle__article__paragraph\">Harva tiet\u00e4\u00e4, ett\u00e4 Hansard asui osan ajastaan perheens\u00e4 kanssa Helsingiss\u00e4. Viel\u00e4 harvempi tiet\u00e4\u00e4, ett\u00e4 Hansardin yhteisty\u00f6kumppani yli 20 vuoden ajan oli suomalainen viulisti, <strong class=\"aw__sc-ngllmo-2 gdRrun yle__article__strong\">Marja Gaynor<\/strong> (ent. <strong class=\"aw__sc-ngllmo-2 gdRrun yle__article__strong\">Tuhkanen<\/strong>).<\/p>\n<p class=\"aw__sc-1qwuw0s-0 aw__sc-ngllmo-0 epAWpq fzYpjk yle__article__paragraph\">Gaynor antoi ensimm\u00e4isen Hansardia k\u00e4sittelev\u00e4n haastattelunsa Ylelle. Haastattelu on tehty puhelimessa ja s\u00e4hk\u00f6postissa.<\/p>\n<p class=\"aw__sc-1qwuw0s-0 aw__sc-ngllmo-0 epAWpq fzYpjk yle__article__paragraph\"><strong class=\"aw__sc-ngllmo-2 gdRrun yle__article__strong\">Miss\u00e4 olit, kun kuulit Glen Hansardin kuolemasta?<\/strong><\/p>\n<p class=\"aw__sc-1qwuw0s-0 aw__sc-ngllmo-0 epAWpq fzYpjk yle__article__paragraph\">Autossa matkalla It\u00e4keskukseen sushibuffaan, ison perheen tyypillinen l\u00e4ht\u00f6kaaos p\u00e4\u00e4ll\u00e4. Olimme menossa Helsinki-Vantaalle ja sielt\u00e4 kotiin Irlantiin. Sain kuulla tapahtuneesta minun ja Glenin yhteiselt\u00e4 muusikkokaverilta <strong class=\"aw__sc-ngllmo-2 gdRrun yle__article__strong\">Paul Tiernanilta<\/strong> tuntia ennen kuin suru-uutinen kerrottiin mediassa.<\/p>\n<p class=\"aw__sc-1qwuw0s-0 aw__sc-ngllmo-0 epAWpq fzYpjk yle__article__paragraph\"><strong class=\"aw__sc-ngllmo-2 gdRrun yle__article__strong\">Miten pystyit sy\u00f6m\u00e4\u00e4n sushia suru-uutisen juuri kuultuasi?<\/strong><\/p>\n<p class=\"aw__sc-1qwuw0s-0 aw__sc-ngllmo-0 epAWpq fzYpjk yle__article__paragraph\">S\u00f6in itku kurkussa. En kehdannut j\u00e4tt\u00e4\u00e4 ateriaa v\u00e4liin, koska oli pitk\u00e4 p\u00e4iv\u00e4 tiedossa. Lentokent\u00e4ll\u00e4 join mieheni kanssa konjakit emmek\u00e4 tainneet sanoa mit\u00e4\u00e4n muuta kuin Glenin muistolle.<\/p>\n<p class=\"aw__sc-1qwuw0s-0 aw__sc-ngllmo-0 epAWpq fzYpjk yle__article__paragraph\"><strong class=\"aw__sc-ngllmo-2 gdRrun yle__article__strong\">Mit\u00e4 mieless\u00e4si liikkui tuolloin?<\/strong><\/p>\n<p class=\"aw__sc-1qwuw0s-0 aw__sc-ngllmo-0 epAWpq fzYpjk yle__article__paragraph\">\u00c4\u00e4ri\u00e4\u00e4n my\u00f6ten t\u00e4ynn\u00e4 el\u00e4m\u00e4\u00e4 ja elinvoimaa olevaa ihmist\u00e4 ei voi kuvitella kuolleena. Se tuntuu j\u00e4rjenvastaiselta. H\u00e4n oli poikkeuksellisen elossa.<\/p>\n<p class=\"aw__sc-1qwuw0s-0 aw__sc-ngllmo-0 epAWpq fzYpjk yle__article__paragraph\">Gleniss\u00e4 eli muinainen irlantilainen soturi tai bardi, joka pulppusi punaisine kiharoine hiuksineen sek\u00e4 maanl\u00e4heist\u00e4 ett\u00e4 maanista energiaa. Kuvittelen h\u00e4net heiluttamassa toisella vuosisadalla kirvest\u00e4 taistelussa, sy\u00f6m\u00e4ss\u00e4 iltaisin Obelixin villisikaa ja laulamassa balladeja nuotion \u00e4\u00e4ress\u00e4.<\/p>\n<p class=\"aw__sc-1qwuw0s-0 aw__sc-ngllmo-0 epAWpq fzYpjk yle__article__paragraph\"><strong class=\"aw__sc-ngllmo-2 gdRrun yle__article__strong\">Miten taistelijapuoli ilmeni h\u00e4ness\u00e4 muusikkona?<\/strong><\/p>\n<p class=\"aw__sc-1qwuw0s-0 aw__sc-ngllmo-0 epAWpq fzYpjk yle__article__paragraph\">H\u00e4n suhtautui esiintymiseen kuin riemulliseen sodank\u00e4yntiin ja asetti itselleen paineita tehd\u00e4 joka keikasta mahtavan. Glen oli usein pahantuulinen soundcheckeiss\u00e4. En usko, ett\u00e4 tyytym\u00e4tt\u00f6myys luotto\u00e4\u00e4nimiehiin oli oikea syy, vaan h\u00e4n saattoi alkaa psyykata itse\u00e4\u00e4n taistelukuntoon, jotta konsertin alkaessa aggressio olisi poissa.<\/p>\n<p><img decoding=\"async\" alt=\"Nelj\u00e4 aikuista istuu vierekk\u00e4in sis\u00e4tilassa; taustalla on hyllyj\u00e4 ja sein\u00e4ll\u00e4 suuri taulu.\" src=\"https:\/\/www.europesays.com\/fi\/wp-content\/uploads\/2026\/09\/1788338061.jpeg\" loading=\"lazy\" class=\"aw__sc-dklauk-0 LPzKX\"\/><\/p>\n<p>Avaa kuvien katselu<\/p>\n<p>Marja Gaynor, Bertrand Galen, Mark\u00e9ta Irglov\u00e1 ja Hansard. \u201cT\u00e4m\u00e4 on otettu helmikuussa 2024 Mark\u00e9tan kotistudiossa Islannissa. Kuvasta v\u00e4littyy viimeisen levyn \u00e4\u00e4nitysten l\u00e4mmin tunnelma.\u201d  Kuva: Marja Gaynor<\/p>\n<p class=\"aw__sc-1qwuw0s-0 aw__sc-ngllmo-0 epAWpq fzYpjk yle__article__paragraph\"><strong class=\"aw__sc-ngllmo-2 gdRrun yle__article__strong\">Miten ja milloin tapasitte ensimm\u00e4isen kerran?<\/strong><\/p>\n<p class=\"aw__sc-1qwuw0s-0 aw__sc-ngllmo-0 epAWpq fzYpjk yle__article__paragraph\">Vuonna 2005 eli ennen Once-elokuvaa, jolloin Glen ei ollut viel\u00e4 kuuluisa Irlannin ulkopuolella. Olin asunut jo muutaman vuoden Irlannissa. Min\u00e4 ja kaverini sellisti <strong class=\"aw__sc-ngllmo-2 gdRrun yle__article__strong\">Bertrand Galen<\/strong> olimme kulttib\u00e4ndi <strong class=\"aw__sc-ngllmo-2 gdRrun yle__article__strong\">Interferencen<\/strong> kiertueella, jolla my\u00f6s Glen esiintyi. H\u00e4n kuuli minun ja Bertrandin soittoa ja h\u00e4r\u00f6ily\u00e4 soundcheckiss\u00e4.<\/p>\n<p class=\"aw__sc-1qwuw0s-0 aw__sc-ngllmo-0 epAWpq fzYpjk yle__article__paragraph\">H\u00e4n tuli keikan j\u00e4lkeen juttelemaan meille ja kertoi, ett\u00e4 tekee musiikkia er\u00e4\u00e4n Marketan kanssa eli <strong class=\"aw__sc-ngllmo-2 gdRrun yle__article__strong\">Mark\u00e9ta Irglov\u00e1n<\/strong>, joka n\u00e4yttelee toista p\u00e4\u00e4roolia Oncessa. Glen kysyi haluaisimmeko tulla soittamaan jouset heid\u00e4n tulevalle levylleen. Ja meh\u00e4n olimme tietenkin into pinke\u00e4n\u00e4, ett\u00e4 totta kai.<\/p>\n<p class=\"aw__sc-1qwuw0s-0 aw__sc-ngllmo-0 epAWpq fzYpjk yle__article__paragraph\"><strong class=\"aw__sc-ngllmo-2 gdRrun yle__article__strong\">Millaista oli tehd\u00e4 levyj\u00e4 h\u00e4nen kanssaan?<\/strong><\/p>\n<p class=\"aw__sc-1qwuw0s-0 aw__sc-ngllmo-0 epAWpq fzYpjk yle__article__paragraph\">Nopeaa. Normaalisti h\u00e4nell\u00e4 ja Maukalla (Mark\u00e9ta Irgov\u00e1) oli kappale jo jousia vaille valmiina. He nauhoittivat sen otolla tai kahdella ja me kuuntelimme. Sitten saimme vapaat k\u00e4det luoda stemmat.<\/p>\n<p class=\"aw__sc-1qwuw0s-0 aw__sc-ngllmo-0 epAWpq fzYpjk yle__article__paragraph\">Ty\u00f6tapa sopi meille hyvin, koska olemme t\u00e4llaisia vapautuneita pelimanneja ja tykk\u00e4\u00e4mme hoitaa hommat nopeasti. Valmista syntyi usein tunnissa. Meill\u00e4 ei ollut koskaan nuotteja keikoilla, harvoin studiossakaan muuta kuin ideantynki\u00e4 raapustettuna.<\/p>\n<p class=\"aw__sc-1qwuw0s-0 aw__sc-ngllmo-0 epAWpq fzYpjk yle__article__paragraph\">Luulen ett\u00e4 tulin Glenin kanssa hyvin juttuun, koska tylsistyimme molemmat nopeasti \u2013 aina pit\u00e4\u00e4 olla s\u00e4pin\u00e4\u00e4 ja uutta. Tykk\u00e4sin kovasti my\u00f6s h\u00e4nen melodiantajustaan ja soinnuistaan, jotka eiv\u00e4t aina vie sinne, minne oletat.<\/p>\n<p class=\"aw__sc-1qwuw0s-0 aw__sc-ngllmo-0 epAWpq fzYpjk yle__article__paragraph\">Tyypillist\u00e4 oli my\u00f6s soittaa ensin tosi lujaa, jonka j\u00e4lkeen tulee hiirenhiljainen kohta ja sitten taas t\u00e4ysi\u00e4. Barokkimuusikkona pid\u00e4n siit\u00e4, ett\u00e4 on yll\u00e4tyksi\u00e4 ja dynamiikkaa.<\/p>\n<p class=\"aw__sc-1qwuw0s-0 aw__sc-ngllmo-0 epAWpq fzYpjk yle__article__paragraph\"><strong class=\"aw__sc-ngllmo-2 gdRrun yle__article__strong\">Soittoasi voi kuulla<\/strong> <strong class=\"aw__sc-ngllmo-2 gdRrun yle__article__strong\">Oncen<\/strong> <strong class=\"aw__sc-ngllmo-2 gdRrun yle__article__strong\">isoimmalla hitill\u00e4 eli<\/strong> <strong class=\"aw__sc-ngllmo-2 gdRrun yle__article__strong\">Falling Slowly.<\/strong> <strong class=\"aw__sc-ngllmo-2 gdRrun yle__article__strong\">Mit\u00e4 muistat sen tekemisest\u00e4?<\/strong><\/p>\n<p class=\"aw__sc-1qwuw0s-0 aw__sc-ngllmo-0 epAWpq fzYpjk yle__article__paragraph\">Se oli yksi kappale muiden joukossa: kaunis ja yksinkertainen laulu, jonka hittipotentiaalia en arvannut. Ensimm\u00e4inen tuntemani ihminen, joka uskoi siihen, on Paul Tiernan eli sama mies, joka soitti minulle Glenin kuolemasta. Kun Glen ja Marketa alkoivat soittaa laulua, Paul sanoi, ett\u00e4 pit\u00e4k\u00e4\u00e4 varanne, t\u00e4st\u00e4 kappaleesta tulee kuuluisa.<\/p>\n<p><img decoding=\"async\" alt=\"Kolme aikuista seisoo h\u00e4m\u00e4r\u00e4ss\u00e4 ulkona, taustalla n\u00e4kyy valoja ja rakennuksia. Kuva on ep\u00e4tarkka.\" src=\"https:\/\/www.europesays.com\/fi\/wp-content\/uploads\/2026\/09\/1788337994.jpeg\" loading=\"lazy\" class=\"aw__sc-dklauk-0 LPzKX\"\/><\/p>\n<p>Avaa kuvien katselu<\/p>\n<p>Gaynor, Hansard ja Bertrand Galen elokuussa 2023 Los Angelesissa. \u201cT\u00e4ss\u00e4 ollaan jatkoilla kattoterassilla keikan j\u00e4lkeen. Aiemmin illalla Red Hot Chili Peppersin rumpali Chad Smith oli ollut soittamassa keikallamme. H\u00e4n soitti niin kovaa, ett\u00e4 hajotti rumpalimme rumpusetin.\u201d Kuva: Marja Gaynor<\/p>\n<p class=\"aw__sc-1qwuw0s-0 aw__sc-ngllmo-0 epAWpq fzYpjk yle__article__paragraph\"><strong class=\"aw__sc-ngllmo-2 gdRrun yle__article__strong\">Millainen Hansard oli lavan ulkopuolella?<\/strong><\/p>\n<p class=\"aw__sc-1qwuw0s-0 aw__sc-ngllmo-0 epAWpq fzYpjk yle__article__paragraph\">El\u00e4m\u00e4\u00e4 suurempi, huoneen keskipiste ja loistava tarinankertoja. H\u00e4nell\u00e4 oli my\u00f6s herkk\u00e4 ihmistutka ja hyv\u00e4 tilannetaju.<\/p>\n<p class=\"aw__sc-1qwuw0s-0 aw__sc-ngllmo-0 epAWpq fzYpjk yle__article__paragraph\">T\u00f6rm\u00e4simme kerran my\u00f6h\u00e4\u00e4n illalla New Yorkissa heikossa hapessa olevaan kodittoman oloiseen mieheen, jolla oli eiliset meikit pitkin kasvoja. Excuse me, on tosi huono olo, voitteko auttaa, tyyppi aloitti. Oma reaktioni oli, ett\u00e4 h\u00e4n vain haluaa rahaa.<\/p>\n<p class=\"aw__sc-1qwuw0s-0 aw__sc-ngllmo-0 epAWpq fzYpjk yle__article__paragraph\">Glen sanoi, ett\u00e4 autamme h\u00e4nt\u00e4 ja soitti h\u00e4t\u00e4numeroon. H\u00e4n sanoi virkailijalle, ett\u00e4 t\u00e4\u00e4ll\u00e4 er\u00e4s lady tarvitsee apua. Huomasin lady-sanan kohdalla, miten apua tarvitseva ilahtui t\u00e4st\u00e4 eleest\u00e4 \u2013 joku on ymm\u00e4rt\u00e4nyt h\u00e4nt\u00e4. Glen odotti niin kauan, ett\u00e4 ambulanssi saapui.<\/p>\n<p class=\"aw__sc-1qwuw0s-0 aw__sc-ngllmo-0 epAWpq fzYpjk yle__article__paragraph\"><strong class=\"aw__sc-ngllmo-2 gdRrun yle__article__strong\">Once<\/strong> <strong class=\"aw__sc-ngllmo-2 gdRrun yle__article__strong\">toi Hansardillle Oscar-palkinnon parhaasta alkuper\u00e4iskappaleesta ja h\u00e4nest\u00e4 tuli kansainv\u00e4linen kuuluisuus. Muuttuiko h\u00e4n?<\/strong><\/p>\n<p class=\"aw__sc-1qwuw0s-0 aw__sc-ngllmo-0 epAWpq fzYpjk yle__article__paragraph\">Glen pysyi samanlaisena, mutta hulina h\u00e4nen ymp\u00e4rill\u00e4\u00e4n alkoi k\u00e4yd\u00e4 kovana. Sosiaalisuudestaan huolimatta h\u00e4n toivoi enemm\u00e4n rauhaa ja omaa tilaa, kun h\u00e4net tunnettiin kotimaassaan kaikkialla. Onneksi Glen sai asua loppuun asti Helsingiss\u00e4 niin, ettei juuri kukaan tunnistanut h\u00e4nt\u00e4, ja sai viett\u00e4\u00e4 aikaa vaimonsa ja lapsensa kanssa.<\/p>\n<p class=\"aw__sc-1qwuw0s-0 aw__sc-ngllmo-0 epAWpq fzYpjk yle__article__paragraph\"><strong class=\"aw__sc-ngllmo-2 gdRrun yle__article__strong\">Hansard oli naimisissa suomalaisen runoilija Maire Saaritsan kanssa. My\u00f6s sin\u00e4 olit linkki Suomeen. Millainen suhde h\u00e4nell\u00e4 oli Suomeen?<\/strong><\/p>\n<p class=\"aw__sc-1qwuw0s-0 aw__sc-ngllmo-0 epAWpq fzYpjk yle__article__paragraph\">Hyvin l\u00e4mmin, h\u00e4n piti suomalaisista ja Suomesta. K\u00e4sitt\u00e4\u00e4kseni h\u00e4nen aikansa kului kotona: vaipanvaihtoa, ruoanlaittoa ja roskapussin viemist\u00e4 ulos. Uskoisin, ettei h\u00e4n kiireisen\u00e4 kiertuenarkomaanina ehtinyt luoda Suomeen verkostoja tai yst\u00e4vysty\u00e4 paikallisiin muusikoihin. Suomalaisesta musiikista h\u00e4n tunsi ainakin <strong class=\"aw__sc-ngllmo-2 gdRrun yle__article__strong\">Ultra Bran<\/strong> Kahdeksanvuotiaana, koska lauloin sen h\u00e4nelle kerran keikkabussissa.<\/p>\n<p class=\"aw__sc-1qwuw0s-0 aw__sc-ngllmo-0 epAWpq fzYpjk yle__article__paragraph\"><strong class=\"aw__sc-ngllmo-2 gdRrun yle__article__strong\">Tuo kuulostaa toisaalta hyvin suomalaiselta, ett\u00e4 ollaan vaan kotona. Kuuluuko Suomi jotenkin h\u00e4nen musiikissaan?<\/strong><\/p>\n<p class=\"aw__sc-1qwuw0s-0 aw__sc-ngllmo-0 epAWpq fzYpjk yle__article__paragraph\">Joissain Glenin kappaleissa on viittauksia Helsinkiin. H\u00e4n laulaa Factory Streetin kelloista eli Agricolan kirkon kelloista Tehtaankadulla. Laulussa viitataan my\u00f6s ravintola Sea Horseen, joka on parin kivenheiton p\u00e4\u00e4ss\u00e4.<\/p>\n<p class=\"aw__sc-1qwuw0s-0 aw__sc-ngllmo-0 epAWpq fzYpjk yle__article__paragraph\">Laulu kertoo siit\u00e4, miten is\u00e4 l\u00e4htee kiertueelle ja poika j\u00e4\u00e4 kotiin. Glen sanoi joskus v\u00e4lispiikiss\u00e4, ettei tule olemaan t\u00e4\u00e4ll\u00e4 ikuisesti, mutta t\u00e4m\u00e4n laulun avulla h\u00e4nen poikansa voi muistella h\u00e4nt\u00e4 ja kuulla Tehtaankadun kirkon kellot.<\/p>\n<p class=\"aw__sc-1qwuw0s-0 aw__sc-ngllmo-0 epAWpq fzYpjk yle__article__paragraph\"><strong class=\"aw__sc-ngllmo-2 gdRrun yle__article__strong\">Mik\u00e4 teki h\u00e4nest\u00e4 niin ainutlaatuisen muusikon?<\/strong><\/p>\n<p class=\"aw__sc-1qwuw0s-0 aw__sc-ngllmo-0 epAWpq fzYpjk yle__article__paragraph\">Glen oli \u00e4\u00e4rimm\u00e4isen ennakkoluuloton ja avoin niin musiikin suhteen kuin el\u00e4m\u00e4n ylip\u00e4\u00e4ns\u00e4. H\u00e4n piti taitavasti yll\u00e4 balladiperinnett\u00e4, mutta etsi aina uutta ja ty\u00f6llisti valtavasti muusikoita eri genreist\u00e4. H\u00e4n k\u00e4vi mielell\u00e4\u00e4n my\u00f6s perusjaskojen jamittelusessioissa kuten kuoliniltanaan.<\/p>\n<p class=\"aw__sc-1qwuw0s-0 aw__sc-ngllmo-0 epAWpq fzYpjk yle__article__paragraph\">Ihailen h\u00e4nen tapaansa johtaa. Silloin harvoin kun liidaan, yrit\u00e4n ottaa mallia h\u00e4nen voimastaan, energiastaan ja selkeydest\u00e4\u00e4n. Vaikka Glen seisoi lavalla selk\u00e4 meihin muihin p\u00e4in, tiesin aina, mit\u00e4 hetken p\u00e4\u00e4st\u00e4 tapahtuu. H\u00e4n osasi kommunikoida kuin kapellimestari.<\/p>\n<p class=\"aw__sc-1qwuw0s-0 aw__sc-ngllmo-0 epAWpq fzYpjk yle__article__paragraph\"><strong class=\"aw__sc-ngllmo-2 gdRrun yle__article__strong\">Millainen asema Hansardin musiikilla on Irlannissa?<\/strong><\/p>\n<p class=\"aw__sc-1qwuw0s-0 aw__sc-ngllmo-0 epAWpq fzYpjk yle__article__paragraph\">Osa tykk\u00e4\u00e4, osa ei. H\u00e4nen ylti\u00f6rehellisyytens\u00e4 ja kaikki tunteet pinnassa esiintymisens\u00e4 saattoivat my\u00f6s vieraannuttaa. Olen ymm\u00e4rt\u00e4nyt, ett\u00e4 Glenin musiikki upposi hyvin amerikkalaisiin. Irlantilaiset ovat v\u00e4h\u00e4n kuin suomalaiset eli hieman kyynisi\u00e4 \u2013 t\u00e4\u00e4ll\u00e4 tyk\u00e4t\u00e4\u00e4n kettuilla omilleen, viel\u00e4p\u00e4 jos esiintyy yleis\u00f6n edess\u00e4 niin auki kuin Glen. Falling Slowly on tosin hyvin rakastettu kaikissa ik\u00e4luokissa.<\/p>\n<p><img decoding=\"async\" alt=\"Henkil\u00f6n ranteessa on kulunut, vaaleanharmaa ranneke, jossa on numero 1167.\" src=\"https:\/\/www.europesays.com\/fi\/wp-content\/uploads\/2026\/09\/1788338158.jpeg\" loading=\"lazy\" class=\"aw__sc-dklauk-0 LPzKX\"\/><\/p>\n<p>Avaa kuvien katselu<\/p>\n<p>\u201dKutsuvieraiden piti n\u00e4ytt\u00e4\u00e4 kirkon ovella sis\u00e4\u00e4np\u00e4\u00e4syranneketta Glen hautajaisiin. En meinannut saada otettua rannekettani j\u00e4lkeenp\u00e4in irti mill\u00e4\u00e4n, se j\u00e4i moneksi viikoksi ranteeseeni ja tuntui viimeiselt\u00e4 linkilt\u00e4 h\u00e4neen. 1167 tarkoittaa sis\u00e4\u00e4np\u00e4\u00e4synumeroa.\u201d  Kuva: Marja Gaynor<\/p>\n<p class=\"aw__sc-1qwuw0s-0 aw__sc-ngllmo-0 epAWpq fzYpjk yle__article__paragraph\"><strong class=\"aw__sc-ngllmo-2 gdRrun yle__article__strong\">Ent\u00e4 h\u00e4nen asemansa yleisemmin? Jotain pystyy p\u00e4\u00e4ttelem\u00e4\u00e4n, ett\u00e4 h\u00e4nen hautajaisensa televisioitiin ja niit\u00e4 seurattiin ymp\u00e4ri maailmaa.<\/strong><\/p>\n<p class=\"aw__sc-1qwuw0s-0 aw__sc-ngllmo-0 epAWpq fzYpjk yle__article__paragraph\">Glenill\u00e4 on Irlannissa kansallissankarin asema. H\u00e4n ei koskaan unohtanut juuriaan, ja kansan syv\u00e4t rivit kunnioittivat h\u00e4nt\u00e4 paljon. Glen teki loppuun asti hyv\u00e4ntekev\u00e4isyysty\u00f6t\u00e4 auttaakseen kodittomia. Hautajaisista tuli melkoinen mediaspektaakkeli. Kun arkku lipui ulos kirkosta, murruin t\u00e4ysin. Liikutun edelleen kyyneliin, jos joku tulee sanomaan pahoittelunsa Glenin kuolemasta. Falling Slowlya en pysty soittamaan saamatta kauheaa itkukohtausta.<\/p>\n<p class=\"aw__sc-1qwuw0s-0 aw__sc-ngllmo-0 epAWpq fzYpjk yle__article__paragraph\"><strong class=\"aw__sc-ngllmo-2 gdRrun yle__article__strong\">Mik\u00e4 on viimeinen viesti, jonka sait h\u00e4nelt\u00e4?<\/strong><\/p>\n<p class=\"aw__sc-1qwuw0s-0 aw__sc-ngllmo-0 epAWpq fzYpjk yle__article__paragraph\">Haluan painottaa, ett\u00e4 v\u00e4limme olivat kollegiaaliset emmek\u00e4 viestitelleet paljoa. Viimeiset viestit h\u00e4nelt\u00e4 k\u00e4sittelev\u00e4t levyn miksauksia ja keikkabuukkausasioita. Viimeinen minulle t\u00e4rke\u00e4 tekstari tuli h\u00e4nelt\u00e4 viimeisen yhteisen kiertueemme j\u00e4lkimainingeissa 30.8.2023:<\/p>\n<p class=\"aw__sc-1qwuw0s-0 aw__sc-ngllmo-0 epAWpq fzYpjk yle__article__paragraph\">Marja!! What a trip that was!! So wonderful!! So many great days and memories!! Thank you for being our secret weapon on every trip! I just love the way you play!! And you and Bertrand together are a force of true beauty!!<\/p>\n<p class=\"aw__sc-1qwuw0s-0 aw__sc-ngllmo-0 epAWpq fzYpjk yle__article__paragraph\">I\u2019m back in Helsinki and it\u2019s the best!!!<\/p>\n<p class=\"aw__sc-1qwuw0s-0 aw__sc-ngllmo-0 epAWpq fzYpjk yle__article__paragraph\">Live to all your gang!!!<\/p>\n<p class=\"aw__sc-1qwuw0s-0 aw__sc-ngllmo-0 epAWpq fzYpjk yle__article__paragraph\">And bravo again!!<\/p>\n<p class=\"aw__sc-1qwuw0s-0 aw__sc-ngllmo-0 epAWpq fzYpjk yle__article__paragraph\">Glen x<\/p>\n<p><img decoding=\"async\" alt=\"Viisi henkil\u00f6\u00e4 seisoo musiikki-instrumenttien, kuten viulun, sellon, kitaran ja pianon, \u00e4\u00e4rell\u00e4 n\u00e4ytt\u00e4m\u00f6ll\u00e4 teatterisalissa.\" src=\"https:\/\/www.europesays.com\/fi\/wp-content\/uploads\/2026\/09\/1788338505.jpeg\" loading=\"lazy\" class=\"aw__sc-dklauk-0 LPzKX\"\/><\/p>\n<p>Avaa kuvien katselu<\/p>\n<p>Marja Gaynor, Bertrand Galen, Glen Hansard, Mark\u00e9ta Irglov\u00e1 ja Joe Doyle vuonna 2022. \u201dKerran keikalla Falling Slowly oli alkamassa, mutta keskeytyi Glenin kitaran kielen katkeamiseen. Yht\u00e4kki\u00e4 yleis\u00f6st\u00e4 kuului, ett\u00e4 soittakaa se saamarin biisi, kun t\u00e4\u00e4ll\u00e4 on t\u00e4rke\u00e4 juttu kesken. Pian n\u00e4imme spottivalon avulla, ett\u00e4 mies on polvistuneena naisen eteen. My\u00f6hemmin selvisi, ett\u00e4 t\u00e4m\u00e4n kappaleen aikana kositaan konserteissa.\u201d  Kuva: Sion Fullana<\/p>\n","protected":false},"excerpt":{"rendered":"Muusikko Glen Hansard kuoli moottoripy\u00f6r\u00e4onnettomuudessa hein\u00e4kuun lopussa 56-vuotiaana. Hansardin kuolema oli suuri uutinen maailmanlaajuisesti. Katusoittajana aloittanut Hansard tuli&hellip;\n","protected":false},"author":2,"featured_media":340958,"comment_status":"","ping_status":"","sticky":false,"template":"","format":"standard","meta":{"footnotes":"","_share_on_mastodon":"0"},"categories":[130],"tags":[137,33,31,30,42034,108,47,42035,32,109],"class_list":["post-340957","post","type-post","status-publish","format-standard","has-post-thumbnail","category-viihde","tag-entertainment","tag-fi","tag-finland","tag-finnish","tag-glen-hansard","tag-kulttuuri","tag-musiikki","tag-once","tag-suomi","tag-viihde"],"share_on_mastodon":{"url":"https:\/\/pubeurope.com\/@fi\/117210640053578850","error":""},"_links":{"self":[{"href":"https:\/\/www.europesays.com\/fi\/wp-json\/wp\/v2\/posts\/340957","targetHints":{"allow":["GET"]}}],"collection":[{"href":"https:\/\/www.europesays.com\/fi\/wp-json\/wp\/v2\/posts"}],"about":[{"href":"https:\/\/www.europesays.com\/fi\/wp-json\/wp\/v2\/types\/post"}],"author":[{"embeddable":true,"href":"https:\/\/www.europesays.com\/fi\/wp-json\/wp\/v2\/users\/2"}],"replies":[{"embeddable":true,"href":"https:\/\/www.europesays.com\/fi\/wp-json\/wp\/v2\/comments?post=340957"}],"version-history":[{"count":0,"href":"https:\/\/www.europesays.com\/fi\/wp-json\/wp\/v2\/posts\/340957\/revisions"}],"wp:featuredmedia":[{"embeddable":true,"href":"https:\/\/www.europesays.com\/fi\/wp-json\/wp\/v2\/media\/340958"}],"wp:attachment":[{"href":"https:\/\/www.europesays.com\/fi\/wp-json\/wp\/v2\/media?parent=340957"}],"wp:term":[{"taxonomy":"category","embeddable":true,"href":"https:\/\/www.europesays.com\/fi\/wp-json\/wp\/v2\/categories?post=340957"},{"taxonomy":"post_tag","embeddable":true,"href":"https:\/\/www.europesays.com\/fi\/wp-json\/wp\/v2\/tags?post=340957"}],"curies":[{"name":"wp","href":"https:\/\/api.w.org\/{rel}","templated":true}]}}