{"id":340961,"date":"2026-09-04T03:29:14","date_gmt":"2026-09-04T03:29:14","guid":{"rendered":"https:\/\/www.europesays.com\/fi\/340961\/"},"modified":"2026-09-04T03:29:14","modified_gmt":"2026-09-04T03:29:14","slug":"teslan-kuskittomat-taksit-aloittavat-liikennoinnin-viranomainen-tutkii-turvallisuutta-uutisia-lyhyesti","status":"publish","type":"post","link":"https:\/\/www.europesays.com\/fi\/340961\/","title":{"rendered":"Teslan kuskittomat taksit aloittavat liikenn\u00f6innin \u2013 viranomainen tutkii turvallisuutta | Uutisia lyhyesti"},"content":{"rendered":"<p class=\"aw__sc-1qwuw0s-0 aw__sc-1vg2sqm-0 epAWpq ecELkD yle__article__paragraph\">Cybercab-nimisiss\u00e4 autoissa ei ole ohjauspy\u00f6r\u00e4\u00e4, polkimia eik\u00e4 peilej\u00e4.<\/p>\n<p><img decoding=\"async\" alt=\"Kultainen, futuristinen auto kuvattuna sivulta. Auton ovat on avattu, ja ne nousevat edest\u00e4 yl\u00f6sp\u00e4in. Ohjaamossa ei istu ket\u00e4\u00e4n.\" src=\"https:\/\/www.europesays.com\/fi\/wp-content\/uploads\/2026\/09\/1788487596.jpeg\" class=\"aw__sc-dklauk-0 LPzKX\"\/><\/p>\n<p>Avaa kuvien katselu<\/p>\n<p>Teslan itseajava Cybercad-s\u00e4hk\u00f6auto. Kuva: JEANNE ACCORSINI\/SIPA\/Shutterstock\/All Over Press<\/p>\n<p class=\"aw__sc-1qwuw0s-0 aw__sc-ngllmo-0 epAWpq fzYpjk yle__article__paragraph\">S\u00e4hk\u00f6autoja valmistava Tesla aloittaa t\u00e4n\u00e4\u00e4n perjantaina liikenn\u00f6innin Cybercab-takseilla Austinin kaupungissa Teksasissa.<\/p>\n<p class=\"aw__sc-1qwuw0s-0 aw__sc-ngllmo-0 epAWpq fzYpjk yle__article__paragraph\">Autoissa ei ole kuljettajaa, vaan ne ovat itseajavia. Ratin ja polkimien puutteen vuoksi ihminen ei niit\u00e4 voisikaan ajaa. Kullanv\u00e4risen pirssin kyytiin mahtuu kaksi matkustajaa kerrallaan.<\/p>\n<p class=\"aw__sc-1qwuw0s-0 aw__sc-ngllmo-0 epAWpq fzYpjk yle__article__paragraph\">Tesla on kuvaillut uudenlaisten taksien tuovan puhtaan liikkumismuodon kaikkien saataville.<\/p>\n<p class=\"aw__sc-1qwuw0s-0 aw__sc-ngllmo-0 epAWpq fzYpjk yle__article__paragraph\">Yhdysvaltain tieliikenneturvallisuusvirasto NHTSA on ilmoittanut tekev\u00e4ns\u00e4 selvityksen Cybercabista. Virasto aikoo olla yhteydess\u00e4 Teslaan ja arvioivansa tilanteen.<\/p>\n<p class=\"aw__sc-1qwuw0s-0 aw__sc-ngllmo-0 epAWpq fzYpjk yle__article__paragraph\">L\u00e4hde: Reuters, AP, AFP<\/p>\n","protected":false},"excerpt":{"rendered":"Cybercab-nimisiss\u00e4 autoissa ei ole ohjauspy\u00f6r\u00e4\u00e4, polkimia eik\u00e4 peilej\u00e4. Avaa kuvien katselu Teslan itseajava Cybercad-s\u00e4hk\u00f6auto. Kuva: JEANNE ACCORSINI\/SIPA\/Shutterstock\/All Over&hellip;\n","protected":false},"author":2,"featured_media":340962,"comment_status":"","ping_status":"","sticky":false,"template":"","format":"standard","meta":{"footnotes":"","_share_on_mastodon":"0"},"categories":[14],"tags":[648,22,23,26,27,33,31,30,17,24,25,1161,28,29,15,18,21,2037,32,6854,19,20,56,16,59,60,61],"class_list":["post-340961","post","type-post","status-publish","format-standard","has-post-thumbnail","category-ulkomaat","tag-autot","tag-breaking-news","tag-breakingnews","tag-featured-news","tag-featurednews","tag-fi","tag-finland","tag-finnish","tag-headlines","tag-latest-news","tag-latestnews","tag-liikenne","tag-main-news","tag-mainnews","tag-news","tag-otsikot","tag-paauutiset","tag-sahkoautot","tag-suomi","tag-tesla-motors","tag-top-stories","tag-topstories","tag-ulkomaat","tag-uutiset","tag-world","tag-world-news","tag-worldnews"],"share_on_mastodon":{"url":"https:\/\/pubeurope.com\/@fi\/117210655684207061","error":""},"_links":{"self":[{"href":"https:\/\/www.europesays.com\/fi\/wp-json\/wp\/v2\/posts\/340961","targetHints":{"allow":["GET"]}}],"collection":[{"href":"https:\/\/www.europesays.com\/fi\/wp-json\/wp\/v2\/posts"}],"about":[{"href":"https:\/\/www.europesays.com\/fi\/wp-json\/wp\/v2\/types\/post"}],"author":[{"embeddable":true,"href":"https:\/\/www.europesays.com\/fi\/wp-json\/wp\/v2\/users\/2"}],"replies":[{"embeddable":true,"href":"https:\/\/www.europesays.com\/fi\/wp-json\/wp\/v2\/comments?post=340961"}],"version-history":[{"count":0,"href":"https:\/\/www.europesays.com\/fi\/wp-json\/wp\/v2\/posts\/340961\/revisions"}],"wp:featuredmedia":[{"embeddable":true,"href":"https:\/\/www.europesays.com\/fi\/wp-json\/wp\/v2\/media\/340962"}],"wp:attachment":[{"href":"https:\/\/www.europesays.com\/fi\/wp-json\/wp\/v2\/media?parent=340961"}],"wp:term":[{"taxonomy":"category","embeddable":true,"href":"https:\/\/www.europesays.com\/fi\/wp-json\/wp\/v2\/categories?post=340961"},{"taxonomy":"post_tag","embeddable":true,"href":"https:\/\/www.europesays.com\/fi\/wp-json\/wp\/v2\/tags?post=340961"}],"curies":[{"name":"wp","href":"https:\/\/api.w.org\/{rel}","templated":true}]}}