{"id":340963,"date":"2026-09-04T03:30:14","date_gmt":"2026-09-04T03:30:14","guid":{"rendered":"https:\/\/www.europesays.com\/fi\/340963\/"},"modified":"2026-09-04T03:30:14","modified_gmt":"2026-09-04T03:30:14","slug":"nain-paljon-yksi-tyoton-maksaa-kunnalle-vuodessa-kuntien-lasku-tyottomyydesta-rajahti-kasiin-pirkanmaa","status":"publish","type":"post","link":"https:\/\/www.europesays.com\/fi\/340963\/","title":{"rendered":"N\u00e4in paljon yksi ty\u00f6t\u00f6n maksaa kunnalle vuodessa \u2013 kuntien lasku ty\u00f6tt\u00f6myydest\u00e4 r\u00e4j\u00e4hti k\u00e4siin | Pirkanmaa"},"content":{"rendered":"<p class=\"aw__sc-1qwuw0s-0 aw__sc-1vg2sqm-0 epAWpq ecELkD yle__article__paragraph\">Kuntien sakkomaksut ty\u00f6tt\u00f6myydest\u00e4 voivat nousta t\u00e4n\u00e4 vuonna jopa 900 miljoonaan euroon, arvioi Kuntaliitto. Samalla ty\u00f6tt\u00f6myys v\u00e4hent\u00e4\u00e4 kuntien verotuloja.<\/p>\n<p><img decoding=\"async\" alt=\"Pylv\u00e4sdiagrammi esitt\u00e4\u00e4 kunnan rahoitusosuuden ty\u00f6tt\u00f6myysetuudesta kolmelta vuodelta, summat ja vuosinumerot n\u00e4kyv\u00e4t.\" src=\"https:\/\/www.europesays.com\/fi\/wp-content\/uploads\/2026\/09\/1788430025.jpeg\" class=\"aw__sc-dklauk-0 LPzKX\"\/><\/p>\n<p>Avaa kuvien katselu<\/p>\n<p>Kunnan osuus ty\u00f6tt\u00f6myysetuuksista kasvaa, kun ty\u00f6tt\u00f6myys pitkittyy. Isoimmat maksuosuudet tulevat pitk\u00e4aikaisty\u00f6tt\u00f6mist\u00e4. Kuva: Jani Aarnio\/Yle<\/p>\n<ul class=\"aw__sc-1yb43iq-0 gFXHv yle__article__list yle__article__list--ul\">\n<li class=\"aw__sc-1yb43iq-1 gVAzbt\">Kuntien Kelalle korvaamat ty\u00f6tt\u00f6myysmaksut voivat nousta t\u00e4n\u00e4 vuonna 900 miljoonaan euroon. Se on sata miljoonaa euroa enemm\u00e4n kuin viime vuonna.<\/li>\n<li class=\"aw__sc-1yb43iq-1 gVAzbt\">Vuoden 2025 alusta voimaan tullut TE-uudistus muutti tilannetta.<\/li>\n<li class=\"aw__sc-1yb43iq-1 gVAzbt\">Kuntien maksut alkavat nyt 100 p\u00e4iv\u00e4n ty\u00f6tt\u00f6myyden j\u00e4lkeen. Aiemmin raja oli 300 p\u00e4iv\u00e4\u00e4. Kunnan maksuosuus ty\u00f6tt\u00f6myysetuuksista kasvaa, kun ty\u00f6tt\u00f6myys pitkittyy.<\/li>\n<li class=\"aw__sc-1yb43iq-1 gVAzbt\">Pitk\u00e4aikaisty\u00f6tt\u00f6myys aiheuttaa 80 prosenttia maksuista. Kuntaliitto on laskenut, ett\u00e4 yksi pitk\u00e4aikaisty\u00f6t\u00f6n maksaa kunnalle enimmill\u00e4\u00e4n 4\u00a0200 euroa vuodessa.<\/li>\n<\/ul>\n<p class=\"aw__sc-1qwuw0s-0 aw__sc-ngllmo-0 epAWpq fzYpjk yle__article__paragraph\">Kuntien lasku ty\u00f6tt\u00f6myydest\u00e4 on nousemassa j\u00e4lleen enn\u00e4tyslukemiin.<\/p>\n<p class=\"aw__sc-1qwuw0s-0 aw__sc-ngllmo-0 epAWpq fzYpjk yle__article__paragraph\">Niin sanotut kuntien \u201dsakkomaksut\u201d ty\u00f6tt\u00f6myydest\u00e4 voivat nousta t\u00e4n\u00e4 vuonna yhteens\u00e4 noin 900 miljoonaan euroon, arvioi Kuntaliiton kehitysp\u00e4\u00e4llikk\u00f6 <strong class=\"aw__sc-ngllmo-2 gdRrun yle__article__strong\">Mikko Mehtonen<\/strong>.<\/p>\n<p class=\"aw__sc-1qwuw0s-0 aw__sc-ngllmo-0 epAWpq fzYpjk yle__article__paragraph\">Summa on sata miljoonaa euroa isompi kuin viime vuonna.<\/p>\n<p class=\"aw__sc-1qwuw0s-0 aw__sc-ngllmo-0 epAWpq fzYpjk yle__article__paragraph\">Sakoissa on kyse siit\u00e4, ett\u00e4 kuntien pit\u00e4\u00e4 korvata osa ty\u00f6tt\u00f6myysetuuksista Kelalle, jos ty\u00f6tt\u00f6myys pitkittyy.<\/p>\n<p class=\"aw__sc-1qwuw0s-0 aw__sc-ngllmo-0 epAWpq fzYpjk yle__article__paragraph\">Jo viime vuonna kuntien lasku kasvoi yli 300 miljoonaa euroa, kun n\u00e4it\u00e4 sakkoja kiristettiin tuntuvasti.<\/p>\n<p class=\"aw__sc-1qwuw0s-0 aw__sc-ngllmo-0 epAWpq fzYpjk yle__article__paragraph\">Kasvu on jatkunut my\u00f6s t\u00e4n\u00e4 vuonna. Kelan tilastojen mukaan kunnat maksoivat jo tammi\u2013hein\u00e4kuussa ty\u00f6tt\u00f6myysetuuksia 103 miljoonaa euroa enemm\u00e4n kuin viime vuonna samassa ajassa.<\/p>\n<p class=\"aw__sc-1qwuw0s-0 aw__sc-ngllmo-0 epAWpq fzYpjk yle__article__paragraph\">Ty\u00f6tt\u00f6myyden kustannukset ovat r\u00e4j\u00e4ht\u00e4neet niin suuriksi, ett\u00e4 monessa kaupungissa kamppaillaan t\u00e4n\u00e4 syksyn\u00e4 poikkeuksellisen vaikean taloustilanteen kanssa.<\/p>\n<p class=\"aw__sc-1qwuw0s-0 aw__sc-ngllmo-0 epAWpq fzYpjk yle__article__paragraph\">Siksi Yle selvitti, mik\u00e4 ty\u00f6tt\u00f6myydess\u00e4 kunnille maksaa.<\/p>\n<p>Isoin lasku ty\u00f6tt\u00f6myyden pitkittymisest\u00e4<\/p>\n<p class=\"aw__sc-1qwuw0s-0 aw__sc-ngllmo-0 epAWpq fzYpjk yle__article__paragraph\">Kuntien maksamien ty\u00f6tt\u00f6myysetuuksien m\u00e4\u00e4r\u00e4 on kasvanut l\u00e4hes kaksinkertaiseksi verrattuna aikaan ennen vuoden 2025 alussa voimaan tullutta TE-uudistusta.<\/p>\n<p class=\"aw__sc-1qwuw0s-0 aw__sc-ngllmo-0 epAWpq fzYpjk yle__article__paragraph\">Silloin kuntien rahoitusvastuu ty\u00f6tt\u00f6myysetuuksista kasvoi ja aikaistui.<\/p>\n<p class=\"aw__sc-1qwuw0s-0 aw__sc-ngllmo-0 epAWpq fzYpjk yle__article__paragraph\">Nyt kuntien maksut alkavat juosta jo 100 p\u00e4iv\u00e4n ty\u00f6tt\u00f6myyden j\u00e4lkeen, kun aiemmin raja oli 300 p\u00e4iv\u00e4\u00e4.<\/p>\n<p class=\"aw__sc-1qwuw0s-0 aw__sc-ngllmo-0 epAWpq fzYpjk yle__article__paragraph\">Asiantuntijat <a class=\"aw__sc-ngllmo-1 bTDnwX yle__article__link\" href=\"https:\/\/yle.fi\/a\/74-20173309\" role=\"link\" rel=\"nofollow noopener\" target=\"_blank\">ovat kritisoineet<\/a> rahoitusmallia. Ty\u00f6- ja elinkeinoministeri\u00f6n <a class=\"aw__sc-ngllmo-1 bTDnwX yle__article__link\" href=\"https:\/\/yle.fi\/a\/74-20216113\" role=\"link\" rel=\"nofollow noopener\" target=\"_blank\">on m\u00e4\u00e4r\u00e4<\/a> arvioida uudistuksen toimivuutta t\u00e4n\u00e4 vuonna.<\/p>\n<p><img decoding=\"async\" alt=\"Mikko Mehtonen, kehitysp\u00e4\u00e4llikk\u00f6 Kuntaliitto.\" src=\"https:\/\/www.europesays.com\/fi\/wp-content\/uploads\/2026\/09\/1787653114.jpeg\" loading=\"lazy\" class=\"aw__sc-dklauk-0 LPzKX\"\/><\/p>\n<p>Avaa kuvien katselu<\/p>\n<p>Kuntaliiton kehitysp\u00e4\u00e4llikk\u00f6 Mikko Mehtonen on laskenut, ett\u00e4 kunnan osuus yhden pitk\u00e4aikaisty\u00f6tt\u00f6m\u00e4n ty\u00f6tt\u00f6myysetuuksista on v\u00e4hint\u00e4\u00e4n yli 3 000 euroa vuodessa. Arkistokuva. Kuva: Antti L\u00e4hteenm\u00e4ki \/ Yle<\/p>\n<p class=\"aw__sc-1qwuw0s-0 aw__sc-ngllmo-0 epAWpq fzYpjk yle__article__paragraph\">Kuntaliiton Mikko Mehtonen laskee, ett\u00e4 yksi ty\u00f6t\u00f6n maksaa kunnalle vuodessa keskim\u00e4\u00e4rin 900 euroa ensimm\u00e4isen\u00e4 ty\u00f6tt\u00f6myysvuonna.<\/p>\n<p class=\"aw__sc-1qwuw0s-0 aw__sc-ngllmo-0 epAWpq fzYpjk yle__article__paragraph\">Lasku monikertaistuu, kun ty\u00f6tt\u00f6myys on kest\u00e4nyt yli vuoden.<\/p>\n<p class=\"aw__sc-1qwuw0s-0 aw__sc-ngllmo-0 epAWpq fzYpjk yle__article__paragraph\">Silloin kyse on pitk\u00e4aikaisty\u00f6tt\u00f6myydest\u00e4.<\/p>\n<p class=\"aw__sc-1qwuw0s-0 aw__sc-ngllmo-0 epAWpq fzYpjk yle__article__paragraph\">Kun ty\u00f6tt\u00f6myys on kest\u00e4nyt yli kaksi vuotta, kunta maksaa enimmill\u00e4\u00e4n yht\u00e4 ty\u00f6t\u00f6nt\u00e4 kohden keskim\u00e4\u00e4rin 4\u00a0200 euroa vuodessa.<\/p>\n<p class=\"aw__sc-1qwuw0s-0 aw__sc-ngllmo-0 epAWpq fzYpjk yle__article__paragraph\">Kunnan maksuosuus nousee merkitt\u00e4v\u00e4sti silloin, kun ty\u00f6tt\u00f6myys pitkittyy.<\/p>\n<p class=\"aw__sc-1qwuw0s-0 aw__sc-ngllmo-0 epAWpq fzYpjk yle__article__paragraph\">Siksi kuntien sakkomaksuista noin 80 prosenttia tulee pitk\u00e4aikaisty\u00f6tt\u00f6mist\u00e4, joiden m\u00e4\u00e4r\u00e4 on kasvanut.<\/p>\n<p class=\"aw__sc-1qwuw0s-0 aw__sc-ngllmo-0 epAWpq fzYpjk yle__article__paragraph\">Hein\u00e4kuussa pitk\u00e4aikaisty\u00f6tt\u00f6mi\u00e4 oli yli 17\u00a0000 edellisvuotta enemm\u00e4n.<\/p>\n<p>Talouskasvu vaikuttaa viiveell\u00e4<\/p>\n<p class=\"aw__sc-1qwuw0s-0 aw__sc-ngllmo-0 epAWpq fzYpjk yle__article__paragraph\">Kuntien sakkomaksujen kasvu jatkuu, koska ty\u00f6tt\u00f6mien m\u00e4\u00e4r\u00e4 <a class=\"aw__sc-ngllmo-1 bTDnwX yle__article__link\" href=\"https:\/\/yle.fi\/a\/74-20242696\" role=\"link\" rel=\"nofollow noopener\" target=\"_blank\">lis\u00e4\u00e4ntyy edelleen<\/a>.<\/p>\n<p class=\"aw__sc-1qwuw0s-0 aw__sc-ngllmo-0 epAWpq fzYpjk yle__article__paragraph\">Eniten ty\u00f6tt\u00f6myys on kasvanut vuositasolla <a class=\"aw__sc-ngllmo-1 bTDnwX yle__article__link\" href=\"https:\/\/yle.fi\/a\/74-20242704\" role=\"link\" rel=\"nofollow noopener\" target=\"_blank\">Pirkanmaalla<\/a>. Pahin tilanne on Tampereella, jossa ty\u00f6tt\u00f6myysaste oli hein\u00e4kuussa 17,1 prosenttia.<\/p>\n<p class=\"aw__sc-1qwuw0s-0 aw__sc-ngllmo-0 epAWpq fzYpjk yle__article__paragraph\">Tampereen maksamien ty\u00f6tt\u00f6myyssakkojen m\u00e4\u00e4r\u00e4 on kaksinkertaistunut TE-uudistuksen j\u00e4lkeen. Sama tilanne on esimerkiksi Porissa ja Turussa.<\/p>\n<p class=\"aw__sc-1qwuw0s-0 aw__sc-ngllmo-0 epAWpq fzYpjk yle__article__paragraph\">My\u00f6s muiden suurten kaupunkien ty\u00f6tt\u00f6myyskulut ovat kasvaneet rajusti.<\/p>\n<p class=\"aw__sc-1qwuw0s-0 aw__sc-ngllmo-0 epAWpq fzYpjk yle__article__paragraph\">Synk\u00e4n ty\u00f6llisyystilanteen takia Tampereen sakkomaksujen ennustetaan kasvavan t\u00e4n\u00e4 vuonna jo 55 miljoonaan euroon.<\/p>\n<p class=\"aw__sc-1qwuw0s-0 aw__sc-ngllmo-0 epAWpq fzYpjk yle__article__paragraph\"><strong class=\"aw__sc-ngllmo-2 gdRrun yle__article__strong\">Videolla Tampereen talousjohtaja Mikko Koskela kertoo, miten heikko ty\u00f6llisyystilanne vaikuttaa kaupungin talouteen.<\/strong><\/p>\n<p>Video: Miikka Varila \/ Yle<\/p>\n<p class=\"aw__sc-1qwuw0s-0 aw__sc-ngllmo-0 epAWpq fzYpjk yle__article__paragraph\">Samalla kun sakkomaksut kasvavat, kunnat my\u00f6s menett\u00e4v\u00e4t verotuloja ty\u00f6tt\u00f6myyden takia.<\/p>\n<p class=\"aw__sc-1qwuw0s-0 aw__sc-ngllmo-0 epAWpq fzYpjk yle__article__paragraph\">Esimerkiksi Tampereella kuluvan vuoden veroennuste on tippunut 13 miljoonaa euroa.<\/p>\n<p class=\"aw__sc-1qwuw0s-0 aw__sc-ngllmo-0 epAWpq fzYpjk yle__article__paragraph\">Mehtosen laskelmien mukaan yksi ty\u00f6t\u00f6n tarkoittaa kunnalle keskim\u00e4\u00e4rin noin 2\u00a0500 euron kunnallisveron menetyst\u00e4 vuodessa.<\/p>\n<p class=\"aw__sc-1qwuw0s-0 aw__sc-ngllmo-0 epAWpq fzYpjk yle__article__paragraph\">\u2013 N\u00e4in tulee kahdesta suunnasta heikennyst\u00e4 kunnan taloudelliseen liikkumavaraan, Mehtonen sanoo.<\/p>\n<p class=\"aw__sc-1qwuw0s-0 aw__sc-ngllmo-0 epAWpq fzYpjk yle__article__paragraph\">Kuntien ty\u00f6llisyyspalveluissa oli hein\u00e4kuun lopussa 361\u00a0800 ty\u00f6t\u00f6nt\u00e4 ty\u00f6nhakijaa. T\u00e4m\u00e4 on 22\u00a0700 enemm\u00e4n kuin vuotta aikaisemmin.<\/p>\n<p class=\"aw__sc-1qwuw0s-0 aw__sc-ngllmo-0 epAWpq fzYpjk yle__article__paragraph\">Pitk\u00e4aikaisty\u00f6tt\u00f6mi\u00e4 oli 40 prosenttia koko maan ty\u00f6tt\u00f6mist\u00e4 ty\u00f6nhakijoista. Heit\u00e4 oli hein\u00e4kuussa 146\u00a0000 eli yli 17\u00a0000 enemm\u00e4n kuin edellisvuonna.<\/p>\n<p class=\"aw__sc-1qwuw0s-0 aw__sc-ngllmo-0 epAWpq fzYpjk yle__article__paragraph\">Avoimien ty\u00f6paikkojen m\u00e4\u00e4r\u00e4 on kuitenkin kasvussa.<\/p>\n<p class=\"aw__sc-1qwuw0s-0 aw__sc-ngllmo-0 epAWpq fzYpjk yle__article__paragraph\">Hein\u00e4kuun lopussa Suomessa oli avoinna 28\u00a0240 ty\u00f6paikkaa. T\u00e4m\u00e4 on 1\u00a0820 enemm\u00e4n kuin vuotta aiemmin.<\/p>\n<p class=\"aw__sc-1qwuw0s-0 aw__sc-ngllmo-0 epAWpq fzYpjk yle__article__paragraph\">Avoimia ty\u00f6paikkoja on silti edelleen reilusti v\u00e4hemm\u00e4n kuin ty\u00f6tt\u00f6mi\u00e4 ty\u00f6nhakijoita.<\/p>\n<p class=\"aw__sc-1qwuw0s-0 aw__sc-ngllmo-0 epAWpq fzYpjk yle__article__paragraph\">Hein\u00e4kuussa esimerkiksi Tampereella oli 23\u00a0192 ty\u00f6t\u00f6nt\u00e4 ty\u00f6nhakijaa ja 1\u00a0658 avointa ty\u00f6paikkaa.<\/p>\n<p class=\"aw__sc-1qwuw0s-0 aw__sc-ngllmo-0 epAWpq fzYpjk yle__article__paragraph\">L\u00e4hde: Keha-keskus, Ty\u00f6nv\u00e4litystilasto<\/p>\n<p class=\"aw__sc-1qwuw0s-0 aw__sc-ngllmo-0 epAWpq fzYpjk yle__article__paragraph\">Mehtosen mukaan kuntien laskua ovat kasvattaneet osaltaan my\u00f6s muihin etuuksiin tehdyt uudistukset. Esimerkiksi toimeentulotuen uudistuksen takia osa toimeentulotuen saajista on joutunut ilmoittautumaan <a class=\"aw__sc-ngllmo-1 bTDnwX yle__article__link\" href=\"https:\/\/yle.fi\/a\/74-20225567\" role=\"link\" rel=\"nofollow noopener\" target=\"_blank\">ty\u00f6tt\u00f6miksi ty\u00f6nhakijoiksi<\/a>.<\/p>\n<p class=\"aw__sc-1qwuw0s-0 aw__sc-ngllmo-0 epAWpq fzYpjk yle__article__paragraph\">\u2013 T\u00e4m\u00e4 on lis\u00e4nnyt ty\u00f6tt\u00f6mien ty\u00f6nhakijoiden m\u00e4\u00e4r\u00e4\u00e4 sen lis\u00e4ksi, ett\u00e4 meill\u00e4 on heikko taloussuhdanne, Mehtonen sanoo.<\/p>\n<p><img decoding=\"async\" alt=\"Rakennusmies irroittaa laatoitusta hotellin huoneen kylpyhuoneesta.\" src=\"https:\/\/www.europesays.com\/fi\/wp-content\/uploads\/2026\/09\/1618485706.jpeg\" loading=\"lazy\" class=\"aw__sc-dklauk-0 LPzKX\"\/><\/p>\n<p>Avaa kuvien katselu<\/p>\n<p>Suomi on edelleen Euroopan ykk\u00f6sen\u00e4 ty\u00f6tt\u00f6myystilastoissa, vaikka talous on kasvussa. Kuvituskuva. Kuva: Kristiina Lehto \/ Yle<\/p>\n<p class=\"aw__sc-1qwuw0s-0 aw__sc-ngllmo-0 epAWpq fzYpjk yle__article__paragraph\">Mehtosen mukaan Suomen talouden kasvuk\u00e4\u00e4nne ei n\u00e4y viel\u00e4 t\u00e4n\u00e4 vuonna kuntien sakkomaksujen alenemisena.<\/p>\n<p class=\"aw__sc-1qwuw0s-0 aw__sc-ngllmo-0 epAWpq fzYpjk yle__article__paragraph\">Talouden hyv\u00e4t uutiset n\u00e4kyv\u00e4t yleens\u00e4 ty\u00f6llisyydess\u00e4 viiveell\u00e4, vaikka <a class=\"aw__sc-ngllmo-1 bTDnwX yle__article__link\" href=\"https:\/\/yle.fi\/a\/74-20239294\" role=\"link\" rel=\"nofollow noopener\" target=\"_blank\">odotuksia on my\u00f6s nopeasta ty\u00f6llisyyden kasvusta<\/a>.<\/p>\n","protected":false},"excerpt":{"rendered":"Kuntien sakkomaksut ty\u00f6tt\u00f6myydest\u00e4 voivat nousta t\u00e4n\u00e4 vuonna jopa 900 miljoonaan euroon, arvioi Kuntaliitto. Samalla ty\u00f6tt\u00f6myys v\u00e4hent\u00e4\u00e4 kuntien verotuloja.&hellip;\n","protected":false},"author":2,"featured_media":340964,"comment_status":"","ping_status":"","sticky":false,"template":"","format":"standard","meta":{"footnotes":"","_share_on_mastodon":"0"},"categories":[12],"tags":[22,23,26,27,33,31,30,17,71,1833,2991,24,25,28,29,15,18,21,553,2992,32,19,20,862,1955,16],"class_list":["post-340963","post","type-post","status-publish","format-standard","has-post-thumbnail","category-suomi","tag-breaking-news","tag-breakingnews","tag-featured-news","tag-featurednews","tag-fi","tag-finland","tag-finnish","tag-headlines","tag-kotimaa","tag-kunnat","tag-kuntatalous","tag-latest-news","tag-latestnews","tag-main-news","tag-mainnews","tag-news","tag-otsikot","tag-paauutiset","tag-pirkanmaa","tag-suomen-kuntaliitto","tag-suomi","tag-top-stories","tag-topstories","tag-tyollisyys","tag-tyottomyys","tag-uutiset"],"share_on_mastodon":{"url":"https:\/\/pubeurope.com\/@fi\/117210660063207797","error":""},"_links":{"self":[{"href":"https:\/\/www.europesays.com\/fi\/wp-json\/wp\/v2\/posts\/340963","targetHints":{"allow":["GET"]}}],"collection":[{"href":"https:\/\/www.europesays.com\/fi\/wp-json\/wp\/v2\/posts"}],"about":[{"href":"https:\/\/www.europesays.com\/fi\/wp-json\/wp\/v2\/types\/post"}],"author":[{"embeddable":true,"href":"https:\/\/www.europesays.com\/fi\/wp-json\/wp\/v2\/users\/2"}],"replies":[{"embeddable":true,"href":"https:\/\/www.europesays.com\/fi\/wp-json\/wp\/v2\/comments?post=340963"}],"version-history":[{"count":0,"href":"https:\/\/www.europesays.com\/fi\/wp-json\/wp\/v2\/posts\/340963\/revisions"}],"wp:featuredmedia":[{"embeddable":true,"href":"https:\/\/www.europesays.com\/fi\/wp-json\/wp\/v2\/media\/340964"}],"wp:attachment":[{"href":"https:\/\/www.europesays.com\/fi\/wp-json\/wp\/v2\/media?parent=340963"}],"wp:term":[{"taxonomy":"category","embeddable":true,"href":"https:\/\/www.europesays.com\/fi\/wp-json\/wp\/v2\/categories?post=340963"},{"taxonomy":"post_tag","embeddable":true,"href":"https:\/\/www.europesays.com\/fi\/wp-json\/wp\/v2\/tags?post=340963"}],"curies":[{"name":"wp","href":"https:\/\/api.w.org\/{rel}","templated":true}]}}