{"id":340977,"date":"2026-09-04T03:56:33","date_gmt":"2026-09-04T03:56:33","guid":{"rendered":"https:\/\/www.europesays.com\/fi\/340977\/"},"modified":"2026-09-04T03:56:33","modified_gmt":"2026-09-04T03:56:33","slug":"lappeenrantaan-datakeskusta-kehittava-polarnode-kritisoi-verotuen-perumista-mutta-asiantuntija-on-eri-mielta-kotimaa","status":"publish","type":"post","link":"https:\/\/www.europesays.com\/fi\/340977\/","title":{"rendered":"Lappeenrantaan datakeskusta kehitt\u00e4v\u00e4 Polarnode kritisoi verotuen perumista, mutta asiantuntija on eri mielt\u00e4 | Kotimaa"},"content":{"rendered":"<p class=\"aw__sc-1qwuw0s-0 aw__sc-1vg2sqm-0 epAWpq ecELkD yle__article__paragraph\">Hallitus p\u00e4\u00e4tti luopua datakeskuksille suunnatusta verotuesta. P\u00e4\u00e4t\u00f6s harmittaa Polarnodea, mutta LUT-yliopiston professori pit\u00e4\u00e4 sit\u00e4 hyv\u00e4n\u00e4 asiana.<\/p>\n<p><img decoding=\"async\" alt=\"Laaja rakennusty\u00f6maa mets\u00e4n keskell\u00e4, useita nostureita ja ty\u00f6ajoneuvoja avoimella alueella.\" src=\"https:\/\/www.europesays.com\/fi\/wp-content\/uploads\/2026\/09\/1786446895.jpeg\" class=\"aw__sc-dklauk-0 LPzKX\"\/><\/p>\n<p>Avaa kuvien katselu<\/p>\n<p>Pajarilan datakeskusty\u00f6maalla rakennetaan ensimm\u00e4ist\u00e4 rakennusta. Sen arvioidaan valmistuvan vuoden 2027 alussa. Kuva: Mikko Savolainen \/ Yle<\/p>\n<ul class=\"aw__sc-1yb43iq-0 gFXHv yle__article__list yle__article__list--ul\">\n<li class=\"aw__sc-1yb43iq-1 gVAzbt\">Hallitus luopui datakeskuksille suunnitellusta 30 miljoonan euron verotuesta. Datakeskuksissa k\u00e4ytetty s\u00e4hk\u00f6 pysyy yleisess\u00e4 veroluokassa.<\/li>\n<li class=\"aw__sc-1yb43iq-1 gVAzbt\">Polarnoden hallituksen puheenjohtaja Mikko Toivanen pit\u00e4\u00e4 p\u00e4\u00e4t\u00f6st\u00e4 huonona. Polarnode rakentaa datakeskusta Lappeenrantaan.<\/li>\n<li class=\"aw__sc-1yb43iq-1 gVAzbt\">LUT-yliopiston professori Jukka Ruusunen pit\u00e4\u00e4 p\u00e4\u00e4t\u00f6st\u00e4 hyv\u00e4n\u00e4. Verorahoja pit\u00e4isi k\u00e4ytt\u00e4\u00e4 rakentamaan parempaa s\u00e4hk\u00f6j\u00e4rjestelm\u00e4\u00e4.<\/li>\n<\/ul>\n<p class=\"aw__sc-1qwuw0s-0 aw__sc-ngllmo-0 epAWpq fzYpjk yle__article__paragraph\">Hallitus on p\u00e4\u00e4tt\u00e4nyt budjettiriihess\u00e4 luopua datakeskuksille suunnitellusta 30 miljoonan euron verotuesta.<\/p>\n<p class=\"aw__sc-1qwuw0s-0 aw__sc-ngllmo-0 epAWpq fzYpjk yle__article__paragraph\">Datakeskuksissa k\u00e4ytetty s\u00e4hk\u00f6 siirtyi alemmasta veroluokasta yleiseen veroluokkaan hein\u00e4kuun alussa ja pysyy nyt siin\u00e4.<\/p>\n<p class=\"aw__sc-1qwuw0s-0 aw__sc-ngllmo-0 epAWpq fzYpjk yle__article__paragraph\">Tuen peruuntuminen harmittaa Polanrnoden hallituksen puheenjohtajaa <strong class=\"aw__sc-ngllmo-2 gdRrun yle__article__strong\">Mikko Toivasta<\/strong>. Polarnode on yritys, joka vastaa datakeskushankkeesta Lappeenrannan Pajarilassa.<\/p>\n<p class=\"aw__sc-1qwuw0s-0 aw__sc-ngllmo-0 epAWpq fzYpjk yle__article__paragraph\"><a class=\"aw__sc-ngllmo-1 bTDnwX yle__article__link\" href=\"https:\/\/yle.fi\/a\/74-20218223\" role=\"link\" rel=\"nofollow noopener\" target=\"_blank\">Valmistuessaan datakeskus on yksi Euroopan<\/a> suurimmista teko\u00e4lylaskentaan keskittyneist\u00e4 datakeskuksista. Sen k\u00e4ytt\u00e4j\u00e4ksi tulee datakeskusyhti\u00f6 Nebius.<\/p>\n<p class=\"aw__sc-1qwuw0s-0 aw__sc-ngllmo-0 epAWpq fzYpjk yle__article__paragraph\">\u2013 T\u00e4m\u00e4 on huono asia. Datakeskukset maksavat nyt s\u00e4hk\u00f6veroa enemm\u00e4n kuin muu energiaintensiivinen teollisuus, kommentoi Polarnoden hallituksen puheenjohtaja Mikko Toivanen.<\/p>\n<p><img decoding=\"async\" alt=\"Hallituksen puheenjohtaja Mikko Toivanen Polarnode Oy.\" src=\"https:\/\/www.europesays.com\/fi\/wp-content\/uploads\/2026\/09\/1742907785.jpeg\" loading=\"lazy\" class=\"aw__sc-dklauk-0 LPzKX\"\/><\/p>\n<p>Avaa kuvien katselu<\/p>\n<p>Se, miten t\u00e4m\u00e4 vaikuttaa investointeihin Suomeen, j\u00e4\u00e4 viel\u00e4 n\u00e4ht\u00e4v\u00e4ksi, sanoo Mikko Toivanen. Kuva: Polarnode Oy<\/p>\n<p class=\"aw__sc-1qwuw0s-0 aw__sc-ngllmo-0 epAWpq fzYpjk yle__article__paragraph\">LUT-yliopiston teollisuusprofessorin <strong class=\"aw__sc-ngllmo-2 gdRrun yle__article__strong\">Jukka Ruususen<\/strong> mielest\u00e4 verotuen peruminen datakeskuksilta on hyv\u00e4 asia. H\u00e4n sanoo, ett\u00e4 jatkuva datakeskusten tukeminen olisi ollut yhteiskunnan verorahojen v\u00e4\u00e4rink\u00e4ytt\u00f6\u00e4.<\/p>\n<p class=\"aw__sc-1qwuw0s-0 aw__sc-ngllmo-0 epAWpq fzYpjk yle__article__paragraph\">Ruususen mielest\u00e4\u00e4n datakeskukset ovat saaneet jo tarpeeksi tukea, koska Suomi tarjoaa datakeskuksille edullista ja puhdasta s\u00e4hk\u00f6\u00e4.<\/p>\n<p class=\"aw__sc-1qwuw0s-0 aw__sc-ngllmo-0 epAWpq fzYpjk yle__article__paragraph\">\u2013 Verorahoja pit\u00e4isi k\u00e4ytt\u00e4\u00e4 investointeihin, joilla rakennetaan parempaa s\u00e4hk\u00f6j\u00e4rjestelm\u00e4\u00e4, Ruusunen sanoo.<\/p>\n<p class=\"aw__sc-1qwuw0s-0 aw__sc-ngllmo-0 epAWpq fzYpjk yle__article__paragraph\"><strong class=\"aw__sc-ngllmo-2 gdRrun yle__article__strong\">Jukka Ruusunen kertoo lis\u00e4\u00e4 hallituksen verotuesta:<\/strong><\/p>\n<p><strong class=\"aw__sc-1td3why-5 ggOeli\">LUT-yliopiston professori Jukka Ruusunen kertoo, ett\u00e4 tilanne on nyt sama kuin Ruotsissa.<\/strong><\/p>\n<p>S\u00e4hk\u00f6n hinta mietitytt\u00e4\u00e4<\/p>\n<p class=\"aw__sc-1qwuw0s-0 aw__sc-ngllmo-0 epAWpq fzYpjk yle__article__paragraph\">Datakeskuksia suunnitellaan Suomeen koko ajan lis\u00e4\u00e4. Suomessa ja koko Euroopassa s\u00e4hk\u00f6n merkitys ja kulutus kasvavat tulevaisuudessa merkitt\u00e4v\u00e4sti. Datakeskukset ovat yksi vaikuttaja. T\u00e4m\u00e4n takia Suomeen rakennetaan paljon lis\u00e4\u00e4 s\u00e4hk\u00f6ntuotantoa.<\/p>\n<p class=\"aw__sc-1qwuw0s-0 aw__sc-ngllmo-0 epAWpq fzYpjk yle__article__paragraph\">Datakeskukset kuluttavat paljon s\u00e4hk\u00f6\u00e4. Kansalaisia on mietitytt\u00e4nyt datakeskuksien aiheuttamat vaikutukset esimerkiksi s\u00e4hk\u00f6n hintaan.<\/p>\n<p class=\"aw__sc-1qwuw0s-0 aw__sc-ngllmo-0 epAWpq fzYpjk yle__article__paragraph\">Polarnoden hallituksen puheenjohtaja Mikko Toivanen ei pid\u00e4 tilannetta vakavana.<\/p>\n<p class=\"aw__sc-1qwuw0s-0 aw__sc-ngllmo-0 epAWpq fzYpjk yle__article__paragraph\">\u2013 Tuleeko se sitten tarkoittamaan s\u00e4hk\u00f6n hinnan vaihteluita, niin mahdollisesti. Suomi on Euroopan halvin maa s\u00e4hk\u00f6n hinnan suhteen, Toivanen sanoo.<\/p>\n<p class=\"aw__sc-1qwuw0s-0 aw__sc-ngllmo-0 epAWpq fzYpjk yle__article__paragraph\">LUT-yliopiston teollisuusprofessori Jukka Ruusunen uskoo, ett\u00e4 s\u00e4hk\u00f6n tarjonta kasvaa kysynn\u00e4n kasvaessa.<\/p>\n<p><img decoding=\"async\" alt=\"Henkil\u00f6kuvassa Jukka Ruusunen, teollisuusprofessori, Lappeenrannan teknillinen korkeakoulu.\" src=\"https:\/\/www.europesays.com\/fi\/wp-content\/uploads\/2026\/09\/1764067807.jpeg\" loading=\"lazy\" class=\"aw__sc-dklauk-0 LPzKX\"\/><\/p>\n<p>Avaa kuvien katselu<\/p>\n<p>Jukka Ruusunen arvioi, ett\u00e4 moottorivoimalat voisivat olla ratkaisu s\u00e4hk\u00f6ntuotannossa tuulettomina aikoina. Kuva: Esa Syv\u00e4kuru \/ Yle<\/p>\n<p class=\"aw__sc-1qwuw0s-0 aw__sc-ngllmo-0 epAWpq fzYpjk yle__article__paragraph\">Ruusunen huomauttaa, ett\u00e4 Suomen talvet ovat hankalaa aikaa. Kylmyyden ja tuulettomien ajanjaksojen takia s\u00e4hk\u00f6nhinta voi nousta.<\/p>\n<p class=\"aw__sc-1qwuw0s-0 aw__sc-ngllmo-0 epAWpq fzYpjk yle__article__paragraph\">Ruusunen toivoisi ripe\u00e4mp\u00e4\u00e4 toimintaa sek\u00e4 yhteiskunnallisia toimenpiteit\u00e4 ja tukia tiukkojen ajanjaksojen s\u00e4hk\u00f6ntuotantoon.<\/p>\n<p class=\"aw__sc-1qwuw0s-0 aw__sc-ngllmo-0 epAWpq fzYpjk yle__article__paragraph\">\u2013 Ei sit\u00e4 ongelmaa ratkaista niin, ett\u00e4 j\u00e4\u00e4d\u00e4\u00e4n vain odottamaan. Ei voimalaitoksia rakenneta vuodessa, siin\u00e4 menee pitk\u00e4 aika, sanoo Ruusunen.<\/p>\n<p>Y\u00f6t\u00f6iss\u00e4 rakennusty\u00f6maalla<\/p>\n<p class=\"aw__sc-1qwuw0s-0 aw__sc-ngllmo-0 epAWpq fzYpjk yle__article__paragraph\">Lappeenrannan Pajarilan datakeskusta on rakennettu kovaa vauhtia.<\/p>\n<p class=\"aw__sc-1qwuw0s-0 aw__sc-ngllmo-0 epAWpq fzYpjk yle__article__paragraph\">Polarnoden hallituksen puheenjohtaja Mikko Toivanen kertoo, ett\u00e4 s\u00e4hk\u00f6verkkoon liittyminen on mahdollinen Lappeenrannan Energiaverkkojen puolesta jo vuoden vaihteessa.<\/p>\n<p class=\"aw__sc-1qwuw0s-0 aw__sc-ngllmo-0 epAWpq fzYpjk yle__article__paragraph\">Tahti rakentamisessa on pidetty nopeana, sill\u00e4 datakeskus halutaan saada toimimaan mahdollisimman nopeasti.<\/p>\n<p class=\"aw__sc-1qwuw0s-0 aw__sc-ngllmo-0 epAWpq fzYpjk yle__article__paragraph\">\u2013 Sittenh\u00e4n se j\u00e4ttil\u00e4ism\u00e4inen investointi alkaa tuottaa, kun se on saatu k\u00e4ytt\u00f6\u00f6n, sanoo Toivanen.<\/p>\n<p class=\"aw__sc-1qwuw0s-0 aw__sc-ngllmo-0 epAWpq fzYpjk yle__article__paragraph\">Paikalliset ovat kuulleet rakennusty\u00f6maalta \u00e4\u00e4ni\u00e4 jopa \u00f6isin. Toivanen vahvistaa, ett\u00e4 ty\u00f6ntekij\u00e4t ovat ty\u00f6skennelleet my\u00f6s y\u00f6aikaan.<\/p>\n<p class=\"aw__sc-1qwuw0s-0 aw__sc-ngllmo-0 epAWpq fzYpjk yle__article__paragraph\">\u2013 Ei se ole normaali tilanne, mutta on saattanut olla jotakin osaurakoita, joita on t\u00e4ytynyt saada valmiiksi.<\/p>\n","protected":false},"excerpt":{"rendered":"Hallitus p\u00e4\u00e4tti luopua datakeskuksille suunnatusta verotuesta. P\u00e4\u00e4t\u00f6s harmittaa Polarnodea, mutta LUT-yliopiston professori pit\u00e4\u00e4 sit\u00e4 hyv\u00e4n\u00e4 asiana. Avaa kuvien&hellip;\n","protected":false},"author":2,"featured_media":340978,"comment_status":"","ping_status":"","sticky":false,"template":"","format":"standard","meta":{"footnotes":"","_share_on_mastodon":"0"},"categories":[12],"tags":[22,23,3465,3869,1302,26,27,33,31,30,17,71,1446,24,25,28,29,15,18,21,6041,2007,22966,32,92,19,20,16],"class_list":["post-340977","post","type-post","status-publish","format-standard","has-post-thumbnail","category-suomi","tag-breaking-news","tag-breakingnews","tag-datakeskus","tag-energia-ala","tag-etela-karjala","tag-featured-news","tag-featurednews","tag-fi","tag-finland","tag-finnish","tag-headlines","tag-kotimaa","tag-lappeenranta","tag-latest-news","tag-latestnews","tag-main-news","tag-mainnews","tag-news","tag-otsikot","tag-paauutiset","tag-rakennustyomaat","tag-sahko","tag-sahkonkulutus","tag-suomi","tag-teknologia","tag-top-stories","tag-topstories","tag-uutiset"],"share_on_mastodon":{"url":"https:\/\/pubeurope.com\/@fi\/117210761744396649","error":""},"_links":{"self":[{"href":"https:\/\/www.europesays.com\/fi\/wp-json\/wp\/v2\/posts\/340977","targetHints":{"allow":["GET"]}}],"collection":[{"href":"https:\/\/www.europesays.com\/fi\/wp-json\/wp\/v2\/posts"}],"about":[{"href":"https:\/\/www.europesays.com\/fi\/wp-json\/wp\/v2\/types\/post"}],"author":[{"embeddable":true,"href":"https:\/\/www.europesays.com\/fi\/wp-json\/wp\/v2\/users\/2"}],"replies":[{"embeddable":true,"href":"https:\/\/www.europesays.com\/fi\/wp-json\/wp\/v2\/comments?post=340977"}],"version-history":[{"count":0,"href":"https:\/\/www.europesays.com\/fi\/wp-json\/wp\/v2\/posts\/340977\/revisions"}],"wp:featuredmedia":[{"embeddable":true,"href":"https:\/\/www.europesays.com\/fi\/wp-json\/wp\/v2\/media\/340978"}],"wp:attachment":[{"href":"https:\/\/www.europesays.com\/fi\/wp-json\/wp\/v2\/media?parent=340977"}],"wp:term":[{"taxonomy":"category","embeddable":true,"href":"https:\/\/www.europesays.com\/fi\/wp-json\/wp\/v2\/categories?post=340977"},{"taxonomy":"post_tag","embeddable":true,"href":"https:\/\/www.europesays.com\/fi\/wp-json\/wp\/v2\/tags?post=340977"}],"curies":[{"name":"wp","href":"https:\/\/api.w.org\/{rel}","templated":true}]}}