{"id":340993,"date":"2026-09-04T04:24:16","date_gmt":"2026-09-04T04:24:16","guid":{"rendered":"https:\/\/www.europesays.com\/fi\/340993\/"},"modified":"2026-09-04T04:24:16","modified_gmt":"2026-09-04T04:24:16","slug":"riikka-purra-arahtaa-tata-okyelamaani-voi-seurata-tarkemmin","status":"publish","type":"post","link":"https:\/\/www.europesays.com\/fi\/340993\/","title":{"rendered":"Riikka Purra \u00e4r\u00e4ht\u00e4\u00e4: \u201dT\u00e4t\u00e4 \u00f6kyel\u00e4m\u00e4\u00e4ni voi seurata tarkemmin&#8230;\u201d"},"content":{"rendered":"<p>Riikka Purran sunnuntaina Facebookissa jakama smoothieohje her\u00e4tti osassa kansalaisista kritiikki\u00e4.<\/p>\n<p><img decoding=\"async\" class=\"image image-show image-preview\" src=\"https:\/\/www.europesays.com\/fi\/wp-content\/uploads\/2026\/09\/e2c9ffaabf8e6701c23d6058c53cb57ce020916f26c808033f4d63c3d6f70ecc.jpg\" alt=\"\"\/><img decoding=\"async\" class=\"image image-show\" src=\"https:\/\/www.europesays.com\/fi\/wp-content\/uploads\/2026\/09\/1788495856_517_e2c9ffaabf8e6701c23d6058c53cb57ce020916f26c808033f4d63c3d6f70ecc.jpg\" alt=\"\"\/><\/p>\n<p>Riikka Purran smoothieresepti ei miellytt\u00e4nyt kaikkia. Atte Kajova<\/p>\n<p class=\"paragraph\"><a href=\"https:\/\/www.iltalehti.fi\/henkilot\/Riikka Purra\" class=\"article-link-person-page\" rel=\"nofollow noopener\" target=\"_blank\">Riikka Purra<\/a> (ps) vastaa saamaansa <a href=\"https:\/\/www.iltalehti.fi\/politiikka\/7a6ed032-a7ab-400d-8b5a-81b3f09d4825\" rel=\"nofollow noopener\" target=\"_blank\">kritiikkiin<\/a> jakamastaan smoothiereseptist\u00e4.<\/p>\n<p class=\"paragraph\">Purra jakoi sunnuntaina Facebookissa smoothieohjeen, joka ei miellytt\u00e4nyt kaikkia h\u00e4nen seuraajiaan. Purra on jakanut Instagramissaan smoothiereseptej\u00e4 jo pitk\u00e4\u00e4n, mutta Facebookissa h\u00e4nen videoitaan on kommentoitu my\u00f6s kriittiseen s\u00e4vyyn.<\/p>\n<p class=\"paragraph\">Iltalehden tekemien <a href=\"https:\/\/www.iltalehti.fi\/ravinto\/d11c2582-0cfc-4012-9970-a99a7238906a\" rel=\"nofollow noopener\" target=\"_blank\">laskelmien mukaan<\/a> Purran valmistaman vihersmoothien hinta on arviolta noin 8,50 euroa annokselta. Jos annoksen valmistaisi vuoden jokaisena p\u00e4iv\u00e4n\u00e4, kustannuksia kertyisi noin 3\u202f102 euroa vuodessa.<\/p>\n<p class=\"paragraph\">Nyt Purra vastaa saamaansa kritiikkiin viestipalvelu X:ss\u00e4.<\/p>\n<p class=\"paragraph\">Purra aloittaa kirjoituksensa arvostelemalla suomalaista mediaa. H\u00e4nen mukaansa media on puolueellinen ja omalta osaltaan yll\u00e4pit\u00e4\u00e4 sosiaalisessa mediassa n\u00e4kyv\u00e4\u00e4 vihamielist\u00e4 keskustelua.<\/p>\n<p class=\"paragraph\">\u2013 Olen sy\u00f6nyt n\u00e4it\u00e4 ruokia vuosikymmeni\u00e4. Somessakin olen jakanut p\u00f6per\u00f6it\u00e4ni jo yli 12 vuotta. En tyrkyt\u00e4 terveellisi\u00e4 ruokia kenellek\u00e4\u00e4n, mutta olen ymm\u00e4rt\u00e4nyt, ett\u00e4 sis\u00e4lt\u00f6 tuo monille iloa ja my\u00f6s kiinnostaa, h\u00e4n kirjoittaa.<\/p>\n<p class=\"paragraph\">Purra perustelee kirjoituksessaan my\u00f6s smoothien hintaa listaamalla sen raaka-aineita. H\u00e4nen mukaansa smoothie sis\u00e4lsi muun muassa itse kasvatettua lehtikaalia, lapsen poimimia puolukoita sek\u00e4 suoraan suomalaisilta tuottajilta hankittuja pellavan- ja hampunsiemeni\u00e4.<\/p>\n<p class=\"paragraph\">\u2013 T\u00e4t\u00e4 \u00f6kyel\u00e4m\u00e4\u00e4ni voi seurata tarkemmin t\u00e4ysin poliittisista sis\u00e4ll\u00f6ist\u00e4 vapaalla IG-tilill\u00e4ni, h\u00e4n kuittaa loppuun.<\/p>\n<p class=\"paragraph\">Jos julkaisu ei n\u00e4y, voit katsoa sen <a href=\"https:\/\/x.com\/ir_rkp\/status\/2095534782956314804\" target=\"_blank\" rel=\"noopener nofollow\">t\u00e4st\u00e4<\/a>.<\/p>\n<p class=\"paragraph\">Sunnuntaina julkaistu smoothieohje <a href=\"https:\/\/www.iltalehti.fi\/politiikka\/7a6ed032-a7ab-400d-8b5a-81b3f09d4825\" rel=\"nofollow noopener\" target=\"_blank\">ei maistunut kaikille<\/a> Purran seuraajille. Er\u00e4s kommentoija huomautti, ettei k\u00f6yh\u00e4ll\u00e4 ole varaa edes leip\u00e4\u00e4n.<\/p>\n<p class=\"paragraph\">\u2013\u2009Ei k\u00f6yh\u00e4ll\u00e4 ole tommoseen sotkuliin rahaa, hyv\u00e4 kun saa kaupasta leip\u00e4\u00e4 sy\u00f6d\u00e4kseen&#8230;mietip\u00e4 kuule sit\u00e4, er\u00e4s kansalainen piikitteli ministeri\u00e4.<\/p>\n<p class=\"paragraph\">Purra vastasi palautteeseen suoraan:<\/p>\n<p class=\"paragraph\">\u2013\u2009Oukei. Voihan sen juoda sitten vaikka sen Minttuviinan sijaan.<\/p>\n<p class=\"paragraph\">Purran <a href=\"https:\/\/www.iltalehti.fi\/politiikka\/f810a421-74f0-49bb-8a76-37bd7585dcc8\" rel=\"nofollow noopener\" target=\"_blank\">kuittailun kohteeksi joutunut<\/a> keuruulainen <strong>P\u00e4ivi Kuitunen<\/strong> arveli ministerin k\u00e4yneen katsomassa h\u00e4nen Facebook-profiiliaan. Kuitusen Facebook-sein\u00e4ll\u00e4 oli kuva kaapin p\u00e4\u00e4lle kasatuista minttulik\u00f6\u00f6ripulloista. Kuitusen mukaan pulloista oli tarkoitus tehd\u00e4 valaistuskoriste.<\/p>\n<p class=\"paragraph\">\u2013 Olihan se v\u00e4h\u00e4n sellainen, ett\u00e4 hetkinen nyt rouva valtiovarainministeri kuittaa mulle jostakin minttuviinapulloista. Tuli v\u00e4h\u00e4n sellainen, ett\u00e4 mit\u00e4 t\u00e4\u00e4ll\u00e4 tapahtuu? En olisi ikin\u00e4 voinut kuvitella, ett\u00e4 h\u00e4n t\u00e4ll\u00e4 lailla kommentoisi asiaa, Kuitunen kommentoi <a href=\"https:\/\/www.hs.fi\/politiikka\/art-2000012248326.html\" target=\"_blank\" rel=\"noopener nofollow\">Helsingin Sanomille<\/a>.<\/p>\n","protected":false},"excerpt":{"rendered":"Riikka Purran sunnuntaina Facebookissa jakama smoothieohje her\u00e4tti osassa kansalaisista kritiikki\u00e4. Riikka Purran smoothieresepti ei miellytt\u00e4nyt kaikkia. Atte Kajova&hellip;\n","protected":false},"author":2,"featured_media":340994,"comment_status":"","ping_status":"","sticky":false,"template":"","format":"standard","meta":{"footnotes":"","_share_on_mastodon":"0"},"categories":[5],"tags":[35,22,23,26,27,33,31,30,17,24,25,28,29,15,18,21,886,900,888,885,887,32,19,20,16],"class_list":["post-340993","post","type-post","status-publish","format-standard","has-post-thumbnail","category-otsikot","tag-24h","tag-breaking-news","tag-breakingnews","tag-featured-news","tag-featurednews","tag-fi","tag-finland","tag-finnish","tag-headlines","tag-latest-news","tag-latestnews","tag-main-news","tag-mainnews","tag-news","tag-otsikot","tag-paauutiset","tag-puolueet","tag-ruoka","tag-suomalaiset-poliitikot","tag-suomen-poliittiset-puolueet","tag-suomen-politiikka","tag-suomi","tag-top-stories","tag-topstories","tag-uutiset"],"share_on_mastodon":{"url":"https:\/\/pubeurope.com\/@fi\/117210872083583644","error":""},"_links":{"self":[{"href":"https:\/\/www.europesays.com\/fi\/wp-json\/wp\/v2\/posts\/340993","targetHints":{"allow":["GET"]}}],"collection":[{"href":"https:\/\/www.europesays.com\/fi\/wp-json\/wp\/v2\/posts"}],"about":[{"href":"https:\/\/www.europesays.com\/fi\/wp-json\/wp\/v2\/types\/post"}],"author":[{"embeddable":true,"href":"https:\/\/www.europesays.com\/fi\/wp-json\/wp\/v2\/users\/2"}],"replies":[{"embeddable":true,"href":"https:\/\/www.europesays.com\/fi\/wp-json\/wp\/v2\/comments?post=340993"}],"version-history":[{"count":0,"href":"https:\/\/www.europesays.com\/fi\/wp-json\/wp\/v2\/posts\/340993\/revisions"}],"wp:featuredmedia":[{"embeddable":true,"href":"https:\/\/www.europesays.com\/fi\/wp-json\/wp\/v2\/media\/340994"}],"wp:attachment":[{"href":"https:\/\/www.europesays.com\/fi\/wp-json\/wp\/v2\/media?parent=340993"}],"wp:term":[{"taxonomy":"category","embeddable":true,"href":"https:\/\/www.europesays.com\/fi\/wp-json\/wp\/v2\/categories?post=340993"},{"taxonomy":"post_tag","embeddable":true,"href":"https:\/\/www.europesays.com\/fi\/wp-json\/wp\/v2\/tags?post=340993"}],"curies":[{"name":"wp","href":"https:\/\/api.w.org\/{rel}","templated":true}]}}