{"id":340999,"date":"2026-09-04T04:39:14","date_gmt":"2026-09-04T04:39:14","guid":{"rendered":"https:\/\/www.europesays.com\/fi\/340999\/"},"modified":"2026-09-04T04:39:14","modified_gmt":"2026-09-04T04:39:14","slug":"nain-17-vain-elamaa-kausi-alkaa-calliolassa","status":"publish","type":"post","link":"https:\/\/www.europesays.com\/fi\/340999\/","title":{"rendered":"N\u00e4in 17. Vain el\u00e4m\u00e4\u00e4 -kausi alkaa Calliolassa"},"content":{"rendered":"<p class=\"font-(family-name:--picture-caption-font-family) text-(length:--picture-caption-font-size) leading-(--picture-caption-leading) font-(--picture-caption-font-weight) text-(color:--picture-caption-color)\">Vain el\u00e4m\u00e4\u00e4 -ohjelman 17. kauden trailerilla n\u00e4hd\u00e4\u00e4n, milt\u00e4 uusi Calliola n\u00e4ytt\u00e4\u00e4. Video:\u00a0Nelonen \/ Sanoma<\/p>\n<p class=\"article-body mb-(--paragraph-margin-b) px-nof-16\">Tv-lehti arvioi: Vain el\u00e4m\u00e4\u00e4 -ohjelman 17. kausi alkaa tutulla ja perinteisell\u00e4 Saapuminen Satulinnaan -jaksolla \u2013 paitsi ett\u00e4 t\u00e4ll\u00e4 kertaa ei saavutakaan Satulinnaan. Ensimm\u00e4isen jakson nimi on Calliola kutsuu, sill\u00e4 Vain el\u00e4m\u00e4\u00e4 -ohjelman uusi kuvauspaikka on saaristohotelli Calliola Raaseporissa. Sinne <a class=\"font-bold underline-offset-[0.12em] [text-decoration:var(--person-link-text-decoration)] [text-decoration-color:var(--person-link-text-decoration-color)]!\" href=\"https:\/\/www.is.fi\/haku\/?query=Bess\" rel=\"nofollow noopener\" target=\"_blank\">Bess<\/a>,<a class=\"font-bold underline-offset-[0.12em] [text-decoration:var(--person-link-text-decoration)] [text-decoration-color:var(--person-link-text-decoration-color)]!\" href=\"https:\/\/www.is.fi\/haku\/?query=%20Heikki%20Salo,%20Ares,%20Jippu,%20Freeman,%20Benjamin,%20Timo%20Kotipelto\" rel=\"nofollow noopener\" target=\"_blank\"> Heikki Salo, Ares, Jippu, Freeman, Benjamin, Timo Kotipelto<\/a> ja <a class=\"font-bold underline-offset-[0.12em] [text-decoration:var(--person-link-text-decoration)] [text-decoration-color:var(--person-link-text-decoration-color)]!\" href=\"https:\/\/www.is.fi\/haku\/?query=Nelli%20Matula\" rel=\"nofollow noopener\" target=\"_blank\">Nelli Matula <\/a>l\u00e4htev\u00e4t odotusta t\u00e4ynn\u00e4.<\/p>\n<p class=\"article-body mb-(--paragraph-margin-b) px-nof-16\">Moni asia on totisesti toisin uudella kaudella. Timo Kotipelto loistaa poissaolollaan sairastumisen vuoksi, eli ryhm\u00e4 aloittaa normaalia pienemp\u00e4n\u00e4. Bussikuljetus maantiell\u00e4 on vaihtunut huvijahtikyytiin. Calliola on monilta osin erilainen paikka kuin Hirvensalmen Satulinna.<\/p>\n<p><img decoding=\"async\" src=\"https:\/\/www.europesays.com\/fi\/wp-content\/uploads\/2026\/09\/1788496750_598_468.jpg\" alt=\"T\u00e4lt\u00e4 uudet tilukset saaristohotelli Calliolassa n\u00e4ytt\u00e4v\u00e4t.\" class=\"_Img_1rerz_1\" style=\"aspect-ratio:1920\/1080\" loading=\"eager\"\/><\/p>\n<p class=\"font-(family-name:--picture-caption-font-family) text-(length:--picture-caption-font-size) leading-(--picture-caption-leading) font-(--picture-caption-font-weight) text-(color:--picture-caption-color) picture-with-caption__caption picture-with-caption__caption--default-full\">T\u00e4lt\u00e4 uudet tilukset saaristohotelli Calliolassa n\u00e4ytt\u00e4v\u00e4t. Kuva:\u00a0Petri Aho \/ Sanoma<\/p>\n<p><img decoding=\"async\" src=\"https:\/\/www.europesays.com\/fi\/wp-content\/uploads\/2026\/09\/1788496751_651_468.jpg\" alt=\"T\u00e4lt\u00e4 Hirvensalmen Satulinna n\u00e4ytti. Ensimm\u00e4inen Vain el\u00e4m\u00e4\u00e4 -kausi kuvattiin Satulinnassa 13 vuotta sitten, vuonna 2012. Vain kaudet 6 ja 8 on kuvattu Mondan linnassa Espanjassa.\" class=\"_Img_1rerz_1\" style=\"aspect-ratio:1920\/1279\" loading=\"eager\"\/><\/p>\n<p class=\"font-(family-name:--picture-caption-font-family) text-(length:--picture-caption-font-size) leading-(--picture-caption-leading) font-(--picture-caption-font-weight) text-(color:--picture-caption-color) picture-with-caption__caption picture-with-caption__caption--default-full\">T\u00e4lt\u00e4 Hirvensalmen Satulinna n\u00e4ytti. Ensimm\u00e4inen Vain el\u00e4m\u00e4\u00e4 -kausi kuvattiin Satulinnassa 13 vuotta sitten, vuonna 2012. Vain kaudet 6 ja 8 on kuvattu Mondan linnassa Espanjassa. Kuva:\u00a0Jussi Hellsten \/ Nelonen<\/p>\n<p class=\"article-body mb-(--paragraph-margin-b) px-nof-16\">Merellist\u00e4 teemaa mukaillaan Vain el\u00e4m\u00e4\u00e4 -yhtyeen keulahahmon <a class=\"font-bold underline-offset-[0.12em] [text-decoration:var(--person-link-text-decoration)] [text-decoration-color:var(--person-link-text-decoration-color)]!\" href=\"https:\/\/www.is.fi\/haku\/?query=Leri%20Leskisen\" rel=\"nofollow noopener\" target=\"_blank\">Leri Leskisen <\/a>vastaanottokomiteassa. H\u00e4n seisoo odottamassa artisteja kapteeniasu yll\u00e4\u00e4n ja kuohuviinilasi k\u00e4dess\u00e4\u00e4n.<\/p>\n<p class=\"article-body mb-(--paragraph-margin-b) px-nof-16\">\u2013 Saaristounelma, artistit kuvailevat paikkaa yksimielisesti.<\/p>\n<p class=\"article-body mb-(--paragraph-margin-b) px-nof-16\">Artistien teht\u00e4v\u00e4ksi j\u00e4\u00e4kin nyt loistaa niin, ettei huomio kiinnity vain uuteen ymp\u00e4rist\u00f6\u00f6n.<\/p>\n<p><img decoding=\"async\" src=\"https:\/\/www.europesays.com\/fi\/wp-content\/uploads\/2026\/09\/1788496751_276_468.jpg\" alt=\"T\u00e4lt\u00e4 n\u00e4ytt\u00e4\u00e4 Calliolan \u201dp\u00e4\u00e4paikka\u201d, jossa lounaat, illalliset ja esitykset kuvataan.\" class=\"_Img_1rerz_1\" style=\"aspect-ratio:1920\/1200\" loading=\"eager\"\/><\/p>\n<p class=\"font-(family-name:--picture-caption-font-family) text-(length:--picture-caption-font-size) leading-(--picture-caption-leading) font-(--picture-caption-font-weight) text-(color:--picture-caption-color) picture-with-caption__caption picture-with-caption__caption--default-full\">T\u00e4lt\u00e4 n\u00e4ytt\u00e4\u00e4 Calliolan \u201dp\u00e4\u00e4paikka\u201d, jossa lounaat, illalliset ja esitykset kuvataan. Kuva:\u00a0Petri Aho \/ Sanoma<\/p>\n<p><img decoding=\"async\" src=\"https:\/\/www.europesays.com\/fi\/wp-content\/uploads\/2026\/09\/1788496752_153_468.jpg\" alt=\"T\u00e4lt\u00e4 puolestaan n\u00e4ytti Hirvensalmen Satulinnan pihapiirin navetta.\" class=\"_Img_1rerz_1\" style=\"aspect-ratio:1920\/1277\" loading=\"eager\"\/><\/p>\n<p class=\"font-(family-name:--picture-caption-font-family) text-(length:--picture-caption-font-size) leading-(--picture-caption-leading) font-(--picture-caption-font-weight) text-(color:--picture-caption-color) picture-with-caption__caption picture-with-caption__caption--default-full\">T\u00e4lt\u00e4 puolestaan n\u00e4ytti Hirvensalmen Satulinnan pihapiirin navetta. Kuva:\u00a0Jussi Helttunen<\/p>\n<p><img decoding=\"async\" src=\"https:\/\/www.europesays.com\/fi\/wp-content\/uploads\/2026\/09\/1788496753_879_468.jpg\" alt=\"T\u00e4llainen on artistien estradi Calliolassa.\" class=\"_Img_1rerz_1\" style=\"aspect-ratio:1920\/1200\" loading=\"eager\"\/><\/p>\n<p class=\"font-(family-name:--picture-caption-font-family) text-(length:--picture-caption-font-size) leading-(--picture-caption-leading) font-(--picture-caption-font-weight) text-(color:--picture-caption-color) picture-with-caption__caption picture-with-caption__caption--default-full\">T\u00e4llainen on artistien estradi Calliolassa. Kuva:\u00a0Petri Aho \/ Sanoma<\/p>\n<p><img decoding=\"async\" src=\"https:\/\/www.europesays.com\/fi\/wp-content\/uploads\/2026\/09\/1788496753_475_468.jpg\" alt=\"T\u00e4lt\u00e4 n\u00e4ytti Satulinnan estradi. Kuvassa kauden 16 t\u00e4hdet Vesta ja Pelle Miljoona.\" class=\"_Img_1rerz_1\" style=\"aspect-ratio:1920\/1080\" loading=\"eager\"\/><\/p>\n<p class=\"font-(family-name:--picture-caption-font-family) text-(length:--picture-caption-font-size) leading-(--picture-caption-leading) font-(--picture-caption-font-weight) text-(color:--picture-caption-color) picture-with-caption__caption picture-with-caption__caption--default-full\">T\u00e4lt\u00e4 n\u00e4ytti Satulinnan estradi. Kuvassa kauden 16 t\u00e4hdet Vesta ja Pelle Miljoona. Kuva:\u00a0Petri Aho \/ Sanoma<\/p>\n<p class=\"article-body mb-(--paragraph-margin-b) px-nof-16\">Aineksia on. Artistijoukosta erottuu heti k\u00e4ttelyss\u00e4 persoonallaan Jippu, 40. H\u00e4n ei esit\u00e4 eik\u00e4 kaunistele, vaan vaikuttaa olevan kameran edess\u00e4 t\u00e4ysin oma itsens\u00e4.<\/p>\n<p class=\"article-body mb-(--paragraph-margin-b) px-nof-16\">Jaksossa n\u00e4ytet\u00e4\u00e4n videop\u00e4tk\u00e4\u00e4 Jipusta, joka on menossa yst\u00e4v\u00e4ns\u00e4 kanssa kahville. Kesken matkan h\u00e4n tajuaa, ett\u00e4 h\u00e4nell\u00e4 olikin varattu samaan aikaan Vain el\u00e4m\u00e4\u00e4 -studiosessio.<\/p>\n<p class=\"article-body mb-(--paragraph-margin-b) px-nof-16\">\u2013 El\u00e4n niin omassa sf\u00e4\u00e4riss\u00e4 v\u00e4lill\u00e4, etten muista tuollaisia. Unohdan omat syntym\u00e4p\u00e4iv\u00e4nikin, h\u00e4n kertoo.<\/p>\n<p class=\"article-body mb-(--paragraph-margin-b) px-nof-16\">\u2013 Olen ihan mahdoton, sen olen oppinut. <\/p>\n<p><img decoding=\"async\" src=\"https:\/\/www.europesays.com\/fi\/wp-content\/uploads\/2026\/09\/1788496754_726_468.jpg\" alt=\"Jippu kertoi ohjelman lehdist\u00f6tilaisuudessa, ett\u00e4 h\u00e4n saunoi aamuin illoin Calliolassa rauhoittuakseen ja rentoutuakseen.\" class=\"_Img_1rerz_1\" style=\"aspect-ratio:1920\/1279\" loading=\"eager\"\/><\/p>\n<p class=\"font-(family-name:--picture-caption-font-family) text-(length:--picture-caption-font-size) leading-(--picture-caption-leading) font-(--picture-caption-font-weight) text-(color:--picture-caption-color) picture-with-caption__caption picture-with-caption__caption--default-full\">Jippu kertoi ohjelman lehdist\u00f6tilaisuudessa, ett\u00e4 h\u00e4n saunoi aamuin illoin Calliolassa rauhoittuakseen ja rentoutuakseen. Kuva:\u00a0Seppo K\u00e4rki \/ IS<\/p>\n<p class=\"article-body mb-(--paragraph-margin-b) px-nof-16\">Jippu kertoo, ett\u00e4 h\u00e4n on oppinut k\u00e4\u00e4nt\u00e4m\u00e4\u00e4n el\u00e4m\u00e4ss\u00e4\u00e4n negatiivisen positiiviseksi selviyty\u00e4kseen. Jipun el\u00e4m\u00e4n karikoista ja k\u00e4\u00e4nteist\u00e4 on kerrottu esimerkiksi h\u00e4nen kirjassaan Jippu \u2013 Kun perhonen lakkaa hengitt\u00e4m\u00e4st\u00e4 (2022). Kirjassa sukelletaan karuun lapsuuteen, mielenterveysongelmiin, suljetulle osastolle joutumiseen, rikkin\u00e4isen naiseuden pohtimiseen, v\u00e4kivaltaiseen avioliittoon, alkoholismiin, sy\u00f6mish\u00e4iri\u00f6\u00f6n, riippuvuuksiin ja uskoon tulemiseen.<\/p>\n<p class=\"article-body mb-(--paragraph-margin-b) px-nof-16\">Kaudelle onkin paljon odotuksia siit\u00e4, ett\u00e4 Jippu syvent\u00e4isi katsojille el\u00e4m\u00e4ns\u00e4 kiinnostavimpia k\u00e4\u00e4nteit\u00e4.<\/p>\n<p class=\"article-body mb-(--paragraph-margin-b) px-nof-16\">Tunteita ainakin riitt\u00e4\u00e4 jo ensimm\u00e4isess\u00e4 jaksossa.<\/p>\n<p class=\"article-body mb-(--paragraph-margin-b) px-nof-16\">\u2013 Olen mykistynyt ja tirautin jo kyyneli\u00e4 tuolla, kun en voi k\u00e4sitt\u00e4\u00e4, kun musta t\u00e4m\u00e4 on niin ihanaa, Jippu ylist\u00e4\u00e4 jaksossa jo ennen jahtiin astumista.<\/p>\n<p class=\"article-body mb-(--paragraph-margin-b) px-nof-16\">Jipun persoona ei j\u00e4\u00e4 huomaamatta muilta artisteiltakaan.<\/p>\n<p class=\"article-body mb-(--paragraph-margin-b) px-nof-16\">\u2013 Jippu on niin all over the place ja t\u00e4ynn\u00e4 rakkautta. Sit\u00e4 vaan sinkoilee ja s\u00e4teilee joka suuntaan, Benjamin nauraa.<\/p>\n<p>N\u00e4in Vain el\u00e4m\u00e4\u00e4 -kausi etenee<\/p>\n<p class=\"article-body mb-(--paragraph-margin-b) px-nof-16\">4.9. Calliola kutsuu<\/p>\n<p class=\"article-body mb-(--paragraph-margin-b) px-nof-16\">11.9. Benjaminin p\u00e4iv\u00e4<\/p>\n<p class=\"article-body mb-(--paragraph-margin-b) px-nof-16\">18.9. Heikki Salon p\u00e4iv\u00e4<\/p>\n<p class=\"article-body mb-(--paragraph-margin-b) px-nof-16\">25.9. Nelli Matulan p\u00e4iv\u00e4<\/p>\n<p class=\"article-body mb-(--paragraph-margin-b) px-nof-16\">2.10. Timo Kotipellon p\u00e4iv\u00e4<\/p>\n<p class=\"article-body mb-(--paragraph-margin-b) px-nof-16\">9.10. Erikoisvieras Nylon Beatin p\u00e4iv\u00e4<\/p>\n<p class=\"article-body mb-(--paragraph-margin-b) px-nof-16\">16.10. Areksen p\u00e4iv\u00e4<\/p>\n<p class=\"article-body mb-(--paragraph-margin-b) px-nof-16\">23.10. Jipun p\u00e4iv\u00e4<\/p>\n<p class=\"article-body mb-(--paragraph-margin-b) px-nof-16\">30.10. Erikoisvieras Samuli Putron p\u00e4iv\u00e4<\/p>\n<p class=\"article-body mb-(--paragraph-margin-b) px-nof-16\">6.11. Freemanin p\u00e4iv\u00e4<\/p>\n<p class=\"article-body mb-(--paragraph-margin-b) px-nof-16\">13.11. BESSin p\u00e4iv\u00e4<\/p>\n<p class=\"article-body mb-(--paragraph-margin-b) px-nof-16\">20.11. Erikoisvieras Lordin p\u00e4iv\u00e4<\/p>\n<p class=\"article-body mb-(--paragraph-margin-b) px-nof-16\">27.11. Karaokebileet<\/p>\n<p class=\"article-body mb-(--paragraph-margin-b) px-nof-16\">4.12. Kaikki biisit 1\/2<\/p>\n<p class=\"article-body mb-(--paragraph-margin-b) px-nof-16\">11.12. Kaikki biisit 2\/2<\/p>\n<p class=\"article-body mb-(--paragraph-margin-b) px-nof-16\">18.12. Joulusikerm\u00e4<\/p>\n<p class=\"article-body mb-(--paragraph-margin-b) px-nof-16\">Ryhm\u00e4dynamiikka on seesteisen ja toimivan oloinen ensimm\u00e4isen jakson perusteella. Nuoremman polven Benjamin, 29, Bess, 33, ja Nelli Matula, 30, pit\u00e4v\u00e4t huolta energian ja iloisen tunnelman s\u00e4ilymisest\u00e4. Lineaaritelevisiota katsovalle suurelle yleis\u00f6lle hieman tuntemattomampi 26-vuotias Ares puolestaan erottuu joukosta tyylill\u00e4\u00e4n. N\u00e4ht\u00e4v\u00e4ksi j\u00e4\u00e4, hy\u00f6dynt\u00e4\u00e4k\u00f6 Ares koko potentiaalinsa kauden aikana.<\/p>\n<p class=\"article-body mb-(--paragraph-margin-b) px-nof-16\">Freeman, 74, ja Heikki Salo, 68, puolestaan ovat sympaattisia vanhemman polven miehi\u00e4, joista kell\u00e4\u00e4n lienee pahaa sanottavaa. Heid\u00e4n haasteenaan on kertoa pitk\u00e4st\u00e4 urastaan ja itsest\u00e4\u00e4n jotain, mit\u00e4 suuri yleis\u00f6 ei viel\u00e4 tied\u00e4.<\/p>\n<p class=\"article-body mb-(--paragraph-margin-b) px-nof-16\">Se toki koskee jokaista artistia i\u00e4st\u00e4 riippumatta, sill\u00e4 Vain el\u00e4m\u00e4\u00e4 -ohjelman taikaan kuuluu sopivissa m\u00e4\u00e4rin musiikkia ja sopivissa m\u00e4\u00e4rin paljastuksia, joita ei ole ennen kuultu.<\/p>\n<p class=\"nof-ui-body-medium break-words mb-(--paragraph-margin-b) px-nof-16\">IS, Nelonen ja Ruutu kuuluvat samaan Sanoma-konserniin.<\/p>\n<p class=\"nof-ui-body-medium break-words mb-(--paragraph-margin-b) px-nof-16\">Vain el\u00e4m\u00e4\u00e4 Nelonen klo 20 perjantaina 4.9. Jakso klo 06 Ruutu+-palvelussa.<\/p>\n","protected":false},"excerpt":{"rendered":"Vain el\u00e4m\u00e4\u00e4 -ohjelman 17. kauden trailerilla n\u00e4hd\u00e4\u00e4n, milt\u00e4 uusi Calliola n\u00e4ytt\u00e4\u00e4. Video:\u00a0Nelonen \/ Sanoma Tv-lehti arvioi: Vain el\u00e4m\u00e4\u00e4&hellip;\n","protected":false},"author":2,"featured_media":341000,"comment_status":"","ping_status":"","sticky":false,"template":"","format":"standard","meta":{"footnotes":"","_share_on_mastodon":"0"},"categories":[133],"tags":[137,33,31,30,34,32,206,156,109],"class_list":["post-340999","post","type-post","status-publish","format-standard","has-post-thumbnail","category-televisiot","tag-entertainment","tag-fi","tag-finland","tag-finnish","tag-ilta-sanomat","tag-suomi","tag-televisiot","tag-tv","tag-viihde"],"share_on_mastodon":{"url":"https:\/\/pubeurope.com\/@fi\/117210931038019037","error":""},"_links":{"self":[{"href":"https:\/\/www.europesays.com\/fi\/wp-json\/wp\/v2\/posts\/340999","targetHints":{"allow":["GET"]}}],"collection":[{"href":"https:\/\/www.europesays.com\/fi\/wp-json\/wp\/v2\/posts"}],"about":[{"href":"https:\/\/www.europesays.com\/fi\/wp-json\/wp\/v2\/types\/post"}],"author":[{"embeddable":true,"href":"https:\/\/www.europesays.com\/fi\/wp-json\/wp\/v2\/users\/2"}],"replies":[{"embeddable":true,"href":"https:\/\/www.europesays.com\/fi\/wp-json\/wp\/v2\/comments?post=340999"}],"version-history":[{"count":0,"href":"https:\/\/www.europesays.com\/fi\/wp-json\/wp\/v2\/posts\/340999\/revisions"}],"wp:featuredmedia":[{"embeddable":true,"href":"https:\/\/www.europesays.com\/fi\/wp-json\/wp\/v2\/media\/341000"}],"wp:attachment":[{"href":"https:\/\/www.europesays.com\/fi\/wp-json\/wp\/v2\/media?parent=340999"}],"wp:term":[{"taxonomy":"category","embeddable":true,"href":"https:\/\/www.europesays.com\/fi\/wp-json\/wp\/v2\/categories?post=340999"},{"taxonomy":"post_tag","embeddable":true,"href":"https:\/\/www.europesays.com\/fi\/wp-json\/wp\/v2\/tags?post=340999"}],"curies":[{"name":"wp","href":"https:\/\/api.w.org\/{rel}","templated":true}]}}