{"id":341003,"date":"2026-09-04T04:44:14","date_gmt":"2026-09-04T04:44:14","guid":{"rendered":"https:\/\/www.europesays.com\/fi\/341003\/"},"modified":"2026-09-04T04:44:14","modified_gmt":"2026-09-04T04:44:14","slug":"vain-elamaa-bess-kavi-sukupuolitautitesteissa","status":"publish","type":"post","link":"https:\/\/www.europesays.com\/fi\/341003\/","title":{"rendered":"Vain el\u00e4m\u00e4\u00e4: Bess k\u00e4vi sukupuolitautitesteiss\u00e4"},"content":{"rendered":"<p>\n            Bess Vain el\u00e4m\u00e4\u00e4 -ohjelmassa.<br \/>\n            Petri Aho\n        <\/p>\n<p class=\"subtitle \">Bess tunnustaa Vain el\u00e4m\u00e4\u00e4 -ohjelmassa intiimin asian menneisyydest\u00e4\u00e4n.<\/p>\n<p class=\"article-content article-content-width !bg-background\">Nelosen Vain el\u00e4m\u00e4\u00e4 -ohjelma on edennyt jo 17. tuotantokaudelleen. Uuden kauden kaksi ensimm\u00e4ist\u00e4 jaksoa ilmestyiv\u00e4t katsottavaksi maksulliseen Ruutu+-palveluun varhain perjantaiaamuna.<\/p>\n<p class=\"font-weight-bold m-font-weight-bold article-content article-content-width !bg-background\">Video: N\u00e4m\u00e4 asiat l\u00f6ytyv\u00e4t Bessin raiderista:<\/p>\n<p class=\"article-content article-content-width !bg-background\">Uudella kaudella toistensa kappaleita versioivat , , , , , ,  ja .<\/p>\n<p class=\"article-content article-content-width !bg-background\">Kauden toisessa jaksossa vietet\u00e4\u00e4n Benjaminin p\u00e4iv\u00e4\u00e4.<\/p>\n<p class=\"article-content article-content-width !bg-background\">Bess tekee ohjelmassa poikkeuksellisen avoimen, intiimin terveydellisen tunnustuksen.<\/p>\n<p>        <a itemprop=\"url\" href=\"https:\/\/www.seiska.fi\/katso\/vain-elamaa-tahti-nelli-matula-kritisoi-nelosta-jos-mina-saisin-paattaa\/2241291\" rel=\"nofollow noopener\" target=\"_blank\"><\/p>\n<p>\nNelli Matulalta suorat sanat\n<\/p>\n<p class=\"section-date\">\n        <strong class=\"article-section\" data-section=\"katso\"><br \/>\n            katso<br \/>\n        <\/strong><br \/>\n        2.9. 06:15\n    <\/p>\n<p>Vain el\u00e4m\u00e4\u00e4 -t\u00e4hti Nelli Matula kritisoi Nelosta: &#8221;Jos min\u00e4 saisin p\u00e4\u00e4tt\u00e4\u00e4&#8230;&#8221;\n    <\/p>\n<p itemprop=\"description\" class=\"subtitle \">\n    Nelli Matula kertoo kutsun Vain el\u00e4m\u00e4\u00e4 -ohjelmaan tuntuneen lottovoitolta.\n<\/p>\n<p>        <\/a><\/p>\n<p>Sukupuolitaudit syyniin<\/p>\n<p class=\"article-content article-content-width !bg-background\">Bess kertoo ohjelmassa, miten h\u00e4n sai alun perin kuulla Benjamin-nimisen artistin olemassaolosta.<\/p>\n<p class=\"article-content article-content-width !bg-background\">\u2013 M\u00e4 olen rehellinen ihminen ja t\u00e4lleen t\u00e4\u00e4 meni. Ensimm\u00e4inen kerta, miss\u00e4 oon sut n\u00e4hnyt&#8230; Oon istunut Meilahden sukupuolitautien klinikalla testeiss\u00e4 niin kuin jokainen itse\u00e4\u00e4n kunnioittava ihminen tekee: k\u00e4y sukupuolitautitesteiss\u00e4, Bess alustaa.<\/p>\n<p class=\"article-content article-content-width !bg-background\">Bess kertoo katsoneensa klinikan odotushuoneessa televisiota, jossa tuli h\u00e4nen muistelemansa mukaan Huomenta Suomi tai joku muu aamuohjelma, jossa Benjamin oli haastateltavana.<\/p>\n<p class=\"article-content article-content-width !bg-background\">Bess kertoo ohjelmassa ajatelleensa siin\u00e4 hetkess\u00e4 haastattelun perusteella, ett\u00e4 onpa Benjamin ihana.<\/p>\n<p class=\"article-content article-content-width !bg-background\">\u2013 Ja siin\u00e4 prinssi uljas s\u00e4 oot nyt, Bess hehkuttaa p\u00f6yd\u00e4n p\u00e4\u00e4ss\u00e4 istuvaa Benjaminia.<\/p>\n<p>        <a itemprop=\"url\" href=\"https:\/\/www.seiska.fi\/katso\/umk-kisahaku-umpeutui-tekeeko-bess-paluun\/2239908\" rel=\"nofollow noopener\" target=\"_blank\"><\/p>\n<p>\nUMK-haku p\u00e4\u00e4ttyi\n<\/p>\n<p class=\"section-date\">\n        <strong class=\"article-section\" data-section=\"katso\"><br \/>\n            katso<br \/>\n        <\/strong><br \/>\n        24.8. 05:15\n    <\/p>\n<p>UMK-kisahaku umpeutui \u2013 Tekeek\u00f6 Bess paluun?\n    <\/p>\n<p itemprop=\"description\" class=\"subtitle \">\n    Bess otti Katson haastattelussa kantaa mahdolliseen UMK-paluuseen.\n<\/p>\n<p>        <\/a><\/p>\n<p class=\"article-content article-content-width !bg-background\">P\u00f6yd\u00e4n \u00e4\u00e4ress\u00e4 heitet\u00e4\u00e4n vitsi\u00e4 ilmoille siit\u00e4, ett\u00e4 artistit ajattelivat Bessin ja Benjaminin kohdanneen kasvotusten sukupuolitautitestaamisen yhteydess\u00e4.<\/p>\n<p class=\"article-content article-content-width !bg-background\">Bess palaa aiheeseen viel\u00e4 sen verran, ett\u00e4 h\u00e4n sai tukea sukupuolitautitestin hetkeen.<\/p>\n<p class=\"article-content article-content-width !bg-background\">\u2013 Ihana, ett\u00e4 olit siin\u00e4 hetkess\u00e4. Se oli j\u00e4nnitt\u00e4v\u00e4 hetki sekin, Bess sanoo Benjaminille viitaten aamu-tv-haastatteluun.<\/p>\n<p class=\"article-content article-content-width !bg-background\">Sukupuolitautitestiens\u00e4 tuloksista Bess ei hiisku ohjelmassa sanaakaan.<\/p>\n<p class=\"article-content article-content-width !bg-background\"><a href=\"https:\/\/www.terveyskirjasto.fi\/dlk00497\" target=\"_blank\" rel=\"nofollow noopener\">Terveyskirjasto Duodecim<\/a> kertoo, ett\u00e4 sukupuolitaudeiksi kutsutaan joukkoa bakteerien, virusten ja alkuel\u00e4inten aiheuttamia tauteja, jotka tarttuvat p\u00e4\u00e4asiassa tai suureksi osaksi seksikontaktissa. Tavallisimpia n\u00e4ist\u00e4 ovat klamydia, kondylooma, sukuelinherpes, kuppa, tippuri ja HIV-infektio.<\/p>\n<p>Kulta l\u00f6ytyi h\u00e4ist\u00e4<\/p>\n<p class=\"article-content article-content-width !bg-background\">Bess ei taustoita ohjelmassa, milloin h\u00e4n p\u00e4\u00e4tyi sukupuolitautitesteihin.<\/p>\n<p class=\"article-content article-content-width !bg-background\">Benjaminin musiikkiura alkoi vuonna 2014, kun h\u00e4n sai levytyssopimuksen Warner Music Finlandin kanssa ja julkaisi Underdogs-singlens\u00e4. Kev\u00e4\u00e4ll\u00e4 2015 Benjamin sai suurta nostetta kappaleelleen Espanjassa.<\/p>\n<p class=\"article-content article-content-width !bg-background\">Bess on nyky\u00e4\u00e4n parisuhteessa tanskalaisen  kanssa. Bess on kertonut <a href=\"https:\/\/podimo.com\/fi\/shows\/valo-pimiassa\" target=\"_blank\" rel=\"nofollow noopener\">Valo Pimi\u00e4ss\u00e4 -podcastissa<\/a> ensikohtaamisestaan Dannyn kanssa. Bess ja Danny kohtasivat vuonna 2020 missikisayritt\u00e4j\u00e4  ja t\u00e4m\u00e4n puolison  h\u00e4iss\u00e4. Bess oli siell\u00e4 esiintym\u00e4ss\u00e4 ja Danny bestmanina.<\/p>\n<p>                <img decoding=\"async\" src=\"https:\/\/www.europesays.com\/fi\/wp-content\/uploads\/2026\/09\/2252611.webp\" width=\"576\" height=\"274\" title=\"Bess ja Danny ovat pit\u00e4neet yht\u00e4 vuodesta 2020 l\u00e4htien.\" alt=\"Emma Gaala 2026 punainenmatto. Kuvassa BESS ja Danny Baertelsen\" loading=\"lazy\" \/>            <\/p>\n<p>\n            Bess ja Danny ovat pit\u00e4neet yht\u00e4 vuodesta 2020 l\u00e4htien.<br \/>\n            Timo Korhonen\n        <\/p>\n<p class=\"article-content article-content-width !bg-background\">Bess kertoi podcastissa, ett\u00e4 h\u00e4iden aikaan h\u00e4n oli juuri eronnut edellisest\u00e4 suhteestaan ja suunnitteli viett\u00e4v\u00e4ns\u00e4 villi\u00e4 sinkkuel\u00e4m\u00e4\u00e4. Bess oli kuitenkin iskenyt silm\u00e4ns\u00e4 Dannyyn, vaikka ajatteli, ettei h\u00e4nell\u00e4 olisi niin komeaan mieheen mahdollisuuksia. Toisin kuitenkin k\u00e4vi, sill\u00e4 illan aikana Danny l\u00e4hestyi Bessi\u00e4 ja pariskunta p\u00e4\u00e4tyi suutelemaan.<\/p>\n<p>        <a itemprop=\"url\" href=\"https:\/\/www.seiska.fi\/vain-seiskassa\/bess-seiskalle-harvinainen-avautuminen-lapsuudesta\/2238684\" rel=\"nofollow noopener\" target=\"_blank\"><\/p>\n<p>\nBess avoimena Seiskalle\n<\/p>\n<p class=\"section-date\">\n        <strong class=\"article-section\" data-section=\"vain seiskassa\"><br \/>\n            vain seiskassa<br \/>\n        <\/strong><br \/>\n        22.8. 10:00\n    <\/p>\n<p>Bess Seiskalle: Harvinainen avautuminen lapsuudesta\n    <\/p>\n<p itemprop=\"description\" class=\"subtitle \">\n    Bess oivaltaa olleensa lapsena etuoikeutetussa asemassa.\n<\/p>\n<p>        <\/a><\/p>\n<p class=\"italic m-italic article-content article-content-width !bg-background\">Vain el\u00e4m\u00e4\u00e4 Nelosella perjantaisin klo 20. Jaksot katsottavissa my\u00f6s Ruudussa.<\/p>\n","protected":false},"excerpt":{"rendered":"Bess Vain el\u00e4m\u00e4\u00e4 -ohjelmassa. Petri Aho Bess tunnustaa Vain el\u00e4m\u00e4\u00e4 -ohjelmassa intiimin asian menneisyydest\u00e4\u00e4n. Nelosen Vain el\u00e4m\u00e4\u00e4 -ohjelma&hellip;\n","protected":false},"author":2,"featured_media":341004,"comment_status":"","ping_status":"","sticky":false,"template":"","format":"standard","meta":{"footnotes":"","_share_on_mastodon":"0"},"categories":[130],"tags":[2859,3717,137,33,31,30,2158,42050,32,4914,109],"class_list":["post-341003","post","type-post","status-publish","format-standard","has-post-thumbnail","category-viihde","tag-benjamin","tag-bess","tag-entertainment","tag-fi","tag-finland","tag-finnish","tag-ruutu","tag-sukupuolitauti","tag-suomi","tag-vain-elamaa","tag-viihde"],"share_on_mastodon":{"url":"https:\/\/pubeurope.com\/@fi\/117210950745401895","error":""},"_links":{"self":[{"href":"https:\/\/www.europesays.com\/fi\/wp-json\/wp\/v2\/posts\/341003","targetHints":{"allow":["GET"]}}],"collection":[{"href":"https:\/\/www.europesays.com\/fi\/wp-json\/wp\/v2\/posts"}],"about":[{"href":"https:\/\/www.europesays.com\/fi\/wp-json\/wp\/v2\/types\/post"}],"author":[{"embeddable":true,"href":"https:\/\/www.europesays.com\/fi\/wp-json\/wp\/v2\/users\/2"}],"replies":[{"embeddable":true,"href":"https:\/\/www.europesays.com\/fi\/wp-json\/wp\/v2\/comments?post=341003"}],"version-history":[{"count":0,"href":"https:\/\/www.europesays.com\/fi\/wp-json\/wp\/v2\/posts\/341003\/revisions"}],"wp:featuredmedia":[{"embeddable":true,"href":"https:\/\/www.europesays.com\/fi\/wp-json\/wp\/v2\/media\/341004"}],"wp:attachment":[{"href":"https:\/\/www.europesays.com\/fi\/wp-json\/wp\/v2\/media?parent=341003"}],"wp:term":[{"taxonomy":"category","embeddable":true,"href":"https:\/\/www.europesays.com\/fi\/wp-json\/wp\/v2\/categories?post=341003"},{"taxonomy":"post_tag","embeddable":true,"href":"https:\/\/www.europesays.com\/fi\/wp-json\/wp\/v2\/tags?post=341003"}],"curies":[{"name":"wp","href":"https:\/\/api.w.org\/{rel}","templated":true}]}}