{"id":341009,"date":"2026-09-04T04:49:14","date_gmt":"2026-09-04T04:49:14","guid":{"rendered":"https:\/\/www.europesays.com\/fi\/341009\/"},"modified":"2026-09-04T04:49:14","modified_gmt":"2026-09-04T04:49:14","slug":"eero-romppanen-jai-betonilevyjen-valiin-ja-meinasi-kuolla-nyt-han-kertoo-miksi-pieni-rakennusliike-ostaa-helsingin-huonokuntoisia-rakennuksia-paikalliset","status":"publish","type":"post","link":"https:\/\/www.europesays.com\/fi\/341009\/","title":{"rendered":"Eero Romppanen j\u00e4i betonilevyjen v\u00e4liin ja meinasi kuolla \u2013 nyt h\u00e4n kertoo, miksi pieni rakennusliike ostaa Helsingin huonokuntoisia rakennuksia | Paikalliset"},"content":{"rendered":"<p>Pukinm\u00e4en kartanon pihalla n\u00e4ytt\u00e4\u00e4 silt\u00e4 kuin kukaan ei olisi siell\u00e4 v\u00e4h\u00e4\u00e4n aikana k\u00e4ynyt. Se on aikalailla tottakin. Talon pihalla on hiljaista. Rikkaruohoja kasvavat siell\u00e4 t\u00e4\u00e4ll\u00e4.<\/p>\n<p><strong class=\"diks-storyline__impact\">Kartano <\/strong>rakennuksineen on juuri vaihtanut omistajaa.<\/p>\n<p>Pihalla seisoo uuden omistajan edustaja eli vantaalaisen rakennusliike MKT-Yhti\u00f6iden <strong>Eero Romppanen<\/strong>, joka vastaa yrityksen ty\u00f6njohdosta ja kaikenlaisista remppaprojekteista.<\/p>\n<p>\u2013\u2009Ihan kiva homma, Romppanen sanoo ja katsoo kartanon vanhaa sek\u00e4 remontin tarpeessa olevaa p\u00e4\u00e4rakennusta.<\/p>\n<p>\u2013\u2009Sis\u00e4lle ei p\u00e4\u00e4st\u00e4. Kaupan loppuun saattamiseen liittyy teknisi\u00e4 asioita. Avaimia ei viel\u00e4 ole, h\u00e4n toteaa.<\/p>\n<p>\t\t<a class=\"diks-gallery__link\" href=\"https:\/\/i.media.fi\/incoming\/cyahn6\/11650918.jpg\/alternates\/FREE_1440\/11650918.jpg\" data-thumbnail=\"\" data-sub-html=\"Pukinm\u00e4en kartano sijaitsee l\u00e4hell\u00e4 juna-asemaa. Sanna Jompero-Lahokoski\" aria-label=\"Katso isompi kuva\" rel=\"nofollow noopener\" target=\"_blank\"><br \/>\n\t\t\t\t<img class=\"diks-figure__image\" src=\"https:\/\/www.europesays.com\/fi\/wp-content\/uploads\/2026\/09\/11650918.jpg\" loading=\"lazy\" decoding=\"sync\" alt=\"\"\/><\/p>\n<p>\t\t\t<\/a><br \/>\n\t\t\t\t\tPukinm\u00e4en kartano sijaitsee l\u00e4hell\u00e4 juna-asemaa. Sanna Jompero-Lahokoski<\/p>\n<p><strong class=\"diks-storyline__impact\">Romppanen<\/strong> on luvannut kertoa Helsingin Uutisille, mik\u00e4 sai pienen vantaalaisen rakennusliikkeen ostamaan Helsingin kaupungilta vanhoja ja suojeltuja rakennuksia sek\u00e4 mit\u00e4 se aikoo niill\u00e4 tehd\u00e4.<\/p>\n<p>Kuluneen kes\u00e4n aikana Romppasen edustama MKT-Yhti\u00f6t on ostanut kaupungilta huutokaupalla yhteens\u00e4 kolme vanhaa taloa ja sivurakennuksia. Rahaa on talokauppoihin palanut yhteens\u00e4 335 700 euroa.<\/p>\n<p>Hein\u00e4kuussa kaupat tehtiin Laajasalossa 120\u202f700 eurolla <a href=\"https:\/\/www.helsinginuutiset.fi\/paikalliset\/9655934\" rel=\"nofollow noopener\" target=\"_blank\">asuinrakennuksesta talousrakennuksineen<\/a>.<\/p>\n<p>Elokuun lopussa yhti\u00f6 osti Kumpulasta huonokuntoisen <a href=\"https:\/\/www.helsinginuutiset.fi\/paikalliset\/9742737\" rel=\"nofollow noopener\" target=\"_blank\">kaksikerroksisen puutalon<\/a>, jonka kauppahinta oli 15 000 euroa.<\/p>\n<p><a href=\"https:\/\/www.helsinginuutiset.fi\/paikalliset\/9712086\" rel=\"nofollow noopener\" target=\"_blank\">Pukinm\u00e4en kartano<\/a> rakennuksineen myytiin 200 000 eurolla.<\/p>\n<p>\t\t<a class=\"diks-gallery__link\" href=\"https:\/\/i.media.fi\/incoming\/y67zm6\/11650909.jpg\/alternates\/FREE_1440\/11650909.jpg\" data-thumbnail=\"\" data-sub-html=\"Kartano ja sen p\u00e4\u00e4ovi. Sanna Jompero-Lahokoski\" aria-label=\"Katso isompi kuva\" rel=\"nofollow noopener\" target=\"_blank\"><br \/>\n\t\t\t\t<img class=\"diks-figure__image\" src=\"https:\/\/www.europesays.com\/fi\/wp-content\/uploads\/2026\/09\/11650909.jpg\" loading=\"lazy\" decoding=\"sync\" alt=\"\"\/><\/p>\n<p>\t\t\t<\/a><br \/>\n\t\t\t\t\tKartano ja sen p\u00e4\u00e4ovi. Sanna Jompero-Lahokoski<\/p>\n<p><strong class=\"diks-storyline__impact\">Rakennusten<\/strong> ostamisessa oli Romppasen mukaan kyse pitk\u00e4lti sattumasta.<\/p>\n<p>\u2013\u2009Kun p\u00e4\u00e4timme, ett\u00e4 rupeamme t\u00e4llaisia remontteja tekem\u00e4\u00e4n, Helsingill\u00e4 sattui olemaan muutama sopiva rakennus myynniss\u00e4.<\/p>\n<p>Rakennusyhti\u00f6 osallistui Romppasen mukaan my\u00f6s muutamaan muuhunkin kaupungin huutokauppaan, mutta ne eiv\u00e4t t\u00e4rp\u00e4nneet. Joku toinen tarjosi enemm\u00e4n. N\u00e4m\u00e4 kolme t\u00e4rpp\u00e4siv\u00e4t ja sitten k\u00e4teltiin. Rakennukset vaihtoivat omistajaa.<\/p>\n<p>Kaikki rakennukset ovat vanhoja ja sellaisia, mit\u00e4 kaupunki ei itse en\u00e4\u00e4 tarvitse. Siksi ne myytiin. Se on kaupungin periaate vanhojen talojen myynnille. Esimerkiksi Pukinm\u00e4en kartano ja sen sivurakennukset ovat yli sata vuotta vanhoja ja valmistuneet 1800-luvun lopulla.<\/p>\n<p><strong class=\"diks-storyline__impact\">Remontit<\/strong> tehd\u00e4\u00e4n Romppasen mukaan omalla rahoituksella ja itse. Tarkkaa remonttibudjettia h\u00e4n ei paljasta.<\/p>\n<p>\u2013\u2009Alkuun joitain kymmeni\u00e4tuhansia euroja.<\/p>\n<p>Rakennukset on tarkoitus my\u00f6s saada tuottamaan mahdollisimman nopeasti. Mutta palataan remontteihin my\u00f6hemmin. Puhutaan hetki viel\u00e4 vanhoista taloista.<\/p>\n<blockquote class=\"voice-no-read rs_skip diks-blockquote\">\n<p class=\"diks-blockquote__text\">Kai siin\u00e4 kohtuu l\u00e4hell\u00e4 kuolemaa oltiin.<\/p>\n<\/blockquote>\n<p>Romppasen mukaan uusia taloja rakentamalla ansaitsisi enemm\u00e4n kuin remontoimalla vanhoja, mutta se ei kuulemma ole yht\u00e4 hauskaa.<\/p>\n<p>\u2013\u2009Voi olla tosin, ett\u00e4 hauskuus loppuu kun huomaamme, ett\u00e4 jotain m\u00e4t\u00e4\u00e4 tuleekin vastaan, mutta n\u00e4iss\u00e4 kohteissa p\u00e4\u00e4see ratkomaan ongelmia ja katsomaan, mit\u00e4 tulee vastaan, mies hym\u00e4ht\u00e4\u00e4.<\/p>\n<p>Vanhojen ja huonokuntoisten rakennusten ostamiseen liittyy aina riskej\u00e4, jotka Romppanen hyvin kuulemma tiet\u00e4\u00e4.<\/p>\n<p>Pukinm\u00e4en kartanon yhteen ovista on osuvasti j\u00e4\u00e4nyt vanha nimikyltti. Ovessa lukee Onnela.<\/p>\n<p>\t\t<a class=\"diks-gallery__link\" href=\"https:\/\/i.media.fi\/incoming\/ni5uk3\/11650907.jpg\/alternates\/FREE_1440\/11650907.jpg\" data-thumbnail=\"\" data-sub-html=\"Talo on ollut tyhjill\u00e4\u00e4n ja remontoitavassa kunnossa. Sanna Jompero-Lahokoski\" aria-label=\"Katso isompi kuva\" rel=\"nofollow noopener\" target=\"_blank\"><br \/>\n\t\t\t\t<img class=\"diks-figure__image\" src=\"https:\/\/www.europesays.com\/fi\/wp-content\/uploads\/2026\/09\/11650907.jpg\" loading=\"lazy\" decoding=\"sync\" alt=\"\"\/><\/p>\n<p>\t\t\t<\/a><br \/>\n\t\t\t\t\tTalo on ollut tyhjill\u00e4\u00e4n ja remontoitavassa kunnossa. Sanna Jompero-Lahokoski<\/p>\n<p>\t\t<a class=\"diks-gallery__link\" href=\"https:\/\/i.media.fi\/incoming\/t9zf0k\/11650921.jpg\/alternates\/FREE_1440\/11650921.jpg\" data-thumbnail=\"\" data-sub-html=\"Oveen on j\u00e4\u00e4nyt vanha nimikyltti. Sanna Jompero-Lahokoski\" aria-label=\"Katso isompi kuva\" rel=\"nofollow noopener\" target=\"_blank\"><br \/>\n\t\t\t\t<img class=\"diks-figure__image\" src=\"https:\/\/www.europesays.com\/fi\/wp-content\/uploads\/2026\/09\/11650921.jpg\" loading=\"lazy\" decoding=\"sync\" alt=\"\"\/><\/p>\n<p>\t\t\t<\/a><br \/>\n\t\t\t\t\tOveen on j\u00e4\u00e4nyt vanha nimikyltti. Sanna Jompero-Lahokoski<\/p>\n<p><strong class=\"diks-storyline__impact\">Lopullista<\/strong> ideaa tai suunnitelmaa talojen jatkok\u00e4yt\u00f6lle ei Romppasen mukaan ole viel\u00e4 tehty. Asiat el\u00e4v\u00e4t ja etenev\u00e4t omaan tahtiin. Vanhojen talojen kanssa ei kannata h\u00f6tkyill\u00e4.<\/p>\n<p>Remonttien edetess\u00e4 selvi\u00e4\u00e4, mit\u00e4 tuli ostettua ja miss\u00e4 kunnossa rakennukset ovat.<\/p>\n<p>\u2013\u2009Ei t\u00e4m\u00e4 mik\u00e4\u00e4n valtava bisnes tietenk\u00e4\u00e4n ole. Kunhan Pukinm\u00e4en ja Kumpulan toiminnot py\u00f6risiv\u00e4t plussalla ja remontti- sek\u00e4 hankintakulut saataisiin katettua j\u00e4rkev\u00e4ss\u00e4 ajassa, h\u00e4n pohtii tulevia suunnitelmia.<\/p>\n<p><strong class=\"diks-storyline__impact\">Pukinm\u00e4en<\/strong> kartano ja Kumpulan puutalo j\u00e4\u00e4v\u00e4t MKT-Yhti\u00f6iden omistukseen. Maat omistaa kaupunki.<\/p>\n<p>Pukinm\u00e4en kartanon rakennukset remontoidaan juhlatiloiksi, joissa voitaisiin j\u00e4rjest\u00e4\u00e4 tapahtumia, kuten ty\u00f6paikan virkistysp\u00e4ivi\u00e4 tai vaikkapa h\u00e4it\u00e4. Tiloja vuokrataan ulkopuolisille. P\u00e4\u00e4rakennus on sokkeloisempi. Yksi vaihtoehto on, ett\u00e4 paikalliset yhdistykset voisivat vuokrata p\u00e4\u00e4rakennuksen tiloja, jos kiinnostusta l\u00f6ytyy.<\/p>\n<p>My\u00f6s huonoimmassa kunnossa oleva navetta sopisi hyvin juhlatilaksi. Nyt sit\u00e4 ymp\u00e4r\u00f6i aita, koska osa sen yhdest\u00e4 sein\u00e4st\u00e4 on sortunut.<\/p>\n<p>\t\t<a class=\"diks-gallery__link\" href=\"https:\/\/i.media.fi\/incoming\/47f43n\/11650917.jpg\/alternates\/FREE_1440\/11650917.jpg\" data-thumbnail=\"\" data-sub-html=\"Pihapiiriss\u00e4 on kaksi pient\u00e4 asuntoa, jotka remontoidaan. Sanna Jompero-Lahokoski\" aria-label=\"Katso isompi kuva\" rel=\"nofollow noopener\" target=\"_blank\"><br \/>\n\t\t\t\t<img class=\"diks-figure__image\" src=\"https:\/\/www.europesays.com\/fi\/wp-content\/uploads\/2026\/09\/11650917.jpg\" loading=\"lazy\" decoding=\"sync\" alt=\"\"\/><\/p>\n<p>\t\t\t<\/a><br \/>\n\t\t\t\t\tPihapiiriss\u00e4 on kaksi pient\u00e4 asuntoa, jotka remontoidaan. Sanna Jompero-Lahokoski<\/p>\n<p><strong class=\"diks-storyline__impact\">Kartanon<\/strong> pihapiiriss\u00e4 on kaksi pient\u00e4 asuntoa, yksi\u00f6 ja kaksio. Ne remontoidaan ensimm\u00e4iseksi. Vieraita voitaisiin majoittaa asuntoihin.<\/p>\n<p>\u2013\u2009K\u00e4mp\u00e4t menev\u00e4t ehk\u00e4 vuokralle. Niist\u00e4 saadaan sitten ensimm\u00e4isen\u00e4 tuloja, ett\u00e4 joku n\u00e4ist\u00e4 kohteista saataisiin heti tuottamaan, h\u00e4n toteaa.<\/p>\n<p>Viel\u00e4 t\u00e4n\u00e4 syksyn\u00e4 asunnot vuokrataan tai sitten niist\u00e4 tehd\u00e4\u00e4n kalustettuja Airbnb-vuokra-asuntoja.<\/p>\n<p><strong class=\"diks-storyline__impact\">Romppanen<\/strong> kertoo vuokranneensa aiemmin my\u00f6s b\u00e4nditiloja. H\u00e4n tiet\u00e4\u00e4, ett\u00e4 niille olisi kysynt\u00e4\u00e4. My\u00f6s sellainen voisi olla mahdollista Pukinm\u00e4en kartanon rakennuksissa, jos toiminta saataisiin sinne sovitettua. Melu mietitytt\u00e4\u00e4. L\u00e4himm\u00e4t talot sijaitsevat vieress\u00e4.<\/p>\n<p>\u2013\u2009Emme tietenk\u00e4\u00e4n l\u00e4hde v\u00e4kisin sellaista t\u00e4nne sovittamaan, jos tuntuu, ett\u00e4 siit\u00e4 l\u00e4htisi liikaa \u00e4\u00e4nt\u00e4.<\/p>\n<p>\t\t<a class=\"diks-gallery__link\" href=\"https:\/\/i.media.fi\/incoming\/nxj5ki\/11650919.jpg\/alternates\/FREE_1440\/11650919.jpg\" data-thumbnail=\"\" data-sub-html=\"\u2013\u2009Olisihan se ik\u00e4v\u00e4\u00e4, ett\u00e4 remontoidaan, mutta ket\u00e4\u00e4n ei kiinnostaisi, toteaa Romppanen tulevista remonteista, mutta ei usko, ett\u00e4 niin k\u00e4visi. Sanna Jompero-Lahokoski\" aria-label=\"Katso isompi kuva\" rel=\"nofollow noopener\" target=\"_blank\"><br \/>\n\t\t\t\t<img class=\"diks-figure__image\" src=\"https:\/\/www.europesays.com\/fi\/wp-content\/uploads\/2026\/09\/11650919.jpg\" loading=\"lazy\" decoding=\"sync\" alt=\"\"\/><\/p>\n<p>\t\t\t<\/a><br \/>\n\t\t\t\t\t\u2013\u2009Olisihan se ik\u00e4v\u00e4\u00e4, ett\u00e4 remontoidaan, mutta ket\u00e4\u00e4n ei kiinnostaisi, toteaa Romppanen tulevista remonteista, mutta ei usko, ett\u00e4 niin k\u00e4visi. Sanna Jompero-Lahokoski<\/p>\n<p><strong class=\"diks-storyline__impact\">Kumpulaan<\/strong> on ensisijaisesti tulossa kahvila ja ty\u00f6tiloja, mik\u00e4li tilaan saadaan ulkopuolinen kahvilanpit\u00e4j\u00e4 ja rakennuksen esteett\u00f6myys- sek\u00e4 muut vaaditut asiat saadaan tehty\u00e4.<\/p>\n<p><strong class=\"diks-storyline__impact\">Laajasalon<\/strong> huvila remontoidaan ja myyd\u00e4\u00e4n.<\/p>\n<p>\u2013\u2009Toivottavasti se on joskus ensi vuonna myyntikunnossa. Vanhoista taloista ei voi satavarmasti tiet\u00e4\u00e4, mit\u00e4 tulee vastaan.<\/p>\n<p><strong class=\"diks-storyline__impact\">Mutta<\/strong> mik\u00e4 t\u00e4m\u00e4 vantaalainen yritys oikein on?<\/p>\n<p>MKT-Yhti\u00f6t on perustettu vuonna 2009. Sen p\u00e4\u00e4paikka sijaitsee Vantaalla.<\/p>\n<p>Yrityksen liikevaihto vuonna 2025 oli 898 000 euroa. Kasvua edellisvuodesta oli hieman yli 60 prosenttia. Liikevaihto on viime vuosina ollut melko tasaisessa kasvussa. Yritys ty\u00f6llist\u00e4\u00e4 kuusi henkil\u00f6\u00e4.<\/p>\n<p>Rakennusliikkeen p\u00e4\u00e4asialliseksi toimialaksi on kirjattu talonrakentaminen ja s\u00e4hk\u00f6ty\u00f6t.<\/p>\n<p>Yrityksen omistaa Romppasen puoliso.<\/p>\n<p>\t\t<a class=\"diks-gallery__link\" href=\"https:\/\/i.media.fi\/incoming\/ewfmcv\/11650920.jpg\/alternates\/FREE_1440\/11650920.jpg\" data-thumbnail=\"\" data-sub-html=\"Navetta voisi remontin j\u00e4lkeen toimia juhlatilana. Sanna Jompero-Lahokoski\" aria-label=\"Katso isompi kuva\" rel=\"nofollow noopener\" target=\"_blank\"><br \/>\n\t\t\t\t<img class=\"diks-figure__image\" src=\"https:\/\/www.europesays.com\/fi\/wp-content\/uploads\/2026\/09\/11650920.jpg\" loading=\"lazy\" decoding=\"sync\" alt=\"\"\/><\/p>\n<p>\t\t\t<\/a><br \/>\n\t\t\t\t\tNavetta voisi remontin j\u00e4lkeen toimia juhlatilana. Sanna Jompero-Lahokoski<\/p>\n<p><strong class=\"diks-storyline__impact\">Romppanen<\/strong> kertoo itse j\u00e4\u00e4neens\u00e4 vuonna 2018 er\u00e4\u00e4ll\u00e4 ty\u00f6maalla betonielementtinippujen v\u00e4liin. Kohtalokas vahinko, kuten t\u00e4llaiset onnettomuudet usein ovat. Sitten l\u00e4hdettiin ambulanssilla T\u00f6\u00f6l\u00f6\u00f6n ja leikkaukseen. Lantio murtui kolmesta kohdasta. Sairaalassa todettiin 13 sis\u00e4ist\u00e4 verenvuotoa. Virtsaputki oli mennyt poikki. Seuraavan muutaman vuoden aikana tehtiin nelj\u00e4 isoa leikkausta.<\/p>\n<p>\u2013 Kai siin\u00e4 kohtuu l\u00e4hell\u00e4 kuolemaa oltiin. En sit\u00e4 tuolloin tai j\u00e4lkeenp\u00e4in ole erityisemmin ajatellut.<\/p>\n<p>Kohtalokkaasta onnettomuudesta seurasi vuosien kuntoutus ja uudelleenkoulutus. Romppanen valmistui merkonomiksi. Veri veti kuitenkin takaisin remonttien pariin.<\/p>\n<p>T\u00e4n\u00e4 p\u00e4iv\u00e4n\u00e4 ty\u00f6njohdolliset teht\u00e4v\u00e4t sopivat h\u00e4nelle parhaiten. <\/p>\n<p>\u2013\u2009Teemme aika monipuolisesti kaikenlaista. Mik\u00e4 tuntuu hyv\u00e4lt\u00e4 milloinkin.<\/p>\n<p>Yrityksell\u00e4 on my\u00f6s muun muassa biljardisali sek\u00e4 biljarditarvikkeita myyv\u00e4 kauppa Mets\u00e4l\u00e4ss\u00e4. \u2013\u2009Eniten olemme Mets\u00e4l\u00e4ss\u00e4, jossa biljardisalit sijaitsevat.<\/p>\n<p>Kun rakennusala alkoi osoittaa hyytymisen merkkej\u00e4, yritys laajensi toimintaansa ja alkoi tehd\u00e4 my\u00f6s kiinteist\u00f6palveluihin liittyv\u00e4\u00e4 toimintaa, kuten nurmikon leikkuuta ja talvisin lumit\u00f6it\u00e4 p\u00e4\u00e4kaupunkiseudulla.<\/p>\n<p>\u2013\u2009Teemme monipuolisesti kaikenlaista. My\u00f6s remppahommia on tehty. Olemme aikaisemminkin tehneet suojeltuihin taloihin liittyvi\u00e4 projekteja.<\/p>\n<p>\t\t<a class=\"diks-gallery__link\" href=\"https:\/\/i.media.fi\/incoming\/3g0xf9\/11650910.jpg\/alternates\/FREE_1440\/11650910.jpg\" data-thumbnail=\"\" data-sub-html=\"Uudet omistajat eiv\u00e4t ole saaneet avaimia, joten sis\u00e4\u00e4n ei p\u00e4\u00e4se. \u2013\u2009Onhan t\u00e4ss\u00e4 puuhaamista, Eero Romppanen toteaa. Sanna Jompero-Lahokoski\" aria-label=\"Katso isompi kuva\" rel=\"nofollow noopener\" target=\"_blank\"><br \/>\n\t\t\t\t<img class=\"diks-figure__image\" src=\"https:\/\/www.europesays.com\/fi\/wp-content\/uploads\/2026\/09\/11650910.jpg\" loading=\"lazy\" decoding=\"sync\" alt=\"\"\/><\/p>\n<p>\t\t\t<\/a><br \/>\n\t\t\t\t\tUudet omistajat eiv\u00e4t ole saaneet avaimia, joten sis\u00e4\u00e4n ei p\u00e4\u00e4se. \u2013\u2009Onhan t\u00e4ss\u00e4 puuhaamista, Eero Romppanen toteaa. Sanna Jompero-Lahokoski<\/p>\n<p><strong class=\"diks-storyline__impact\">Kaikkia<\/strong> kolmea kohdetta ryhdyt\u00e4\u00e4n remontoimaan yht\u00e4 aikaa viel\u00e4 t\u00e4n\u00e4 syksyn\u00e4.<\/p>\n<p>\u2013\u2009Tehokkuuden kannalta on ok, ett\u00e4 on useampi kohde yht\u00e4 aikaa meneill\u00e4\u00e4n. Siin\u00e4 saa tavallaan s\u00e4\u00e4st\u00f6\u00e4 tekemisess\u00e4, Romppanen perustelee.<\/p>\n","protected":false},"excerpt":{"rendered":"Pukinm\u00e4en kartanon pihalla n\u00e4ytt\u00e4\u00e4 silt\u00e4 kuin kukaan ei olisi siell\u00e4 v\u00e4h\u00e4\u00e4n aikana k\u00e4ynyt. Se on aikalailla tottakin. Talon&hellip;\n","protected":false},"author":2,"featured_media":341010,"comment_status":"","ping_status":"","sticky":false,"template":"","format":"standard","meta":{"footnotes":"","_share_on_mastodon":"0"},"categories":[12],"tags":[36,542,22,23,26,27,33,31,30,17,2231,104,564,3081,543,24,25,28,29,15,18,21,32,19,20,16],"class_list":["post-341009","post","type-post","status-publish","format-standard","has-post-thumbnail","category-suomi","tag-asuintalot-ja-asunnot","tag-asuminen","tag-breaking-news","tag-breakingnews","tag-featured-news","tag-featurednews","tag-fi","tag-finland","tag-finnish","tag-headlines","tag-helsingin-kaupunki","tag-helsinki","tag-juhlat","tag-kiinteistot","tag-koti-ja-asuminen","tag-latest-news","tag-latestnews","tag-main-news","tag-mainnews","tag-news","tag-otsikot","tag-paauutiset","tag-suomi","tag-top-stories","tag-topstories","tag-uutiset"],"share_on_mastodon":{"url":"https:\/\/pubeurope.com\/@fi\/117210970632887835","error":""},"_links":{"self":[{"href":"https:\/\/www.europesays.com\/fi\/wp-json\/wp\/v2\/posts\/341009","targetHints":{"allow":["GET"]}}],"collection":[{"href":"https:\/\/www.europesays.com\/fi\/wp-json\/wp\/v2\/posts"}],"about":[{"href":"https:\/\/www.europesays.com\/fi\/wp-json\/wp\/v2\/types\/post"}],"author":[{"embeddable":true,"href":"https:\/\/www.europesays.com\/fi\/wp-json\/wp\/v2\/users\/2"}],"replies":[{"embeddable":true,"href":"https:\/\/www.europesays.com\/fi\/wp-json\/wp\/v2\/comments?post=341009"}],"version-history":[{"count":0,"href":"https:\/\/www.europesays.com\/fi\/wp-json\/wp\/v2\/posts\/341009\/revisions"}],"wp:featuredmedia":[{"embeddable":true,"href":"https:\/\/www.europesays.com\/fi\/wp-json\/wp\/v2\/media\/341010"}],"wp:attachment":[{"href":"https:\/\/www.europesays.com\/fi\/wp-json\/wp\/v2\/media?parent=341009"}],"wp:term":[{"taxonomy":"category","embeddable":true,"href":"https:\/\/www.europesays.com\/fi\/wp-json\/wp\/v2\/categories?post=341009"},{"taxonomy":"post_tag","embeddable":true,"href":"https:\/\/www.europesays.com\/fi\/wp-json\/wp\/v2\/tags?post=341009"}],"curies":[{"name":"wp","href":"https:\/\/api.w.org\/{rel}","templated":true}]}}