{"id":341017,"date":"2026-09-04T05:11:08","date_gmt":"2026-09-04T05:11:08","guid":{"rendered":"https:\/\/www.europesays.com\/fi\/341017\/"},"modified":"2026-09-04T05:11:08","modified_gmt":"2026-09-04T05:11:08","slug":"vain-elamaa-17-kauden-tahtikaarti-ei-ole-sarjan-savayttavin","status":"publish","type":"post","link":"https:\/\/www.europesays.com\/fi\/341017\/","title":{"rendered":"Vain el\u00e4m\u00e4\u00e4 -17. kauden t\u00e4htikaarti ei ole sarjan s\u00e4v\u00e4ytt\u00e4vin"},"content":{"rendered":"<p>\n  Uudella Vain el\u00e4m\u00e4\u00e4 -kaudella n\u00e4hd\u00e4\u00e4n muusikot Benjamin Peltonen, Bess, Freeman, Heikki Salo, Ares, Nelli Matula, Jippu ja Timo Kotipelto.<\/p>\n<p><strong>Benjamin Peltonen<\/strong>, <strong>Bess<\/strong>, <strong>Freeman<\/strong>, <strong>Heikki Salo,<\/strong> <strong>Ares<\/strong>, <strong>Nelli Matula<\/strong>, <strong>Jippu<\/strong> ja <strong>Timo Kotipelto<\/strong>: jokainen t\u00e4st\u00e4 joukosta on n\u00e4ytt\u00f6j\u00e4 antanut ja listasijoituksia ker\u00e4nnyt. Silti h\u00e4t\u00e4isempi kyynikko voisi sanoa, ettei Vain el\u00e4m\u00e4\u00e4 onnistunut 17. kaudelleen ker\u00e4\u00e4m\u00e4\u00e4n kaikkein s\u00e4hk\u00f6isint\u00e4 ja s\u00e4v\u00e4ytt\u00e4vint\u00e4 t\u00e4htikaartiaan.<\/p>\n<p>Alkujaan hollantilainen sarjaformaatti on kuitenkin todistanut joustavuutensa jo moneen kertaan. Paljon on kiinni kemiasta, joka osallistujien kesken jaksosta toiseen kehittyy. <\/p>\n<p>Uusi kausi tunnelmoidaan ensimm\u00e4ist\u00e4 kertaa l\u00e4pi merellisiss\u00e4 maisemissa: Raaseporin Snappertunassa, Calliolan saaristohotellissa. <\/p>\n<p>Heti k\u00e4rkeen Benjamin tunnustaa, ett\u00e4 on odottanut koko uransa p\u00e4iv\u00e4\u00e4, jolloin saa kutsun ohjelmaan, ja ett\u00e4 on odottanut kaikki n\u00e4m\u00e4 vuodet, ett\u00e4 p\u00e4\u00e4see tapaamaan Jipun. <\/p>\n<p>Benjaminin p\u00e4iv\u00e4n\u00e4 ainakin viimeksi mainittu ja Kotipelto onnistuvat vihjaamaan, ett\u00e4 yll\u00e4tt\u00e4vi\u00e4 helmi\u00e4 ja paloja kurkussa voi olla luvassa jatkossakin. <\/p>\n<p>Vain el\u00e4m\u00e4\u00e4, perjantai 4.9. klo 20.00, <a href=\"https:\/\/www.ruutu.fi\/ohjelmat\/vain-elamaa?t=26003%7Ekausi-17\" target=\"_blank\" rel=\"noreferrer noopener nofollow\">Nelonen<\/a><\/p>\n<p><a href=\"https:\/\/seura.fi\/viihde\/julkkikset\/bess-kertoo-kuinka-tapasi-itseaan-reilusti-vanhemman-tanskalaispuolison\/\" target=\"_blank\" rel=\"noreferrer noopener nofollow\">Lue my\u00f6s: Anna-lehti: Laulaja Bess paljastaa, miten tapasi itse\u00e4\u00e4n reilusti vanhemman tanskalaispuolisonsa \u2013 \u201dSanoin heti, ett\u00e4 ilmoittaudun jonoon\u201d<\/a><\/p>\n","protected":false},"excerpt":{"rendered":"Uudella Vain el\u00e4m\u00e4\u00e4 -kaudella n\u00e4hd\u00e4\u00e4n muusikot Benjamin Peltonen, Bess, Freeman, Heikki Salo, Ares, Nelli Matula, Jippu ja Timo&hellip;\n","protected":false},"author":2,"featured_media":341018,"comment_status":"","ping_status":"","sticky":false,"template":"","format":"standard","meta":{"footnotes":"","_share_on_mastodon":"0"},"categories":[130],"tags":[137,33,31,30,5729,32,2203,4914,109],"class_list":["post-341017","post","type-post","status-publish","format-standard","has-post-thumbnail","category-viihde","tag-entertainment","tag-fi","tag-finland","tag-finnish","tag-musiikkiohjelmat","tag-suomi","tag-tv-maailma","tag-vain-elamaa","tag-viihde"],"share_on_mastodon":{"url":"https:\/\/pubeurope.com\/@fi\/117211056221932494","error":""},"_links":{"self":[{"href":"https:\/\/www.europesays.com\/fi\/wp-json\/wp\/v2\/posts\/341017","targetHints":{"allow":["GET"]}}],"collection":[{"href":"https:\/\/www.europesays.com\/fi\/wp-json\/wp\/v2\/posts"}],"about":[{"href":"https:\/\/www.europesays.com\/fi\/wp-json\/wp\/v2\/types\/post"}],"author":[{"embeddable":true,"href":"https:\/\/www.europesays.com\/fi\/wp-json\/wp\/v2\/users\/2"}],"replies":[{"embeddable":true,"href":"https:\/\/www.europesays.com\/fi\/wp-json\/wp\/v2\/comments?post=341017"}],"version-history":[{"count":0,"href":"https:\/\/www.europesays.com\/fi\/wp-json\/wp\/v2\/posts\/341017\/revisions"}],"wp:featuredmedia":[{"embeddable":true,"href":"https:\/\/www.europesays.com\/fi\/wp-json\/wp\/v2\/media\/341018"}],"wp:attachment":[{"href":"https:\/\/www.europesays.com\/fi\/wp-json\/wp\/v2\/media?parent=341017"}],"wp:term":[{"taxonomy":"category","embeddable":true,"href":"https:\/\/www.europesays.com\/fi\/wp-json\/wp\/v2\/categories?post=341017"},{"taxonomy":"post_tag","embeddable":true,"href":"https:\/\/www.europesays.com\/fi\/wp-json\/wp\/v2\/tags?post=341017"}],"curies":[{"name":"wp","href":"https:\/\/api.w.org\/{rel}","templated":true}]}}