{"id":341025,"date":"2026-09-04T05:17:20","date_gmt":"2026-09-04T05:17:20","guid":{"rendered":"https:\/\/www.europesays.com\/fi\/341025\/"},"modified":"2026-09-04T05:17:20","modified_gmt":"2026-09-04T05:17:20","slug":"brittimedia-faragen-puolueen-johto-junaili-videolla-laittomia-lahjoituksia-uutisia-lyhyesti","status":"publish","type":"post","link":"https:\/\/www.europesays.com\/fi\/341025\/","title":{"rendered":"Brittimedia: Faragen puolueen johto junaili videolla laittomia lahjoituksia | Uutisia lyhyesti"},"content":{"rendered":"<p class=\"aw__sc-1qwuw0s-0 aw__sc-1vg2sqm-0 epAWpq ecELkD yle__article__paragraph\">Britanniassa on julkaistu salaa kuvattuja videoita Reform UK -puolueen johdosta.<\/p>\n<p><img decoding=\"async\" alt=\"Brittipoliitikko Nigel Farage on l\u00e4hikuvassa. H\u00e4n katsoo sivulle vakavailmeisen\u00e4. H\u00e4nen edess\u00e4\u00e4n on mikrofoni ja takanaan Britannian lippu.\" src=\"https:\/\/www.europesays.com\/fi\/wp-content\/uploads\/2026\/09\/1788484647.jpeg\" class=\"aw__sc-dklauk-0 LPzKX\"\/><\/p>\n<p>Avaa kuvien katselu<\/p>\n<p>Puoluejohtaja Nigel Farage elokuussa 2026. Kuva: Carlos Jasso \/ AFP<\/p>\n<p class=\"aw__sc-1qwuw0s-0 aw__sc-ngllmo-0 epAWpq fzYpjk yle__article__paragraph\">Britanniassa oikeistopopulistisen Reform UK -puolueen johto junailee salaa kuvatuilla videoilla laitonta ulkomaista rahoitusta puolueen k\u00e4ytt\u00f6\u00f6n. Piilokameratallenteet kuvasi tutkivan journalismin ryhm\u00e4 Verbatim.<\/p>\n<p class=\"aw__sc-1qwuw0s-0 aw__sc-ngllmo-0 epAWpq fzYpjk yle__article__paragraph\">Videolle p\u00e4\u00e4tyi my\u00f6s puolueen johtaja <strong class=\"aw__sc-ngllmo-2 gdRrun yle__article__strong\">Nigel Farage<\/strong>. <a class=\"aw__sc-ngllmo-1 bTDnwX yle__article__link\" href=\"https:\/\/www.channel4.com\/news\/exclusive-nigel-farage-filmed-undercover-celebrating-secret-new-foreign-donations\" role=\"link\" rel=\"nofollow noopener\" target=\"_blank\">Asiasta kertoo brittimedia Channel 4<\/a>, joka kertoo todentaneensa kuvamateriaalin aitouden.<\/p>\n<p class=\"aw__sc-1qwuw0s-0 aw__sc-ngllmo-0 epAWpq fzYpjk yle__article__paragraph\">Videoilla Farage vaikuttaa tietoiselta j\u00e4rjestelyst\u00e4, jossa ulkomaista rahaa junailtiin Reform UK:n teett\u00e4mien kannatuskyselyiden rahoittamiseen.<\/p>\n<p class=\"aw__sc-1qwuw0s-0 aw__sc-ngllmo-0 epAWpq fzYpjk yle__article__paragraph\">Channel 4:n haastatteleman asiantuntijan mukaan kuvio on lainvastainen. Ulkomainen rahoitus puolueille on yksiselitteisesti kielletty Britanniassa.<\/p>\n","protected":false},"excerpt":{"rendered":"Britanniassa on julkaistu salaa kuvattuja videoita Reform UK -puolueen johdosta. Avaa kuvien katselu Puoluejohtaja Nigel Farage elokuussa 2026.&hellip;\n","protected":false},"author":2,"featured_media":341026,"comment_status":"","ping_status":"","sticky":false,"template":"","format":"standard","meta":{"footnotes":"","_share_on_mastodon":"0"},"categories":[5],"tags":[22,23,1775,26,27,33,31,30,17,70,24,25,28,29,15,20700,18,21,42051,581,32,19,20,56,16],"class_list":["post-341025","post","type-post","status-publish","format-standard","has-post-thumbnail","category-otsikot","tag-breaking-news","tag-breakingnews","tag-britannia","tag-featured-news","tag-featurednews","tag-fi","tag-finland","tag-finnish","tag-headlines","tag-kansainvalinen-politiikka","tag-latest-news","tag-latestnews","tag-main-news","tag-mainnews","tag-news","tag-nigel-farage","tag-otsikot","tag-paauutiset","tag-puoluerahoitus","tag-rikokset","tag-suomi","tag-top-stories","tag-topstories","tag-ulkomaat","tag-uutiset"],"share_on_mastodon":{"url":"https:\/\/pubeurope.com\/@fi\/117211080501725780","error":""},"_links":{"self":[{"href":"https:\/\/www.europesays.com\/fi\/wp-json\/wp\/v2\/posts\/341025","targetHints":{"allow":["GET"]}}],"collection":[{"href":"https:\/\/www.europesays.com\/fi\/wp-json\/wp\/v2\/posts"}],"about":[{"href":"https:\/\/www.europesays.com\/fi\/wp-json\/wp\/v2\/types\/post"}],"author":[{"embeddable":true,"href":"https:\/\/www.europesays.com\/fi\/wp-json\/wp\/v2\/users\/2"}],"replies":[{"embeddable":true,"href":"https:\/\/www.europesays.com\/fi\/wp-json\/wp\/v2\/comments?post=341025"}],"version-history":[{"count":0,"href":"https:\/\/www.europesays.com\/fi\/wp-json\/wp\/v2\/posts\/341025\/revisions"}],"wp:featuredmedia":[{"embeddable":true,"href":"https:\/\/www.europesays.com\/fi\/wp-json\/wp\/v2\/media\/341026"}],"wp:attachment":[{"href":"https:\/\/www.europesays.com\/fi\/wp-json\/wp\/v2\/media?parent=341025"}],"wp:term":[{"taxonomy":"category","embeddable":true,"href":"https:\/\/www.europesays.com\/fi\/wp-json\/wp\/v2\/categories?post=341025"},{"taxonomy":"post_tag","embeddable":true,"href":"https:\/\/www.europesays.com\/fi\/wp-json\/wp\/v2\/tags?post=341025"}],"curies":[{"name":"wp","href":"https:\/\/api.w.org\/{rel}","templated":true}]}}