{"id":341027,"date":"2026-09-04T05:29:09","date_gmt":"2026-09-04T05:29:09","guid":{"rendered":"https:\/\/www.europesays.com\/fi\/341027\/"},"modified":"2026-09-04T05:29:09","modified_gmt":"2026-09-04T05:29:09","slug":"noora-fagerstrom-bailasi-okyklubilla-video","status":"publish","type":"post","link":"https:\/\/www.europesays.com\/fi\/341027\/","title":{"rendered":"Noora Fagerstr\u00f6m bailasi \u00f6kyklubilla &#8211; video"},"content":{"rendered":"<p>            Atte Kajova\n        <\/p>\n<p class=\"subtitle \">Raskas ty\u00f6 vaatii raskaat huvit.<\/p>\n<p class=\"article-content article-content-width !bg-background\"><a href=\"https:\/\/www.seiska.fi\/kotimaa\/noora-fagerstrom-lomalla-pahamaineisella-bilesaarella\/2247077\" target=\"_blank\" rel=\"nofollow noopener\">Seiska kertoi hiljattain<\/a> kansanedustaja  bilesaarena tunnetulle Ibizalle suuntautuneesta lomamatkasta.\u00a0<\/p>\n<p class=\"font-weight-bold m-font-weight-bold article-content article-content-width !bg-background\">Videolla Noora Fagerstr\u00f6m kertoo, kuinka k\u00e4sittelee kritiikki\u00e4:<\/p>\n<p class=\"article-content article-content-width !bg-background\">Espanjalle kuuluvaa Ibizaa pidet\u00e4\u00e4n maailman bilep\u00e4\u00e4kaupunkina. Saarelta l\u00f6ytyykin kymmenitt\u00e4in klubeja, jotka tarjoavat viihde-el\u00e4myksi\u00e4 laidasta laitaan.<\/p>\n<p class=\"article-content article-content-width !bg-background\">Ibizan y\u00f6el\u00e4m\u00e4st\u00e4 on ottanut riemun irti my\u00f6s Noora yst\u00e4vineen. H\u00e4n kuvaili jo aiemmin somessa reissun sis\u00e4lt\u00e4neen &#8221;naurua, tanssia ja aivan liian v\u00e4h\u00e4n unta.&#8221;<\/p>\n<p>        <a itemprop=\"url\" href=\"https:\/\/www.seiska.fi\/kotimaa\/noora-fagerstrom-lomalla-pahamaineisella-bilesaarella\/2247077\" rel=\"nofollow noopener\" target=\"_blank\"><\/p>\n<p>\nNoora Fagerstr\u00f6m tytt\u00f6jenreissussa\n<\/p>\n<p class=\"section-date\">\n        <strong class=\"article-section\" data-section=\"kotimaa\"><br \/>\n            kotimaa<br \/>\n        <\/strong><br \/>\n        29.8. 16:00\n    <\/p>\n<p>Noora Fagerstr\u00f6m lomalla pahamaineisella bilesaarella\n    <\/p>\n<p itemprop=\"description\" class=\"subtitle \">\n    Kansanedustaja Noora Fagerstr\u00f6m bailasi vauhdikkaalla tytt\u00f6jen reissulla Ibizalla.\n<\/p>\n<p>        <\/a><\/p>\n<p>                <img decoding=\"async\" src=\"https:\/\/www.europesays.com\/fi\/wp-content\/uploads\/2026\/09\/2250926.webp\" width=\"576\" height=\"720\" alt=\"Noora n\u00e4hd\u00e4\u00e4n syksyll\u00e4 Erikoisjoukot-ohjelmassa.\" loading=\"lazy\" \/>            <\/p>\n<p>\n            Noora n\u00e4hd\u00e4\u00e4n syksyll\u00e4 Erikoisjoukot-ohjelmassa.<br \/>\n            Atte Kajova\n        <\/p>\n<p>Bailasivat konemusiikin tahdissa<\/p>\n<p class=\"article-content article-content-width !bg-background\">Tiistaina (1.9.) Noora julkaisi lomastaan lis\u00e4\u00e4 materiaalia Instagramissa.\u00a0<\/p>\n<p class=\"article-content article-content-width !bg-background\">Julkaisusta ilmenee, ett\u00e4 seurue on piipahtanut suositulla Ushua\u00efa -rantaklubilla. Menomesta on tunnettu vaikuttavasta esiintyj\u00e4kattauksestaan, ja t\u00e4n\u00e4kin syksyn\u00e4 klubilla esiintyv\u00e4t muun muassa dj:t  ja .\u00a0<\/p>\n<p class=\"article-content article-content-width !bg-background\">Supert\u00e4hti\u00e4 on ollut lavalla my\u00f6s Nooran vierailun aikaan. Noora yst\u00e4vineen tanssii videolla innostuneesti dj-kollektiivi Swedish House Mafian musiikin tahdissa.\u00a0<\/p>\n<p>        <a itemprop=\"url\" href=\"https:\/\/www.seiska.fi\/katso\/noora-fagerstrom-erikoisjoukoista-nain-hallusinaatioita\/2232828\" rel=\"nofollow noopener\" target=\"_blank\"><\/p>\n<p>\nNoora Fagerstr\u00f6m Erikoisjoukoista:\n<\/p>\n<p class=\"section-date\">\n        <strong class=\"article-section\" data-section=\"katso\"><br \/>\n            katso<br \/>\n        <\/strong><br \/>\n        17.8. 05:15\n    <\/p>\n<p>Noora Fagerstr\u00f6m Erikoisjoukoista: &#8221;N\u00e4in hallusinaatioita&#8221;\n    <\/p>\n<p itemprop=\"description\" class=\"subtitle \">\n    Rankka realitykisa oli kansanedustajalle rauhoittumisen paikka.\n<\/p>\n<p>        <\/a><\/p>\n<p>Poliitikkotyyli kaukana!<\/p>\n<p class=\"article-content article-content-width !bg-background\">Suomen y\u00f6el\u00e4m\u00e4st\u00e4 ei vastaavia paikkoja pahemmin l\u00f6ydy.<\/p>\n<p class=\"article-content article-content-width !bg-background\">Vaikutuksen tekee my\u00f6s 41-vuotiaan Nooran bilelook: kokoomusrouvalla on yll\u00e4\u00e4n nahkashortsit, pitsitoppi sek\u00e4 samaa kangasta olevat hansikkaat. Tyylin kruunaavat n\u00e4ytt\u00e4v\u00e4 pitsikaulakoru, viuhka sek\u00e4 Guccin punainen Marmont-vy\u00f6laukku,<a href=\"https:\/\/myluxuryfinland.com\/products\/gucci-gg-marmont-oval-red-leather-bag\" target=\"_blank\" rel=\"nofollow noopener\"> josta saa k\u00e4ytettyn\u00e4kin pulittaa useita satoja euroja<\/a>.\u00a0<\/p>\n<p>        <a itemprop=\"url\" href=\"https:\/\/www.seiska.fi\/kotimaa\/noora-fagerstromin-lapset-saikahtivat-aiti-ootko-sa-hullu\/2233876\" rel=\"nofollow noopener\" target=\"_blank\"><\/p>\n<p>\nNoora Fagerstr\u00f6min lapset s\u00e4ik\u00e4htiv\u00e4t\n<\/p>\n<p class=\"section-date\">\n        <strong class=\"article-section\" data-section=\"kotimaa\"><br \/>\n            kotimaa<br \/>\n        <\/strong><br \/>\n        15.8. 14:00\n    <\/p>\n<p>Noora Fagerstr\u00f6min lapset s\u00e4ik\u00e4htiv\u00e4t: &#8221;\u00c4iti, ootko s\u00e4 hullu!&#8221;\n    <\/p>\n<p itemprop=\"description\" class=\"subtitle \">\n    Yritt\u00e4j\u00e4 ja poliitikko Noora Fagerstr\u00f6m vapautui stressist\u00e4 Erikoisjoukot-ohjelmassa.\n<\/p>\n<p>        <\/a><\/p>\n<p class=\"article-content article-content-width !bg-background\">Yksi seikka kertoo, ett\u00e4 Noora ei ole ensimm\u00e4ist\u00e4 kertaa klubbailemassa. Korkokenkien sijaan h\u00e4n on vet\u00e4issyt jalkaansa maiharit, joilla jaksaa jorata vaikka tuntitolkulla.\u00a0<\/p>\n<p class=\"italic m-italic article-content article-content-width !bg-background\">Jos upotus ei n\u00e4y, <a href=\"https:\/\/www.instagram.com\/p\/Dcv0aNfCMan\/\" target=\"_blank\" rel=\"nofollow noopener\">voit katsoa julkaisun my\u00f6s t\u00e4\u00e4lt\u00e4<\/a>.<\/p>\n<p><script async src=\"\/\/www.instagram.com\/embed.js\"><\/script><\/p>\n","protected":false},"excerpt":{"rendered":"Atte Kajova Raskas ty\u00f6 vaatii raskaat huvit. Seiska kertoi hiljattain kansanedustaja bilesaarena tunnetulle Ibizalle suuntautuneesta lomamatkasta.\u00a0 Videolla Noora&hellip;\n","protected":false},"author":2,"featured_media":341028,"comment_status":"","ping_status":"","sticky":false,"template":"","format":"standard","meta":{"footnotes":"","_share_on_mastodon":"0"},"categories":[136],"tags":[32157,407,137,33,31,30,4269,408,2271,1478,23906,32,42052,2677,109],"class_list":["post-341027","post","type-post","status-publish","format-standard","has-post-thumbnail","category-julkkikset","tag-bailaaminen","tag-celebrities","tag-entertainment","tag-fi","tag-finland","tag-finnish","tag-ibiza","tag-julkkikset","tag-loma","tag-matkailu","tag-noora-fagerstrom","tag-suomi","tag-tyttojen-reissu","tag-tyyli","tag-viihde"],"share_on_mastodon":{"url":"https:\/\/pubeurope.com\/@fi\/117211127422647169","error":""},"_links":{"self":[{"href":"https:\/\/www.europesays.com\/fi\/wp-json\/wp\/v2\/posts\/341027","targetHints":{"allow":["GET"]}}],"collection":[{"href":"https:\/\/www.europesays.com\/fi\/wp-json\/wp\/v2\/posts"}],"about":[{"href":"https:\/\/www.europesays.com\/fi\/wp-json\/wp\/v2\/types\/post"}],"author":[{"embeddable":true,"href":"https:\/\/www.europesays.com\/fi\/wp-json\/wp\/v2\/users\/2"}],"replies":[{"embeddable":true,"href":"https:\/\/www.europesays.com\/fi\/wp-json\/wp\/v2\/comments?post=341027"}],"version-history":[{"count":0,"href":"https:\/\/www.europesays.com\/fi\/wp-json\/wp\/v2\/posts\/341027\/revisions"}],"wp:featuredmedia":[{"embeddable":true,"href":"https:\/\/www.europesays.com\/fi\/wp-json\/wp\/v2\/media\/341028"}],"wp:attachment":[{"href":"https:\/\/www.europesays.com\/fi\/wp-json\/wp\/v2\/media?parent=341027"}],"wp:term":[{"taxonomy":"category","embeddable":true,"href":"https:\/\/www.europesays.com\/fi\/wp-json\/wp\/v2\/categories?post=341027"},{"taxonomy":"post_tag","embeddable":true,"href":"https:\/\/www.europesays.com\/fi\/wp-json\/wp\/v2\/tags?post=341027"}],"curies":[{"name":"wp","href":"https:\/\/api.w.org\/{rel}","templated":true}]}}