{"id":341039,"date":"2026-09-04T05:43:19","date_gmt":"2026-09-04T05:43:19","guid":{"rendered":"https:\/\/www.europesays.com\/fi\/341039\/"},"modified":"2026-09-04T05:43:19","modified_gmt":"2026-09-04T05:43:19","slug":"muutoksen-tuulet-puhaltavat-argentiina-yrittaa-tiukentaa-otettaan-falklandinsaarista-uutisia-lyhyesti","status":"publish","type":"post","link":"https:\/\/www.europesays.com\/fi\/341039\/","title":{"rendered":"\u201dMuutoksen tuulet puhaltavat\u201d \u2013 Argentiina yritt\u00e4\u00e4 tiukentaa otettaan Falklandinsaarista | Uutisia lyhyesti"},"content":{"rendered":"<p class=\"aw__sc-1qwuw0s-0 aw__sc-1vg2sqm-0 epAWpq ecELkD yle__article__paragraph\">Argentiinan presidentti Javier Milei nopeuttaa pakotteita Falklandinsaarilla toimiville yrityksille.<\/p>\n<p><img decoding=\"async\" alt=\"Argentiinalaispoliitikko Javier Milei pit\u00e4\u00e4 puhetta ja katsoo suoraan kameraan yli silm\u00e4lasiensa. H\u00e4n seisoo puhujap\u00f6nt\u00f6n takana.\" src=\"https:\/\/www.europesays.com\/fi\/wp-content\/uploads\/2026\/09\/1788482336.jpeg\" class=\"aw__sc-dklauk-0 LPzKX\"\/><\/p>\n<p>Avaa kuvien katselu<\/p>\n<p>Argentiinan presidentti Javier Milei syyskuussa 2026. Kuva: Esteban Garay \/ EPA<\/p>\n<p class=\"aw__sc-1qwuw0s-0 aw__sc-ngllmo-0 epAWpq fzYpjk yle__article__paragraph\">Argentiinan presidentti <strong class=\"aw__sc-ngllmo-2 gdRrun yle__article__strong\">Javier Milei<\/strong> on pit\u00e4nyt torstai-iltana paikallista aikaa televisiopuheen, jossa h\u00e4n ilmoitti allekirjoittavansa asetuksen, joka nopeuttaa pakotteiden asettamista yrityksi\u00e4 vastaan, jotka osallistuvat \u00f6ljynetsint\u00e4\u00e4n Falklandinsaarilla.<\/p>\n<p class=\"aw__sc-1qwuw0s-0 aw__sc-ngllmo-0 epAWpq fzYpjk yle__article__paragraph\">Tarkoituksena on suitsia yrityksi\u00e4, jotka toimivat Falklandinsaarilla ilman Argentiinan hyv\u00e4ksynt\u00e4\u00e4.<\/p>\n<p class=\"aw__sc-1qwuw0s-0 aw__sc-ngllmo-0 epAWpq fzYpjk yle__article__paragraph\">Britannia ja Argentiina ovat kiistelleet Falklandinsaarten hallinnasta satojen vuosien ajan. Vuonna 1982 k\u00e4ydyss\u00e4 Falklandin sodassa Britannia otti voiton.<\/p>\n<p class=\"aw__sc-1qwuw0s-0 aw__sc-ngllmo-0 epAWpq fzYpjk yle__article__paragraph\">Argentiina katsoo saarien kuuluvan sille ja k\u00e4ytt\u00e4\u00e4 niist\u00e4 nimityst\u00e4 Malvinassaaret. Saaret sijaitsevat 500 kilometrin p\u00e4\u00e4ss\u00e4 Argentiinan rannikosta.<\/p>\n<p>Trump v\u00e4l\u00e4ytti muutosta Yhdysvaltojen linjassa<\/p>\n<p class=\"aw__sc-1qwuw0s-0 aw__sc-ngllmo-0 epAWpq fzYpjk yle__article__paragraph\">Viime aikoina kiistely alueesta on noussut j\u00e4lleen esille. Kes\u00e4ll\u00e4 jalkapallon MM-kilpailuissa Argentiinan pelaajat esitteliv\u00e4t Englanti-pelin j\u00e4lkeen lakanaa, jonka mukaan Falklandinsaaret kuuluvat Argentiinalle.<\/p>\n<p class=\"aw__sc-1qwuw0s-0 aw__sc-ngllmo-0 epAWpq fzYpjk yle__article__paragraph\">Yhdysvallat tunnustaa virallisesti Britannian hallitsevan k\u00e4yt\u00e4nn\u00f6ss\u00e4 Falklandinsaaria, mutta aiemmin t\u00e4ll\u00e4 viikolla Yhdysvaltain presidentti <strong class=\"aw__sc-ngllmo-2 gdRrun yle__article__strong\">Donald Trump<\/strong> sanoi, ett\u00e4 kantaa voidaan tarkastella. Brittimedian mukaan kyse on Trumpin tavasta painostaa Britanniaa kasvattamaan puolustusmenojaan.<\/p>\n<p class=\"aw__sc-1qwuw0s-0 aw__sc-ngllmo-0 epAWpq fzYpjk yle__article__paragraph\">&#8211; Muutoksen tuulet puhaltavat maailmassa meille suotuisasti, Milei kuvaili tilannetta torstai-illan puheessaan.<\/p>\n<p class=\"aw__sc-1qwuw0s-0 aw__sc-ngllmo-0 epAWpq fzYpjk yle__article__paragraph\">L\u00e4hde: Reuters, AFP<\/p>\n","protected":false},"excerpt":{"rendered":"Argentiinan presidentti Javier Milei nopeuttaa pakotteita Falklandinsaarilla toimiville yrityksille. Avaa kuvien katselu Argentiinan presidentti Javier Milei syyskuussa 2026.&hellip;\n","protected":false},"author":2,"featured_media":341040,"comment_status":"","ping_status":"","sticky":false,"template":"","format":"standard","meta":{"footnotes":"","_share_on_mastodon":"0"},"categories":[5],"tags":[3218,22,23,1775,33261,26,27,33,31,30,17,28865,70,24,25,28,29,15,18,21,32,19,20,56,16],"class_list":["post-341039","post","type-post","status-publish","format-standard","has-post-thumbnail","category-otsikot","tag-argentiina","tag-breaking-news","tag-breakingnews","tag-britannia","tag-falklandin-saaret-uk","tag-featured-news","tag-featurednews","tag-fi","tag-finland","tag-finnish","tag-headlines","tag-javier-milei","tag-kansainvalinen-politiikka","tag-latest-news","tag-latestnews","tag-main-news","tag-mainnews","tag-news","tag-otsikot","tag-paauutiset","tag-suomi","tag-top-stories","tag-topstories","tag-ulkomaat","tag-uutiset"],"share_on_mastodon":{"url":"https:\/\/pubeurope.com\/@fi\/117211182190834733","error":""},"_links":{"self":[{"href":"https:\/\/www.europesays.com\/fi\/wp-json\/wp\/v2\/posts\/341039","targetHints":{"allow":["GET"]}}],"collection":[{"href":"https:\/\/www.europesays.com\/fi\/wp-json\/wp\/v2\/posts"}],"about":[{"href":"https:\/\/www.europesays.com\/fi\/wp-json\/wp\/v2\/types\/post"}],"author":[{"embeddable":true,"href":"https:\/\/www.europesays.com\/fi\/wp-json\/wp\/v2\/users\/2"}],"replies":[{"embeddable":true,"href":"https:\/\/www.europesays.com\/fi\/wp-json\/wp\/v2\/comments?post=341039"}],"version-history":[{"count":0,"href":"https:\/\/www.europesays.com\/fi\/wp-json\/wp\/v2\/posts\/341039\/revisions"}],"wp:featuredmedia":[{"embeddable":true,"href":"https:\/\/www.europesays.com\/fi\/wp-json\/wp\/v2\/media\/341040"}],"wp:attachment":[{"href":"https:\/\/www.europesays.com\/fi\/wp-json\/wp\/v2\/media?parent=341039"}],"wp:term":[{"taxonomy":"category","embeddable":true,"href":"https:\/\/www.europesays.com\/fi\/wp-json\/wp\/v2\/categories?post=341039"},{"taxonomy":"post_tag","embeddable":true,"href":"https:\/\/www.europesays.com\/fi\/wp-json\/wp\/v2\/tags?post=341039"}],"curies":[{"name":"wp","href":"https:\/\/api.w.org\/{rel}","templated":true}]}}