{"id":341057,"date":"2026-09-04T06:09:22","date_gmt":"2026-09-04T06:09:22","guid":{"rendered":"https:\/\/www.europesays.com\/fi\/341057\/"},"modified":"2026-09-04T06:09:22","modified_gmt":"2026-09-04T06:09:22","slug":"alkolta-yllattava-perjantaitieto-iltalehti","status":"publish","type":"post","link":"https:\/\/www.europesays.com\/fi\/341057\/","title":{"rendered":"Alkolta yll\u00e4tt\u00e4v\u00e4 perjantaitieto &#8211; Iltalehti"},"content":{"rendered":"<ol>\n<li><a href=\"https:\/\/news.google.com\/rss\/articles\/CBMie0FVX3lxTFBmUTNqUUpUbTJZeEhiWXZwS1dxNjR6czM1MTlMT1o2alQwajVnZllOSXpXYUJKMzZZZzBSSVdwWE04Nk9KYVVvbUVaelJybUNhQ2JPMjlqZXhGM3lkdTVPaXVTWmJlcVgzREJ4WHpYdHJMV0JnRjdhNDN5aw?oc=5\" target=\"_blank\" rel=\"nofollow noopener\">Alkolta yll\u00e4tt\u00e4v\u00e4 perjantaitieto<\/a>&nbsp;&nbsp;Iltalehti<\/li>\n<li><a href=\"https:\/\/news.google.com\/rss\/articles\/CBMiV0FVX3lxTE9rYkViSUpsNWFGZ2V3dFFNYnU1UXpfbnZKVjFRLXhqWklETV9tcGhJbm9EZkxGZ2FWeWh3Rm5iN0xaSURRUFdEVTBpS1FKTjk2elFaM2tqTQ?oc=5\" target=\"_blank\" rel=\"nofollow noopener\">Alko\u00adho\u00adlit\u00adto\u00admien myynti kasvoi Alkossa l\u00e4hes 40 prosenttia tammi-\u200belokuussa<\/a>&nbsp;&nbsp;Keskisuomalainen<\/li>\n<li><a href=\"https:\/\/news.google.com\/rss\/articles\/CBMiqwFBVV95cUxQZDVqR243eDFMZDl2WG9xZEFHWGZISThvMXBUdGJES0J3ZzhwLUdPaFZwVkR2WnRsZVNIOVl5M3RJc3lORHlMRGZxYWNLcDBjMnh0dXBqYjNLVnE0eWY5NGtpeWlLXzR4ekVFeVZsN2U1RXJnME1MdlFGWi1XVThYR056WHZ6ZDVlQjltYzV0bjBGLW40djROQzYyYjA4SVNMNmJOWWlIUDd1VTQ?oc=5\" target=\"_blank\" rel=\"nofollow noopener\">Perjantaina ostetaan vilkkaimmin alkoholittomia juomia \u2013 erityisesti Pohjanmaalla<\/a>&nbsp;&nbsp;P\u00e4iv\u00e4n Lehti<\/li>\n<li><a href=\"https:\/\/news.google.com\/rss\/articles\/CBMikgFBVV95cUxQb1duS0xWYkY5SktKOHBBY01xdjVaQVZJUnc1V1oxRVExdVNrUzc1SkJPVmhyc09CS19SY1J2YVJyRUFRZzNmbVNYUERSSWtVempBUFRzVXU3ZFQtbDlkMmdSOUMycmcybzhyN2VJcEhWM3FhOTd5bHZHSlkwcWY2MWRxYjYxOGhDZFgzVk12anlLQQ?oc=5\" target=\"_blank\" rel=\"nofollow noopener\">Mihin katosi viinaanmenev\u00e4 Suomi? Alkoholittomien juomien suosio kertoo suuresta muutoksesta<\/a>&nbsp;&nbsp;Apu360<\/li>\n<li><a href=\"https:\/\/news.google.com\/rss\/articles\/CBMilgJBVV95cUxOWUhyblFPXzVERUtRT1FaUXA2WFRLMUt0VW5kWTdVZWRNeW9NYjZLbkRCX3laX21NZUQwTlhkUEU1ZXlURFpWN0dXM0duakFNbWtfSzhwLVBfeVcta0NpREdxeEpIZ2c5NmxBejd2UGFzWGpZYzh4RFc1cEZYTi1hS0hQZlY2LUtSenlsajExQm8tamhhaEYxOVB5QWZmLTZzR1hVS0J1YmVyMXgwS1drcExxdU9PSUpNZ1M5X1ZWQ0p1TExLNHdIV3F2SWIxRl9SdDY3ZnlYUnlZaFQtN0NHVHh6RkN4S1V1OVkxZVdqdmd1Zy1XNWtWSTcyck1MS1ZuQ2ZCU1ZoUzVNc0kwNHJsZWVkZ1hGUQ?oc=5\" target=\"_blank\" rel=\"nofollow noopener\">Suomalaiset kohtuullistavat juomistaan aiempaa tietoisemmin \u2013 perjantai noussut alkoholittomien vilkkaimmaksi myyntip\u00e4iv\u00e4ksi<\/a>&nbsp;&nbsp;STT Info<\/li>\n<\/ol>\n","protected":false},"excerpt":{"rendered":"Alkolta yll\u00e4tt\u00e4v\u00e4 perjantaitieto&nbsp;&nbsp;Iltalehti Alko\u00adho\u00adlit\u00adto\u00admien myynti kasvoi Alkossa l\u00e4hes 40 prosenttia tammi-\u200belokuussa&nbsp;&nbsp;Keskisuomalainen Perjantaina ostetaan vilkkaimmin alkoholittomia juomia \u2013 erityisesti&hellip;\n","protected":false},"author":2,"featured_media":341058,"comment_status":"","ping_status":"","sticky":false,"template":"","format":"standard","meta":{"footnotes":"","_share_on_mastodon":"0"},"categories":[5],"tags":[35,3039,22,23,26,27,33,31,30,17,695,700,24,25,28,29,2349,15,18,21,694,32,19,20,16],"class_list":["post-341057","post","type-post","status-publish","format-standard","has-post-thumbnail","category-otsikot","tag-24h","tag-alkoholijuomat","tag-breaking-news","tag-breakingnews","tag-featured-news","tag-featurednews","tag-fi","tag-finland","tag-finnish","tag-headlines","tag-juomat","tag-laakkeet-ja-paihteet","tag-latest-news","tag-latestnews","tag-main-news","tag-mainnews","tag-myynti","tag-news","tag-otsikot","tag-paauutiset","tag-paihteet","tag-suomi","tag-top-stories","tag-topstories","tag-uutiset"],"share_on_mastodon":{"url":"https:\/\/pubeurope.com\/@fi\/117211284644147750","error":""},"_links":{"self":[{"href":"https:\/\/www.europesays.com\/fi\/wp-json\/wp\/v2\/posts\/341057","targetHints":{"allow":["GET"]}}],"collection":[{"href":"https:\/\/www.europesays.com\/fi\/wp-json\/wp\/v2\/posts"}],"about":[{"href":"https:\/\/www.europesays.com\/fi\/wp-json\/wp\/v2\/types\/post"}],"author":[{"embeddable":true,"href":"https:\/\/www.europesays.com\/fi\/wp-json\/wp\/v2\/users\/2"}],"replies":[{"embeddable":true,"href":"https:\/\/www.europesays.com\/fi\/wp-json\/wp\/v2\/comments?post=341057"}],"version-history":[{"count":0,"href":"https:\/\/www.europesays.com\/fi\/wp-json\/wp\/v2\/posts\/341057\/revisions"}],"wp:featuredmedia":[{"embeddable":true,"href":"https:\/\/www.europesays.com\/fi\/wp-json\/wp\/v2\/media\/341058"}],"wp:attachment":[{"href":"https:\/\/www.europesays.com\/fi\/wp-json\/wp\/v2\/media?parent=341057"}],"wp:term":[{"taxonomy":"category","embeddable":true,"href":"https:\/\/www.europesays.com\/fi\/wp-json\/wp\/v2\/categories?post=341057"},{"taxonomy":"post_tag","embeddable":true,"href":"https:\/\/www.europesays.com\/fi\/wp-json\/wp\/v2\/tags?post=341057"}],"curies":[{"name":"wp","href":"https:\/\/api.w.org\/{rel}","templated":true}]}}