{"id":341059,"date":"2026-09-04T06:10:17","date_gmt":"2026-09-04T06:10:17","guid":{"rendered":"https:\/\/www.europesays.com\/fi\/341059\/"},"modified":"2026-09-04T06:10:17","modified_gmt":"2026-09-04T06:10:17","slug":"luontokuvaajan-vastuu-ei-liity-ainoastaan-siihen-miten-kuva-otetaan-vaan-myos-siihen-millaisen-kasityksen-luonnosta-kuva-valittaa","status":"publish","type":"post","link":"https:\/\/www.europesays.com\/fi\/341059\/","title":{"rendered":"Luontokuvaajan vastuu ei liity ainoastaan siihen, miten kuva otetaan, vaan my\u00f6s siihen, millaisen k\u00e4sityksen luonnosta kuva v\u00e4litt\u00e4\u00e4"},"content":{"rendered":"<p class=\"has-drop-cap wp-block-paragraph\">Tiesitk\u00f6, ett\u00e4 luontokuvallakin on Suomessa oma festivaali? Se j\u00e4rjestet\u00e4\u00e4n Kuusamossa 31. kertaa, nyt Kuusamotalossa ja Oulangan kansallispuiston kupeessa osana Oulu 2026-kulttuurip\u00e4\u00e4kaupunkivuotta<strong>.<\/strong><\/p>\n<p class=\"wp-block-paragraph\">Samalla Oulangan kansallispuisto viett\u00e4\u00e4 70-vuotissyntym\u00e4p\u00e4iv\u00e4\u00e4ns\u00e4.<\/p>\n<p class=\"wp-block-paragraph\">T\u00e4m\u00e4n vuoden teema on Kohti luontoa, ja sen kautta tekij\u00e4t pohtivat suhdettaan luontoon ja erilaisia tapoja l\u00e4hesty\u00e4 ja ymm\u00e4rt\u00e4\u00e4 sit\u00e4.<\/p>\n<p class=\"wp-block-paragraph\">Luontokuvaajien lis\u00e4ksi mukana on tutkijoita, kirjailijoita ja taiteilijoita.<\/p>\n<p class=\"wp-block-paragraph\">\u201dTutkija voi tarkastella samaa ymp\u00e4rist\u00f6\u00e4 eri n\u00e4k\u00f6kulmasta kuin valokuvaaja, kirjailija tai taiteilija. Parhaimmillaan n\u00e4m\u00e4 t\u00e4ydent\u00e4v\u00e4t toisiaan. Festivaalille ei siis tarvitse tulla luontokuvaajana tai edes valokuvauksen harrastajana. Toiveenamme on, ett\u00e4 ohjelma tarjoaa ajatuksia jokaiselle luonnosta kiinnostuneelle\u201d, festivaalin taiteellinen johtaja <strong>Jonna Kalliom\u00e4ki<\/strong> sanoo.<\/p>\n<p class=\"wp-block-paragraph\"><strong>\u00a0<\/strong>Kalliom\u00e4en mukaan luontokuvaus el\u00e4\u00e4 kiinnostavaa mutta ristiriitaista aikaa.<\/p>\n<p class=\"wp-block-paragraph\">\u201dLuontokuvia tehd\u00e4\u00e4n ja n\u00e4hd\u00e4\u00e4n enemm\u00e4n kuin koskaan, ja samalla kuvattava luonto on monin paikoin yh\u00e4 suuremman paineen alla\u201d, h\u00e4n sanoo.\u00a0<\/p>\n<blockquote class=\"wp-block-quote is-layout-flow wp-block-quote-is-layout-flow\">\n<p class=\"wp-block-paragraph\"> Kuvat voivat my\u00f6s luoda mielikuvaa elinvoimaisesta ja koskemattomasta luonnosta tilanteessa, jossa lajien elinymp\u00e4rist\u00f6t v\u00e4henev\u00e4t ja luontokato etenee.<\/p>\n<\/blockquote>\n<p class=\"wp-block-paragraph\">Luontokuvalla on valtava voima vaikuttaa siihen, millaisena n\u00e4emme luonnon, Kalliom\u00e4ki sanoo.<\/p>\n<p class=\"wp-block-paragraph\">\u201dParhaimmillaan kuva voi tehd\u00e4 n\u00e4kyv\u00e4ksi jotain sellaista, mit\u00e4 emme muuten kohtaisi ja synnytt\u00e4\u00e4 kiinnostusta ja halua suojella sit\u00e4. Toisaalta kuvat voivat my\u00f6s luoda mielikuvaa elinvoimaisesta ja koskemattomasta luonnosta tilanteessa, jossa lajien elinymp\u00e4rist\u00f6t v\u00e4henev\u00e4t ja luontokato etenee.\u201d<\/p>\n<p class=\"wp-block-paragraph\">Kamera rajaa aina jotain my\u00f6s kuvan ulkopuolelle.<\/p>\n<p class=\"wp-block-paragraph\">\u201dSiksi luontokuvaajan vastuu ei liity ainoastaan siihen, miten kuva otetaan, vaan my\u00f6s siihen, millaisen k\u00e4sityksen luonnosta kuva v\u00e4litt\u00e4\u00e4\u201d, Kalliom\u00e4ki t\u00e4hdent\u00e4\u00e4.<\/p>\n<p><img fetchpriority=\"high\" decoding=\"async\" width=\"737\" height=\"1000\" src=\"https:\/\/www.europesays.com\/fi\/wp-content\/uploads\/2026\/09\/Arkkihedelma3-h1000pix-Kuusamo.jpg\" alt=\"\" class=\"wp-image-63606\"  \/>Arkkihedelm\u00e4. Kuva: Ulla-Maija Alanen<\/p>\n<p class=\"has-drop-cap wp-block-paragraph\">Yksi<strong> <\/strong>suurimmista luontokuvauksessa tapahtuneista muutoksista on Kalliom\u00e4en mukaan se, ett\u00e4 kamera kulkee nyky\u00e4\u00e4n l\u00e4hes jokaisen taskussa. Luontoa kuvataan valtavasti puhelimilla ja kuvia sek\u00e4 liikkuvaa kuvaa my\u00f6s jaetaan aivan eri mittakaavassa kuin ennen.<\/p>\n<p class=\"wp-block-paragraph\">My\u00f6s liikkuvan kuvan merkitys on kasvanut, Kalliom\u00e4ki sanoo.<\/p>\n<p class=\"wp-block-paragraph\">\u201dDronet ovat tuoneet luontokuvaukseen aivan uusia n\u00e4k\u00f6kulmia. Teknologian kehittyminen tuo jatkuvasti uusia mahdollisuuksia, mutta nostaa kuitenkin esiin my\u00f6s eettisi\u00e4 kysymyksi\u00e4. Se, ett\u00e4 pystymme kuvaamaan jotakin, ei tarkoita, ett\u00e4 meid\u00e4n pit\u00e4isi tehd\u00e4 niin\u201d, Kalliom\u00e4ki sanoo.<\/p>\n<p class=\"wp-block-paragraph\">Luonnon ja el\u00e4inten hyvinvoinnin pit\u00e4isi aina menn\u00e4 kuvan edelle.<\/p>\n<p class=\"wp-block-paragraph\">\u201dEl\u00e4inten h\u00e4irint\u00e4, pesim\u00e4rauha, liikkuminen herkiss\u00e4 ymp\u00e4rist\u00f6iss\u00e4 ja dronejen vastuullinen k\u00e4ytt\u00f6 ovat asioita, joista kuvaajan t\u00e4ytyy olla tietoinen.\u201d<\/p>\n<p class=\"wp-block-paragraph\">Ent\u00e4 miten sosiaalinen media haastaa tai vaikutaa luontokuvaukseen?<\/p>\n<p class=\"wp-block-paragraph\">\u201dHarvinaisen lajin tai herk\u00e4n kuvauspaikan sijainnin jakamisella voi olla yll\u00e4tt\u00e4v\u00e4n suuria seurauksia\u201d, Kalliom\u00e4ki sanoo.<\/p>\n<p class=\"wp-block-paragraph\">\u201dTeko\u00e4ly taas haastaa k\u00e4sityst\u00e4mme kuvan aitoudesta. Luontokuvaan on perinteisesti liittynyt vahva oletus siit\u00e4, ett\u00e4 kuvassa n\u00e4hty hetki on todella tapahtunut. Sen luottamuksen s\u00e4ilytt\u00e4minen ja avoimuus siin\u00e4, miten kuvia on tuotettu ja k\u00e4sitelty, ovat mielest\u00e4ni tulevaisuudessa entist\u00e4 t\u00e4rke\u00e4mpi\u00e4.\u201d<\/p>\n<p><img loading=\"lazy\" decoding=\"async\" width=\"750\" height=\"1000\" src=\"https:\/\/www.europesays.com\/fi\/wp-content\/uploads\/2026\/09\/Lumpeet-vajoavat-pohjalle-3-h1000pix-Kuusamo.jpg\" alt=\"\" class=\"wp-image-63607\"  \/>Lumpeet vajoavat pohjalle. Kuva: Ulla-Maija Alanen<\/p>\n<p class=\"has-drop-cap wp-block-paragraph\">Kalliom\u00e4en mielest\u00e4 suomalainen luontokuvaus on kansainv\u00e4lisesti korkeatasoista. Suomessa on pitk\u00e4 ja vahva luontokuvauksen perinne.<\/p>\n<p class=\"wp-block-paragraph\">\u201dYksi vahvuuksistamme on l\u00e4heinen suhde omaan ymp\u00e4rist\u00f6\u00f6n. Kiinnostavan kuva voi l\u00f6yty\u00e4 aivan omasta l\u00e4himets\u00e4st\u00e4.\u201d<\/p>\n<p class=\"wp-block-paragraph\">\u00a0Kaikkialla maailmassa luontokuvaajat\u00a0 palaavat usein samoihin paikkoihin vuodesta ja vuosikymmenest\u00e4 toiseen. Siin\u00e4 mieless\u00e4 kuvaajista tulee samalla ymp\u00e4rist\u00f6n muutoksen todistajia.<\/p>\n<p class=\"wp-block-paragraph\">\u201dLuontokuva ei ainoastaan tallenna vain yksitt\u00e4ist\u00e4 hetke\u00e4, vaan pidemm\u00e4ll\u00e4 aikav\u00e4lill\u00e4 my\u00f6s sit\u00e4, miten ymp\u00e4rill\u00e4mme oleva luonto muuttuu\u201d, Kalliom\u00e4ki sanoo.<\/p>\n<p class=\"wp-block-paragraph\">Kuusamo Nature Photo XXXI luontokuvafestivaali 10.\u201313.9. Kuusamotalolla ja Oulangan kansallispuiston kupeessa.<\/p>\n","protected":false},"excerpt":{"rendered":"Tiesitk\u00f6, ett\u00e4 luontokuvallakin on Suomessa oma festivaali? Se j\u00e4rjestet\u00e4\u00e4n Kuusamossa 31. kertaa, nyt Kuusamotalossa ja Oulangan kansallispuiston kupeessa&hellip;\n","protected":false},"author":2,"featured_media":341060,"comment_status":"","ping_status":"","sticky":false,"template":"","format":"standard","meta":{"footnotes":"","_share_on_mastodon":"0"},"categories":[117],"tags":[3611,33,31,30,72,1099,476,118,32,119,2365,477,447],"class_list":["post-341059","post","type-post","status-publish","format-standard","has-post-thumbnail","category-luonto","tag-festivaali","tag-fi","tag-finland","tag-finnish","tag-luonto","tag-luontokato","tag-nature","tag-science","tag-suomi","tag-tiede","tag-valokuvaus","tag-wildlife","tag-ymparisto"],"share_on_mastodon":{"url":"https:\/\/pubeurope.com\/@fi\/117211288990263907","error":""},"_links":{"self":[{"href":"https:\/\/www.europesays.com\/fi\/wp-json\/wp\/v2\/posts\/341059","targetHints":{"allow":["GET"]}}],"collection":[{"href":"https:\/\/www.europesays.com\/fi\/wp-json\/wp\/v2\/posts"}],"about":[{"href":"https:\/\/www.europesays.com\/fi\/wp-json\/wp\/v2\/types\/post"}],"author":[{"embeddable":true,"href":"https:\/\/www.europesays.com\/fi\/wp-json\/wp\/v2\/users\/2"}],"replies":[{"embeddable":true,"href":"https:\/\/www.europesays.com\/fi\/wp-json\/wp\/v2\/comments?post=341059"}],"version-history":[{"count":0,"href":"https:\/\/www.europesays.com\/fi\/wp-json\/wp\/v2\/posts\/341059\/revisions"}],"wp:featuredmedia":[{"embeddable":true,"href":"https:\/\/www.europesays.com\/fi\/wp-json\/wp\/v2\/media\/341060"}],"wp:attachment":[{"href":"https:\/\/www.europesays.com\/fi\/wp-json\/wp\/v2\/media?parent=341059"}],"wp:term":[{"taxonomy":"category","embeddable":true,"href":"https:\/\/www.europesays.com\/fi\/wp-json\/wp\/v2\/categories?post=341059"},{"taxonomy":"post_tag","embeddable":true,"href":"https:\/\/www.europesays.com\/fi\/wp-json\/wp\/v2\/tags?post=341059"}],"curies":[{"name":"wp","href":"https:\/\/api.w.org\/{rel}","templated":true}]}}