{"id":341065,"date":"2026-09-04T06:24:20","date_gmt":"2026-09-04T06:24:20","guid":{"rendered":"https:\/\/www.europesays.com\/fi\/341065\/"},"modified":"2026-09-04T06:24:20","modified_gmt":"2026-09-04T06:24:20","slug":"uudet-masked-singer-suomi-hahmot-julki","status":"publish","type":"post","link":"https:\/\/www.europesays.com\/fi\/341065\/","title":{"rendered":"Uudet Masked Singer Suomi -hahmot julki"},"content":{"rendered":"<p>Tulevalla Masked Singer Suomi -kaudella n\u00e4hd\u00e4\u00e4n uusi etsiv\u00e4.<\/p>\n<p class=\"article-body mb-(--paragraph-margin-b) px-nof-16\">Uudet Masked Singer Suomi -ohjelman hahmot on julkistettu.<\/p>\n<p class=\"article-body mb-(--paragraph-margin-b) px-nof-16\">Monenkirjavien hahmojen henkil\u00f6llisyytt\u00e4 arvuuttelevat tulevalla kaudella <a class=\"font-bold underline-offset-[0.12em] [text-decoration:var(--person-link-text-decoration)] [text-decoration-color:var(--person-link-text-decoration-color)]!\" href=\"https:\/\/www.is.fi\/haku\/?query=Janne%20Katajan\" rel=\"nofollow noopener\" target=\"_blank\">Janne Katajan<\/a> ja <a class=\"font-bold underline-offset-[0.12em] [text-decoration:var(--person-link-text-decoration)] [text-decoration-color:var(--person-link-text-decoration-color)]!\" href=\"https:\/\/www.is.fi\/haku\/?query=Benjamin%20Peltosen\" rel=\"nofollow noopener\" target=\"_blank\">Benjamin Peltosen<\/a> lis\u00e4ksi uusi etsiv\u00e4 <a class=\"font-bold underline-offset-[0.12em] [text-decoration:var(--person-link-text-decoration)] [text-decoration-color:var(--person-link-text-decoration-color)]!\" href=\"https:\/\/www.is.fi\/haku\/?query=Krista%20Siegfrids\" rel=\"nofollow noopener\" target=\"_blank\">Krista Siegfrids<\/a>.<\/p>\n<p class=\"article-body mb-(--paragraph-margin-b) px-nof-16\">Lis\u00e4ksi jokaisessa jaksossa n\u00e4hd\u00e4\u00e4n vaihtuva vieras etsiv\u00e4rivist\u00f6ss\u00e4. Tulevalla kaudella n\u00e4hd\u00e4\u00e4n <a class=\"font-bold underline-offset-[0.12em] [text-decoration:var(--person-link-text-decoration)] [text-decoration-color:var(--person-link-text-decoration-color)]!\" href=\"https:\/\/www.is.fi\/haku\/?query=Linnea%20Leino\" rel=\"nofollow noopener\" target=\"_blank\">Linnea Leino<\/a>, <a class=\"font-bold underline-offset-[0.12em] [text-decoration:var(--person-link-text-decoration)] [text-decoration-color:var(--person-link-text-decoration-color)]!\" href=\"https:\/\/www.is.fi\/haku\/?query=Jaakko%20Parkkali\" rel=\"nofollow noopener\" target=\"_blank\">Jaakko Parkkali<\/a>, <a class=\"font-bold underline-offset-[0.12em] [text-decoration:var(--person-link-text-decoration)] [text-decoration-color:var(--person-link-text-decoration-color)]!\" href=\"https:\/\/www.is.fi\/haku\/?query=Arja%20Koriseva\" rel=\"nofollow noopener\" target=\"_blank\">Arja Koriseva<\/a>, <a class=\"font-bold underline-offset-[0.12em] [text-decoration:var(--person-link-text-decoration)] [text-decoration-color:var(--person-link-text-decoration-color)]!\" href=\"https:\/\/www.is.fi\/haku\/?query=Marko%20Anttila\" rel=\"nofollow noopener\" target=\"_blank\">Marko Anttila<\/a>, <a class=\"font-bold underline-offset-[0.12em] [text-decoration:var(--person-link-text-decoration)] [text-decoration-color:var(--person-link-text-decoration-color)]!\" href=\"https:\/\/www.is.fi\/haku\/?query=Cristal%20Snow\" rel=\"nofollow noopener\" target=\"_blank\">Cristal Snow<\/a>, <a class=\"font-bold underline-offset-[0.12em] [text-decoration:var(--person-link-text-decoration)] [text-decoration-color:var(--person-link-text-decoration-color)]!\" href=\"https:\/\/www.is.fi\/haku\/?query=Niina%20Lahtinen\" rel=\"nofollow noopener\" target=\"_blank\">Niina Lahtinen<\/a>, <a class=\"font-bold underline-offset-[0.12em] [text-decoration:var(--person-link-text-decoration)] [text-decoration-color:var(--person-link-text-decoration-color)]!\" href=\"https:\/\/www.is.fi\/haku\/?query=Sami%20Sykk%C3%B6\" rel=\"nofollow noopener\" target=\"_blank\">Sami Sykk\u00f6<\/a>, <a class=\"font-bold underline-offset-[0.12em] [text-decoration:var(--person-link-text-decoration)] [text-decoration-color:var(--person-link-text-decoration-color)]!\" href=\"https:\/\/www.is.fi\/haku\/?query=Shirly%20Karvinen\" rel=\"nofollow noopener\" target=\"_blank\">Shirly Karvinen<\/a>, <a class=\"font-bold underline-offset-[0.12em] [text-decoration:var(--person-link-text-decoration)] [text-decoration-color:var(--person-link-text-decoration-color)]!\" href=\"https:\/\/www.is.fi\/haku\/?query=Ellen%20Jokikunnas\" rel=\"nofollow noopener\" target=\"_blank\">Ellen Jokikunnas<\/a> sek\u00e4 Masked Singer -voittajat Kolibri ja Pierumies eli <a class=\"font-bold underline-offset-[0.12em] [text-decoration:var(--person-link-text-decoration)] [text-decoration-color:var(--person-link-text-decoration-color)]!\" href=\"https:\/\/www.is.fi\/haku\/?query=Bess\" rel=\"nofollow noopener\" target=\"_blank\">Bess <\/a>ja <a class=\"font-bold underline-offset-[0.12em] [text-decoration:var(--person-link-text-decoration)] [text-decoration-color:var(--person-link-text-decoration-color)]!\" href=\"https:\/\/www.is.fi\/haku\/?query=Sebastian%20Rejman\" rel=\"nofollow noopener\" target=\"_blank\">Sebastian Rejman<\/a>.<\/p>\n<p class=\"article-body mb-(--paragraph-margin-b) px-nof-16\">Ohjelman juontajana jatkaa <a class=\"font-bold underline-offset-[0.12em] [text-decoration:var(--person-link-text-decoration)] [text-decoration-color:var(--person-link-text-decoration-color)]!\" href=\"https:\/\/www.is.fi\/haku\/?query=Ile%20Uusivuori\" rel=\"nofollow noopener\" target=\"_blank\">Ile Uusivuori<\/a>. Uusi kausi alkaa MTV3:lla ja MTV Katsomossa lauantaina 3. lokakuuta.<\/p>\n<p class=\"article-body mb-(--paragraph-margin-b) px-nof-16\">Tutustu alta uusiin hahmoihin.<\/p>\n<p class=\"article-body mb-(--paragraph-margin-b) px-nof-16\">MOLLI<\/p>\n<p><img decoding=\"async\" src=\"https:\/\/www.europesays.com\/fi\/wp-content\/uploads\/2026\/09\/1788503054_32_468.jpg\" alt=\"\" class=\"_Img_1rerz_1\" style=\"aspect-ratio:1920\/1080\" loading=\"eager\"\/><\/p>\n<p class=\"font-(family-name:--picture-caption-font-family) text-(length:--picture-caption-font-size) leading-(--picture-caption-leading) font-(--picture-caption-font-weight) text-(color:--picture-caption-color) picture-with-caption__caption picture-with-caption__caption--default-full\">Kuva:\u00a0MTV<\/p>\n<p class=\"article-body mb-(--paragraph-margin-b) px-nof-16\">Molli on mystinen, varjoissa viihtyv\u00e4 melankolinen olento, joka kuitenkin lipsahtaa eritt\u00e4in helposti my\u00f6s duurin puolelle. T\u00e4m\u00e4 rouheaa rock-energiaa ja kansainv\u00e4lisyytt\u00e4 huokuva hahmo syttyy parrasvaloissa ja ottaa karismallaan haltuunsa lavan kuin lavan.<\/p>\n<p class=\"article-body mb-(--paragraph-margin-b) px-nof-16\">KUORIAINEN<\/p>\n<p><img decoding=\"async\" src=\"https:\/\/www.europesays.com\/fi\/wp-content\/uploads\/2026\/09\/1788503055_11_468.jpg\" alt=\"\" class=\"_Img_1rerz_1\" style=\"aspect-ratio:1920\/1080\" loading=\"eager\"\/><\/p>\n<p class=\"font-(family-name:--picture-caption-font-family) text-(length:--picture-caption-font-size) leading-(--picture-caption-leading) font-(--picture-caption-font-weight) text-(color:--picture-caption-color) picture-with-caption__caption picture-with-caption__caption--default-full\">Kuva:\u00a0MTV<\/p>\n<p class=\"article-body mb-(--paragraph-margin-b) px-nof-16\">Kuoriainen on s\u00e4ken\u00f6iv\u00e4, metallinhohtoinen ja loistelias \u00f6t\u00f6kk\u00e4, joka viihtyy oman turvallisen panssarinsa sis\u00e4ss\u00e4, mutta esiintymislavalle astellessaan on omassa elementiss\u00e4\u00e4n ja maailmalle t\u00e4ysin auki. Kuoriaisen heikohko lentokyky ei menoa haittaa, sill\u00e4 h\u00e4n vakuuttaa etsiv\u00e4t taitavalla tulkinnallaan.<\/p>\n<p class=\"article-body mb-(--paragraph-margin-b) px-nof-16\">POPPARI<\/p>\n<p><img decoding=\"async\" src=\"https:\/\/www.europesays.com\/fi\/wp-content\/uploads\/2026\/09\/1788503055_450_468.jpg\" alt=\"\" class=\"_Img_1rerz_1\" style=\"aspect-ratio:1920\/1080\" loading=\"eager\"\/><\/p>\n<p class=\"font-(family-name:--picture-caption-font-family) text-(length:--picture-caption-font-size) leading-(--picture-caption-leading) font-(--picture-caption-font-weight) text-(color:--picture-caption-color) picture-with-caption__caption picture-with-caption__caption--default-full\">Kuva:\u00a0MTV<\/p>\n<p class=\"article-body mb-(--paragraph-margin-b) px-nof-16\">Poppari on Masked Singer -historian mahdollisesti suolaisin hahmo! H\u00e4n saapuu kisaan yll\u00e4tt\u00e4m\u00e4\u00e4n etsiv\u00e4t ja katsojat, ja sen h\u00e4n tekeekin suut loksauttavilla biisivalinnoillaan. Popparin kilpailuvietti on ainakin yht\u00e4 korkealla kuin h\u00e4nen ty\u00f6moraalinsa, ja h\u00e4n l\u00e4htee kisaan tietysti voittamaan!<\/p>\n<p class=\"article-body mb-(--paragraph-margin-b) px-nof-16\">HURJA MANGUSTI<\/p>\n<p><img decoding=\"async\" src=\"https:\/\/www.europesays.com\/fi\/wp-content\/uploads\/2026\/09\/1788503056_724_468.jpg\" alt=\"\" class=\"_Img_1rerz_1\" style=\"aspect-ratio:1920\/1080\" loading=\"eager\"\/><\/p>\n<p class=\"font-(family-name:--picture-caption-font-family) text-(length:--picture-caption-font-size) leading-(--picture-caption-leading) font-(--picture-caption-font-weight) text-(color:--picture-caption-color) picture-with-caption__caption picture-with-caption__caption--default-full\">Kuva:\u00a0MTV<\/p>\n<p class=\"article-body mb-(--paragraph-margin-b) px-nof-16\">Hurja Mangusti on tiett\u00e4v\u00e4sti maailman ainoa vaaleanpunainen mangusti ja eritt\u00e4in ylpe\u00e4 siit\u00e4. T\u00e4m\u00e4 s\u00f6p\u00f6l\u00e4inen on nimens\u00e4 mukaisesti my\u00f6s eritt\u00e4in hurja karvak\u00e4p\u00e4l\u00e4, mutta esiintyminen j\u00e4nnitt\u00e4\u00e4 h\u00e4nt\u00e4. Silti h\u00e4n uskaltautuu Masked-lavalle ja nauttii esiintymisest\u00e4 suunnattoman paljon!<\/p>\n<p class=\"article-body mb-(--paragraph-margin-b) px-nof-16\">DINGO<\/p>\n<p><img decoding=\"async\" src=\"https:\/\/www.europesays.com\/fi\/wp-content\/uploads\/2026\/09\/1788503056_496_468.jpg\" alt=\"\" class=\"_Img_1rerz_1\" style=\"aspect-ratio:1920\/1080\" loading=\"eager\"\/><\/p>\n<p class=\"font-(family-name:--picture-caption-font-family) text-(length:--picture-caption-font-size) leading-(--picture-caption-leading) font-(--picture-caption-font-weight) text-(color:--picture-caption-color) picture-with-caption__caption picture-with-caption__caption--default-full\">Kuva:\u00a0MTV<\/p>\n<p class=\"article-body mb-(--paragraph-margin-b) px-nof-16\">Dingo on kaiken n\u00e4hnyt viihdemaailman t\u00e4hti, joka on pitkien kilometrien ja rankan kiertue-el\u00e4m\u00e4n j\u00e4lkeen aivan valmis siirtym\u00e4\u00e4n el\u00e4kkeelle nauttimaan aurinkorannikon l\u00e4mm\u00f6st\u00e4. Dingo ei kuitenkaan voi itselleen mit\u00e4\u00e4n: veri vet\u00e4\u00e4 t\u00e4m\u00e4n keh\u00e4ketun parrasvaloihin, sill\u00e4 h\u00e4net on luotu esiintym\u00e4\u00e4n.<\/p>\n<p class=\"article-body mb-(--paragraph-margin-b) px-nof-16\">R\u00c4SYNUKKE<\/p>\n<p><img decoding=\"async\" src=\"https:\/\/www.europesays.com\/fi\/wp-content\/uploads\/2026\/09\/1788503057_290_468.jpg\" alt=\"\" class=\"_Img_1rerz_1\" style=\"aspect-ratio:1920\/1080\" loading=\"eager\"\/><\/p>\n<p class=\"font-(family-name:--picture-caption-font-family) text-(length:--picture-caption-font-size) leading-(--picture-caption-leading) font-(--picture-caption-font-weight) text-(color:--picture-caption-color) picture-with-caption__caption picture-with-caption__caption--default-full\">Kuva:\u00a0MTV<\/p>\n<p class=\"article-body mb-(--paragraph-margin-b) px-nof-16\">R\u00e4synukke on hieman parsittu, matkoilla mukana roikotettu ja eritt\u00e4in suloinen hahmo, jonka \u00e4\u00e4ni kuulostaa niin tutulta, ett\u00e4 se saa etsiv\u00e4t menett\u00e4m\u00e4\u00e4n y\u00f6unensa. R\u00e4synuken pehmoisen pinnan ja suurten silmien takaa l\u00f6ytyy my\u00f6s rouheutta ja asennetta.<\/p>\n<p class=\"article-body mb-(--paragraph-margin-b) px-nof-16\">AI<\/p>\n<p><img decoding=\"async\" src=\"https:\/\/www.europesays.com\/fi\/wp-content\/uploads\/2026\/09\/1788503057_642_468.jpg\" alt=\"\" class=\"_Img_1rerz_1\" style=\"aspect-ratio:1920\/1080\" loading=\"eager\"\/><\/p>\n<p class=\"font-(family-name:--picture-caption-font-family) text-(length:--picture-caption-font-size) leading-(--picture-caption-leading) font-(--picture-caption-font-weight) text-(color:--picture-caption-color) picture-with-caption__caption picture-with-caption__caption--default-full\">Kuva:\u00a0MTV<\/p>\n<p class=\"article-body mb-(--paragraph-margin-b) px-nof-16\">Teko\u00e4ly on viimein kehittynyt my\u00f6s sille tasolle, ett\u00e4 voi osallistua Masked Singer -kilpailuun! AI on teknologiamaailmasta ammentava, mystinen ja salaper\u00e4inen, mutta kuitenkin avulias ja ratkaisukeskeinen kisaaja. H\u00e4n on kylm\u00e4n looginen ajattelija, joka kuitenkin uskoo aitouteen ja siihen, ett\u00e4 ihminen ei ole korvattavissa.<\/p>\n<p class=\"article-body mb-(--paragraph-margin-b) px-nof-16\">ETSIV\u00c4<\/p>\n<p><img decoding=\"async\" src=\"https:\/\/www.europesays.com\/fi\/wp-content\/uploads\/2026\/09\/1788503058_877_468.jpg\" alt=\"\" class=\"_Img_1rerz_1\" style=\"aspect-ratio:1920\/1080\" loading=\"eager\"\/><\/p>\n<p class=\"font-(family-name:--picture-caption-font-family) text-(length:--picture-caption-font-size) leading-(--picture-caption-leading) font-(--picture-caption-font-weight) text-(color:--picture-caption-color) picture-with-caption__caption picture-with-caption__caption--default-full\">Kuva:\u00a0MTV<\/p>\n<p class=\"article-body mb-(--paragraph-margin-b) px-nof-16\">Etsiv\u00e4 on eritt\u00e4in utelias, tarkkanen\u00e4inen nuuskija, joka suhtautuu intohimoisesti asioiden penkomiseen, ratkaisujen ja tiedon l\u00f6yt\u00e4miseen. Etsiv\u00e4 on hyvien ihmisten puolella, vaikka joutuukin toisinaan puntaroimaan oikean ja v\u00e4\u00e4r\u00e4n v\u00e4lill\u00e4. Etsiv\u00e4 luottaa kuitenkin tarkkaan nen\u00e4\u00e4ns\u00e4 ja siihen, ett\u00e4 oikeus voittaa aina.<\/p>\n<p class=\"article-body mb-(--paragraph-margin-b) px-nof-16\">MYRKKY<\/p>\n<p><img decoding=\"async\" src=\"https:\/\/www.europesays.com\/fi\/wp-content\/uploads\/2026\/09\/1788503058_799_468.jpg\" alt=\"\" class=\"_Img_1rerz_1\" style=\"aspect-ratio:1920\/1080\" loading=\"eager\"\/><\/p>\n<p class=\"font-(family-name:--picture-caption-font-family) text-(length:--picture-caption-font-size) leading-(--picture-caption-leading) font-(--picture-caption-font-weight) text-(color:--picture-caption-color) picture-with-caption__caption picture-with-caption__caption--default-full\">Kuva:\u00a0MTV<\/p>\n<p class=\"article-body mb-(--paragraph-margin-b) px-nof-16\">Myrkky on kujeileva ja rakastettava, hupsu veijari! H\u00e4n on oman polkunsa kulkija ja hieman auktoriteettiongelmainenkin olento. Myrkky nauttii actionista ja vilskeest\u00e4, ja karttaa tylsyytt\u00e4 ja kuolettavan tyls\u00e4\u00e4 el\u00e4m\u00e4\u00e4. Actionia ja vilskett\u00e4 h\u00e4n tuo mukanaan my\u00f6s Masked Singeriin ja etsivien toisinaan kuumina k\u00e4yviin aivonystyr\u00f6ihin.<\/p>\n<p class=\"article-body mb-(--paragraph-margin-b) px-nof-16\">TALKKARI<\/p>\n<p><img decoding=\"async\" src=\"https:\/\/www.europesays.com\/fi\/wp-content\/uploads\/2026\/09\/1788503058_394_468.jpg\" alt=\"\" class=\"_Img_1rerz_1\" style=\"aspect-ratio:1920\/1080\" loading=\"eager\"\/><\/p>\n<p class=\"font-(family-name:--picture-caption-font-family) text-(length:--picture-caption-font-size) leading-(--picture-caption-leading) font-(--picture-caption-font-weight) text-(color:--picture-caption-color) picture-with-caption__caption picture-with-caption__caption--default-full\">Kuva:\u00a0MTV<\/p>\n<p class=\"article-body mb-(--paragraph-margin-b) px-nof-16\">Talkkari taloineen fanittaa suuresti talkkareiden ykk\u00f6st\u00e4hte\u00e4 eli tietysti Salattujen el\u00e4mien Seppo Taalasmaata. T\u00e4m\u00e4 talkkaritaustaakin omaava k\u00e4dentaitaja saapuu mukaan h\u00e4mment\u00e4m\u00e4\u00e4n etsivi\u00e4. Voiko hahmon sis\u00e4ll\u00e4 olla oikeasti The Seppo Taalasmaa?<\/p>\n<p class=\"article-body mb-(--paragraph-margin-b) px-nof-16\">OPOSSUMI<\/p>\n<p><img decoding=\"async\" src=\"https:\/\/www.europesays.com\/fi\/wp-content\/uploads\/2026\/09\/1788503059_547_468.jpg\" alt=\"\" class=\"_Img_1rerz_1\" style=\"aspect-ratio:1920\/1080\" loading=\"eager\"\/><\/p>\n<p class=\"font-(family-name:--picture-caption-font-family) text-(length:--picture-caption-font-size) leading-(--picture-caption-leading) font-(--picture-caption-font-weight) text-(color:--picture-caption-color) picture-with-caption__caption picture-with-caption__caption--default-full\">Kuva:\u00a0MTV<\/p>\n<p class=\"article-body mb-(--paragraph-margin-b) px-nof-16\">Opossumi on syd\u00e4mellinen, ter\u00e4v\u00e4hampainen ja lungi otus, joka sulattaa kaikkien syd\u00e4met. H\u00e4n on ottanut mukaansa omat turvajoukot, puvun sopukoissa asustavat pikkuopossumit. Opossumi on hassuttelija ja kekseli\u00e4s ongelmanratkaisija, johon voi t\u00f6rm\u00e4t\u00e4 roskiksilla tai kirppareilla etsim\u00e4ss\u00e4 uusia aarteita.<\/p>\n<p class=\"article-body mb-(--paragraph-margin-b) px-nof-16\">KEIJU<\/p>\n<p><img decoding=\"async\" src=\"https:\/\/www.europesays.com\/fi\/wp-content\/uploads\/2026\/09\/1788503059_43_468.jpg\" alt=\"\" class=\"_Img_1rerz_1\" style=\"aspect-ratio:1920\/1080\" loading=\"eager\"\/><\/p>\n<p class=\"font-(family-name:--picture-caption-font-family) text-(length:--picture-caption-font-size) leading-(--picture-caption-leading) font-(--picture-caption-font-weight) text-(color:--picture-caption-color) picture-with-caption__caption picture-with-caption__caption--default-full\">Kuva:\u00a0MTV<\/p>\n<p class=\"article-body mb-(--paragraph-margin-b) px-nof-16\">Keiju tuo Masked Singer -lavalle tuulahduksen taikap\u00f6ly\u00e4 ja magiaa! Keiju ei ole vain s\u00f6p\u00f6ytt\u00e4 ja s\u00e4ihkyv\u00e4\u00e4 pintaa, vaan h\u00e4nest\u00e4 l\u00f6ytyy my\u00f6s asennetta. T\u00e4m\u00e4 taikamaailman olento on rohkea oman tiens\u00e4 kulkija, jonka taikasauvalla laiskottelustakin voi tehd\u00e4 taidetta.<\/p>\n<p class=\"article-body mb-(--paragraph-margin-b) px-nof-16\">FAARAO<\/p>\n<p><img decoding=\"async\" src=\"https:\/\/www.europesays.com\/fi\/wp-content\/uploads\/2026\/09\/1788503059_838_468.jpg\" alt=\"\" class=\"_Img_1rerz_1\" style=\"aspect-ratio:1920\/1080\" loading=\"eager\"\/><\/p>\n<p class=\"font-(family-name:--picture-caption-font-family) text-(length:--picture-caption-font-size) leading-(--picture-caption-leading) font-(--picture-caption-font-weight) text-(color:--picture-caption-color) picture-with-caption__caption picture-with-caption__caption--default-full\">Kuva:\u00a0MTV<\/p>\n<p class=\"article-body mb-(--paragraph-margin-b) px-nof-16\">Faarao lienee Masked Singer -historian mahdollisesti kultaisin hahmo \u2013 ainakin jos ulkon\u00e4k\u00f6\u00f6n on uskomista! Faarao on karskeaa karismaa ja kullanhohtoa tarjoileva hahmo, jolla on koko valtakunnan velvollisuudet harteillaan. Nyt on tullut Faaraon aika kuitenkin my\u00f6s huvitella ja irrotella, ja siksi h\u00e4n on kisassa mukana!<\/p>\n<p class=\"article-body mb-(--paragraph-margin-b) px-nof-16\">VAPPU<\/p>\n<p><img decoding=\"async\" src=\"https:\/\/www.europesays.com\/fi\/wp-content\/uploads\/2026\/09\/1788503060_147_468.jpg\" alt=\"\" class=\"_Img_1rerz_1\" style=\"aspect-ratio:1920\/1080\" loading=\"eager\"\/><\/p>\n<p class=\"font-(family-name:--picture-caption-font-family) text-(length:--picture-caption-font-size) leading-(--picture-caption-leading) font-(--picture-caption-font-weight) text-(color:--picture-caption-color) picture-with-caption__caption picture-with-caption__caption--default-full\">Kuva:\u00a0MTV<\/p>\n<p class=\"article-body mb-(--paragraph-margin-b) px-nof-16\">Vappu on v\u00e4rik\u00e4s, iloa ja karnevaalitunnelmaa ymp\u00e4rilleen tuova hahmo, joka takuulla saa koko kansan juhlatuulelle! H\u00e4nen mielest\u00e4\u00e4n vappua voi juhlia koko vuoden ymp\u00e4ri, jouluna, juhannuksena ja uutenavuotena \u2013 aina! T\u00e4m\u00e4 aurinkoa ja kuplivaa el\u00e4m\u00e4niloa ymp\u00e4rilleen levitt\u00e4v\u00e4 hahmo tuo kev\u00e4\u00e4n pime\u00e4nkin syksyn keskelle.<\/p>\n<p class=\"nof-ui-body-medium break-words mb-(--paragraph-margin-b) px-nof-16\">Masked Singer Suomi alkaa MTV Katsomossa ja MTV3-kanavalla la 3.10. klo 19.30.<\/p>\n","protected":false},"excerpt":{"rendered":"Tulevalla Masked Singer Suomi -kaudella n\u00e4hd\u00e4\u00e4n uusi etsiv\u00e4. Uudet Masked Singer Suomi -ohjelman hahmot on julkistettu. Monenkirjavien hahmojen&hellip;\n","protected":false},"author":2,"featured_media":341066,"comment_status":"","ping_status":"","sticky":false,"template":"","format":"standard","meta":{"footnotes":"","_share_on_mastodon":"0"},"categories":[133],"tags":[137,33,31,30,34,32,206,156,109],"class_list":["post-341065","post","type-post","status-publish","format-standard","has-post-thumbnail","category-televisiot","tag-entertainment","tag-fi","tag-finland","tag-finnish","tag-ilta-sanomat","tag-suomi","tag-televisiot","tag-tv","tag-viihde"],"share_on_mastodon":{"url":"https:\/\/pubeurope.com\/@fi\/117211344429441234","error":""},"_links":{"self":[{"href":"https:\/\/www.europesays.com\/fi\/wp-json\/wp\/v2\/posts\/341065","targetHints":{"allow":["GET"]}}],"collection":[{"href":"https:\/\/www.europesays.com\/fi\/wp-json\/wp\/v2\/posts"}],"about":[{"href":"https:\/\/www.europesays.com\/fi\/wp-json\/wp\/v2\/types\/post"}],"author":[{"embeddable":true,"href":"https:\/\/www.europesays.com\/fi\/wp-json\/wp\/v2\/users\/2"}],"replies":[{"embeddable":true,"href":"https:\/\/www.europesays.com\/fi\/wp-json\/wp\/v2\/comments?post=341065"}],"version-history":[{"count":0,"href":"https:\/\/www.europesays.com\/fi\/wp-json\/wp\/v2\/posts\/341065\/revisions"}],"wp:featuredmedia":[{"embeddable":true,"href":"https:\/\/www.europesays.com\/fi\/wp-json\/wp\/v2\/media\/341066"}],"wp:attachment":[{"href":"https:\/\/www.europesays.com\/fi\/wp-json\/wp\/v2\/media?parent=341065"}],"wp:term":[{"taxonomy":"category","embeddable":true,"href":"https:\/\/www.europesays.com\/fi\/wp-json\/wp\/v2\/categories?post=341065"},{"taxonomy":"post_tag","embeddable":true,"href":"https:\/\/www.europesays.com\/fi\/wp-json\/wp\/v2\/tags?post=341065"}],"curies":[{"name":"wp","href":"https:\/\/api.w.org\/{rel}","templated":true}]}}