{"id":341067,"date":"2026-09-04T06:27:14","date_gmt":"2026-09-04T06:27:14","guid":{"rendered":"https:\/\/www.europesays.com\/fi\/341067\/"},"modified":"2026-09-04T06:27:14","modified_gmt":"2026-09-04T06:27:14","slug":"hinkuyskaa-liikkeella-pohjois-pohjanmaalla-tarkkaile-naita-oireita-pohjois-pohjanmaa","status":"publish","type":"post","link":"https:\/\/www.europesays.com\/fi\/341067\/","title":{"rendered":"Hinkuysk\u00e4\u00e4 liikkeell\u00e4 Pohjois-Pohjanmaalla \u2013 tarkkaile n\u00e4it\u00e4 oireita | Pohjois-Pohjanmaa"},"content":{"rendered":"<p class=\"aw__sc-1qwuw0s-0 aw__sc-1vg2sqm-0 epAWpq ecELkD yle__article__paragraph\">Hinkuysk\u00e4 voi olla erityisen vakava alle 6 kuukauden ik\u00e4isell\u00e4 lapsella. Hinkuysk\u00e4lt\u00e4 suojaava rokotussarja kuuluu rokotus\u00adohjelmaan.<\/p>\n<p><img decoding=\"async\" alt=\"OYS F-rakennus valmistui.\" src=\"https:\/\/www.europesays.com\/fi\/wp-content\/uploads\/2026\/09\/1759836735.jpeg\" class=\"aw__sc-dklauk-0 LPzKX\"\/><\/p>\n<p>Avaa kuvien katselu<\/p>\n<p>Tapaukset ovat jakautuneet usean eri kunnan alueelle. Kuvituskuva. Kuva: Pohde<\/p>\n<ul class=\"aw__sc-1yb43iq-0 gFXHv yle__article__list yle__article__list--ul\">\n<li class=\"aw__sc-1yb43iq-1 gVAzbt\">Hinkuysk\u00e4\u00e4 esiintyy nyt Oulussa ja Pohjois-Pohjanmaalla yksitt\u00e4isin\u00e4 tapauksina ja pienin\u00e4 epidemioina.<\/li>\n<li class=\"aw__sc-1yb43iq-1 gVAzbt\">Tauti voi olla vakava alle 6 kuukauden ik\u00e4isille vauvoille.<\/li>\n<li class=\"aw__sc-1yb43iq-1 gVAzbt\">Jos olet altistunut ja saat flunssan kaltaisia oireita, ota yhteytt\u00e4 terveysasemalle.<\/li>\n<li class=\"aw__sc-1yb43iq-1 gVAzbt\">Useimmat hengitystieinfektiot ovat tavallisia flunssaviruksia, ei hinkuysk\u00e4\u00e4.<\/li>\n<\/ul>\n<p class=\"aw__sc-1qwuw0s-0 aw__sc-ngllmo-0 epAWpq fzYpjk yle__article__paragraph\">Hinkuysk\u00e4\u00e4 on viime aikoina esiintynyt yksitt\u00e4isin\u00e4 tapauksina ja pienin\u00e4 rajoittuneina epidemioina Oulussa ja Pohjois-Pohjanmaan etel\u00e4isell\u00e4 alueella, tiedottaa hyvinvointialue Pohde.<\/p>\n<p class=\"aw__sc-1qwuw0s-0 aw__sc-ngllmo-0 epAWpq fzYpjk yle__article__paragraph\">Tapaukset ovat jakautuneet usean eri kunnan alueelle.<\/p>\n<p class=\"aw__sc-1qwuw0s-0 aw__sc-ngllmo-0 epAWpq fzYpjk yle__article__paragraph\">Hinkuysk\u00e4\u00e4 esiintyy kaikenik\u00e4isill\u00e4, mutta se voi olla erityisen vakava alle 6 kuukauden ik\u00e4isell\u00e4 lapsella, jota ei ole viela\u0308 rokotettu. Vanhemmille lapsille, nuorille tai aikuisille hinkuysk\u00e4 on ik\u00e4v\u00e4 tauti, mutta hyvin harvoin vaarallinen.<\/p>\n<p class=\"aw__sc-1qwuw0s-0 aw__sc-ngllmo-0 epAWpq fzYpjk yle__article__paragraph\">Pienill\u00e4 vauvoilla taudin ensioireena voivat olla hengityskatkokset, sinistely ja oksentelu. Ysk\u00e4 voi olla puuskittaista ja puuskiin voi liitty\u00e4 hengitysvaikeuksia tai vauva voi sinert\u00e4\u00e4.<\/p>\n<p class=\"aw__sc-1qwuw0s-0 aw__sc-ngllmo-0 epAWpq fzYpjk yle__article__paragraph\">Siksi odottavat \u00e4idit saavat raskausaikana hinkuysk\u00e4rokotteen, jolloin syntyv\u00e4 lapsi saa \u00e4idilt\u00e4\u00e4n vasta-aineita hinkuysk\u00e4\u00e4 vastaan.<\/p>\n<p class=\"aw__sc-1qwuw0s-0 aw__sc-ngllmo-0 epAWpq fzYpjk yle__article__paragraph\">Hinkuysk\u00e4lt\u00e4 suojaava rokotussarja kuuluu rokotusohjelmaan. Hinkuysk\u00e4 on ollut osa rokotusohjelmaa jo 1950-luvulta alkaen eli suuri osa suomalaisista on saanut rokotteiden antaman suojan tautia vastaan.<\/p>\n<p>Kaikki flunssa ei ole hinkuysk\u00e4\u00e4<\/p>\n<p class=\"aw__sc-1qwuw0s-0 aw__sc-ngllmo-0 epAWpq fzYpjk yle__article__paragraph\">Hyvinvointialue kertoo tiedotteessaan, ett\u00e4 hinkuysk\u00e4\u00e4 on syyt\u00e4 ep\u00e4ill\u00e4, jos henkil\u00f6 on saanut tiedon altistumisesta esimerkiksi koulussa, ty\u00f6paikalla tai l\u00e4hipiiriss\u00e4, ja h\u00e4nelle ilmaantuu flunssan kaltaisia oireita 1\u20133 viikon kuluessa altistumisesta.<\/p>\n<p class=\"aw__sc-1qwuw0s-0 aw__sc-ngllmo-0 epAWpq fzYpjk yle__article__paragraph\">T\u00e4ll\u00f6in kannattaa ottaa yhteys oman sosiaali- ja terveyskeskuksen vastaanotolle.<\/p>\n<p class=\"aw__sc-1qwuw0s-0 aw__sc-ngllmo-0 epAWpq fzYpjk yle__article__paragraph\">Hinkuysk\u00e4n ensioireet voivat olla aluksi flunssan kaltaisia oireita. Tyypillinen puuskittainen, yleens\u00e4 y\u00f6ll\u00e4 ilmaantuva ysk\u00e4 ilmenee noin 1\u20132 viikon kuluessa ensioireista.<\/p>\n<p class=\"aw__sc-1qwuw0s-0 aw__sc-ngllmo-0 epAWpq fzYpjk yle__article__paragraph\">\u2013 Kaikki nyt Pohjois-Pohjanmaalla liikkuvat hengitystieinfektiot eiv\u00e4t ole hinkuysk\u00e4\u00e4, vaan suurin osa taudeista on tavallisten flunssavirusten aiheuttamia, hyvinvointialue muistuttaa tiedotteessaan.<\/p>\n","protected":false},"excerpt":{"rendered":"Hinkuysk\u00e4 voi olla erityisen vakava alle 6 kuukauden ik\u00e4isell\u00e4 lapsella. Hinkuysk\u00e4lt\u00e4 suojaava rokotussarja kuuluu rokotus\u00adohjelmaan. Avaa kuvien katselu&hellip;\n","protected":false},"author":2,"featured_media":341068,"comment_status":"","ping_status":"","sticky":false,"template":"","format":"standard","meta":{"footnotes":"","_share_on_mastodon":"0"},"categories":[165],"tags":[33,31,30,166,42053,952,728,32,595,167,5599],"class_list":["post-341067","post","type-post","status-publish","format-standard","has-post-thumbnail","category-terveys","tag-fi","tag-finland","tag-finnish","tag-health","tag-hinkuyska","tag-oulu","tag-pohjois-pohjanmaa","tag-suomi","tag-taudit","tag-terveys","tag-vauvat"],"share_on_mastodon":{"url":"https:\/\/pubeurope.com\/@fi\/117211355877053138","error":""},"_links":{"self":[{"href":"https:\/\/www.europesays.com\/fi\/wp-json\/wp\/v2\/posts\/341067","targetHints":{"allow":["GET"]}}],"collection":[{"href":"https:\/\/www.europesays.com\/fi\/wp-json\/wp\/v2\/posts"}],"about":[{"href":"https:\/\/www.europesays.com\/fi\/wp-json\/wp\/v2\/types\/post"}],"author":[{"embeddable":true,"href":"https:\/\/www.europesays.com\/fi\/wp-json\/wp\/v2\/users\/2"}],"replies":[{"embeddable":true,"href":"https:\/\/www.europesays.com\/fi\/wp-json\/wp\/v2\/comments?post=341067"}],"version-history":[{"count":0,"href":"https:\/\/www.europesays.com\/fi\/wp-json\/wp\/v2\/posts\/341067\/revisions"}],"wp:featuredmedia":[{"embeddable":true,"href":"https:\/\/www.europesays.com\/fi\/wp-json\/wp\/v2\/media\/341068"}],"wp:attachment":[{"href":"https:\/\/www.europesays.com\/fi\/wp-json\/wp\/v2\/media?parent=341067"}],"wp:term":[{"taxonomy":"category","embeddable":true,"href":"https:\/\/www.europesays.com\/fi\/wp-json\/wp\/v2\/categories?post=341067"},{"taxonomy":"post_tag","embeddable":true,"href":"https:\/\/www.europesays.com\/fi\/wp-json\/wp\/v2\/tags?post=341067"}],"curies":[{"name":"wp","href":"https:\/\/api.w.org\/{rel}","templated":true}]}}