{"id":341097,"date":"2026-09-04T07:02:18","date_gmt":"2026-09-04T07:02:18","guid":{"rendered":"https:\/\/www.europesays.com\/fi\/341097\/"},"modified":"2026-09-04T07:02:18","modified_gmt":"2026-09-04T07:02:18","slug":"naky-pyoraretkella-metsassa-oli-kasittamaton-metsassa-oli-sohva-sohvalla-veteli-sikeita-mayra","status":"publish","type":"post","link":"https:\/\/www.europesays.com\/fi\/341097\/","title":{"rendered":"N\u00e4ky py\u00f6r\u00e4retkell\u00e4 mets\u00e4ss\u00e4 oli k\u00e4sitt\u00e4m\u00e4t\u00f6n: mets\u00e4ss\u00e4 oli sohva, sohvalla veteli sikeit\u00e4 m\u00e4yr\u00e4"},"content":{"rendered":"<p class=\"wp-block-paragraph\">Luonto osaa yll\u00e4tt\u00e4\u00e4.<\/p>\n<p class=\"wp-block-paragraph\">Nyt siit\u00e4 on saatu esimakua er\u00e4\u00e4n suomalaisen kamerank\u00e4ytt\u00e4j\u00e4n toimesta.<\/p>\n<p class=\"wp-block-paragraph\">H\u00e4n oli l\u00e4htenyt py\u00f6r\u00e4retkelle luontoon.<\/p>\n<p class=\"wp-block-paragraph\">On jo tarpeeksi erikoista, ett\u00e4 keskelt\u00e4 mets\u00e4\u00e4 l\u00f6ytyi sohva. Sininen sohva. Mutta niit\u00e4h\u00e4n nyt hylj\u00e4t\u00e4\u00e4n nykyisin, ett\u00e4 ei t\u00e4m\u00e4 loppuviimeksi aivan uppo-outoa ole.<\/p>\n<p class=\"wp-block-paragraph\">Mutta seuraava jo onkin.<\/p>\n<p class=\"wp-block-paragraph\">-Sarjassamme erikoisia kohtaamisia py\u00f6r\u00e4retkell\u00e4. M\u00e4yr\u00e4 veteli sikeit\u00e4 sohvalla, kuvaaja kirjoittaa.<\/p>\n<p class=\"wp-block-paragraph\">H\u00e4n ei kuulemma viitsinyt menn\u00e4 her\u00e4ttelem\u00e4\u00e4n.<\/p>\n<p>Lue my\u00f6s: <a href=\"https:\/\/www.como.fi\/uutiset\/jami-hankki-lemmikin-kannissa-hetken-mielijohteesta-nyt-tilanne-on-tama\/\" title=\"Jami hankki lemmikin k\u00e4nniss\u00e4 hetken mielijohteesta \u2013 nyt tilanne on t\u00e4m\u00e4\" class=\"underline-custom !font-heading !font-bold !underline-offset-4 !decoration-4 !decoration-accent !text-md\" rel=\"nofollow noopener\" target=\"_blank\">Jami hankki lemmikin k\u00e4nniss\u00e4 hetken mielijohteesta \u2013 nyt tilanne on t\u00e4m\u00e4<\/a><\/p>\n<p class=\"wp-block-paragraph\">-Oli varmaan aika rankka viikonloppu takana\u2026<\/p>\n<p class=\"wp-block-paragraph\">V\u00e4\u00e4r\u00e4leuatkin her\u00e4siv\u00e4t kommentoimaan.<\/p>\n<p class=\"wp-block-paragraph\">-Miettik\u00f6h\u00e4n m\u00e4yr\u00e4 aamulla, ett\u00e4 miksi oon taas ostanut jotain outoa k\u00e4nniss\u00e4\u2026<\/p>\n<p class=\"wp-block-paragraph\">Voit katsoa kuvan <a href=\"https:\/\/www.feissarimokat.com\/2026\/08\/luontoilta-osa-127\/\" target=\"_blank\" rel=\"noopener noreferrer nofollow\">Feissarimokat.comista.<\/a><\/p>\n","protected":false},"excerpt":{"rendered":"Luonto osaa yll\u00e4tt\u00e4\u00e4. Nyt siit\u00e4 on saatu esimakua er\u00e4\u00e4n suomalaisen kamerank\u00e4ytt\u00e4j\u00e4n toimesta. H\u00e4n oli l\u00e4htenyt py\u00f6r\u00e4retkelle luontoon. On&hellip;\n","protected":false},"author":2,"featured_media":341098,"comment_status":"","ping_status":"","sticky":false,"template":"","format":"standard","meta":{"footnotes":"","_share_on_mastodon":"0"},"categories":[117],"tags":[33,31,30,72,476,118,32,119,477],"class_list":["post-341097","post","type-post","status-publish","format-standard","has-post-thumbnail","category-luonto","tag-fi","tag-finland","tag-finnish","tag-luonto","tag-nature","tag-science","tag-suomi","tag-tiede","tag-wildlife"],"share_on_mastodon":{"url":"https:\/\/pubeurope.com\/@fi\/117211492615907675","error":""},"_links":{"self":[{"href":"https:\/\/www.europesays.com\/fi\/wp-json\/wp\/v2\/posts\/341097","targetHints":{"allow":["GET"]}}],"collection":[{"href":"https:\/\/www.europesays.com\/fi\/wp-json\/wp\/v2\/posts"}],"about":[{"href":"https:\/\/www.europesays.com\/fi\/wp-json\/wp\/v2\/types\/post"}],"author":[{"embeddable":true,"href":"https:\/\/www.europesays.com\/fi\/wp-json\/wp\/v2\/users\/2"}],"replies":[{"embeddable":true,"href":"https:\/\/www.europesays.com\/fi\/wp-json\/wp\/v2\/comments?post=341097"}],"version-history":[{"count":0,"href":"https:\/\/www.europesays.com\/fi\/wp-json\/wp\/v2\/posts\/341097\/revisions"}],"wp:featuredmedia":[{"embeddable":true,"href":"https:\/\/www.europesays.com\/fi\/wp-json\/wp\/v2\/media\/341098"}],"wp:attachment":[{"href":"https:\/\/www.europesays.com\/fi\/wp-json\/wp\/v2\/media?parent=341097"}],"wp:term":[{"taxonomy":"category","embeddable":true,"href":"https:\/\/www.europesays.com\/fi\/wp-json\/wp\/v2\/categories?post=341097"},{"taxonomy":"post_tag","embeddable":true,"href":"https:\/\/www.europesays.com\/fi\/wp-json\/wp\/v2\/tags?post=341097"}],"curies":[{"name":"wp","href":"https:\/\/api.w.org\/{rel}","templated":true}]}}