{"id":341105,"date":"2026-09-04T07:21:13","date_gmt":"2026-09-04T07:21:13","guid":{"rendered":"https:\/\/www.europesays.com\/fi\/341105\/"},"modified":"2026-09-04T07:21:13","modified_gmt":"2026-09-04T07:21:13","slug":"riitta-havukainen-loistaa-presidentin-kyyditys-elokuvassa","status":"publish","type":"post","link":"https:\/\/www.europesays.com\/fi\/341105\/","title":{"rendered":"Riitta Havukainen loistaa Presidentin kyyditys -elokuvassa"},"content":{"rendered":"<p>\n            20260811, Helsinki. Presidentin kyyditys -elokuvan pressi. Kuvassa Riitta Havukainen.<br \/>\n            Timo Korhonen\n        <\/p>\n<p class=\"subtitle \">Presidentin kyyditys -elokuvan kuvauksissa Riitta Havukainen sai kokea, millaista olisi olla Hollywood-n\u00e4yttelij\u00e4.<\/p>\n<p class=\"article-content article-content-width !bg-background\">Suomen ensimm\u00e4inen presidentti  ja -vaimonsa olivat molemmat leski\u00e4, kun he toukokuussa 1920 avioituivat ja aloittivat uusioperheen arjen.<\/p>\n<p class=\"font-weight-bold m-font-weight-bold article-content article-content-width !bg-background\">Videolla Presidentin kyyditys -tekij\u00e4t kertovat, mik\u00e4 historiallinen tapahtuma heille on erityisesti j\u00e4\u00e4nyt mieleen.\u00a0<\/p>\n<p class=\"article-content article-content-width !bg-background\">Sosiaalisen Esterin kerrotaan pehment\u00e4neen j\u00e4yk\u00e4n presidentin imagoa ja antautuneen t\u00e4ysin rinnoin maamme ensimm\u00e4isen naisen rooliin.<\/p>\n<p class=\"article-content article-content-width !bg-background\">Kun ohjaaja  tarvitsi  kanssa k\u00e4sikirjoittamaansa Presidentin kyyditys -draamakomediaan Ester St\u00e5hlbergin, otti h\u00e4n yhteytt\u00e4 n\u00e4yttelij\u00e4 .<\/p>\n<p>                <img decoding=\"async\" src=\"https:\/\/www.europesays.com\/fi\/wp-content\/uploads\/2026\/09\/2244171.webp\" width=\"576\" height=\"720\" alt=\"Riitta vietti kes\u00e4ll\u00e4 2025 kolme viikkoa kuvauksissa T\u0161ekiss\u00e4.\" loading=\"lazy\" \/>            <\/p>\n<p>\n            Riitta vietti kes\u00e4ll\u00e4 2025 kolme viikkoa kuvauksissa T\u0161ekiss\u00e4.<br \/>\n            Stanislav Honzik\/TACK Films\n        <\/p>\n<p class=\"article-content article-content-width !bg-background\">\u2013\tEster on ollut huima muija, rooli houkutti minua jo siin\u00e4 mieless\u00e4. Kun n\u00e4in k\u00e4sikirjoituksen, houkutti se viel\u00e4 enemm\u00e4n, Riitta kertoo.<\/p>\n<p class=\"article-content article-content-width !bg-background\">\u2013\tElokuvassa on vieh\u00e4tt\u00e4v\u00e4 alavire. Vaikka aihe on vakava ja kyse on isoista asioista, on se silti koominen ja viritys herkullinen, n\u00e4yttelij\u00e4 jatkaa.<\/p>\n<p>&#8221;Rakastuin Esteriin&#8221;<\/p>\n<p class=\"article-content article-content-width !bg-background\">Presidentin kyyditys pohjautuu tositapahtumiin lokakuulta 1930, kun oikeistoaktivistit pakottivat presidenttiparin vastoin tahtoaan kyytiins\u00e4 ja l\u00e4htiv\u00e4t ajamaan Helsingist\u00e4 Joensuuhun.<\/p>\n<p>        <a itemprop=\"url\" href=\"https:\/\/www.seiska.fi\/katso\/katariina-havukaiselta-paljastus-veljestaan-santtu-salmisesta\/2213855\" rel=\"nofollow noopener\" target=\"_blank\"><\/p>\n<p>\nKatariina Havukainen:\n<\/p>\n<p class=\"section-date\">\n        <strong class=\"article-section\" data-section=\"katso\"><br \/>\n            katso<br \/>\n        <\/strong><br \/>\n        29.7. 11:15\n    <\/p>\n<p>Katariina Havukaiselta paljastus veljest\u00e4\u00e4n Santtu Salmisesta\n    <\/p>\n<p itemprop=\"description\" class=\"subtitle \">\n    N\u00e4yttelij\u00e4 Katariina Havukainen hypp\u00e4\u00e4 \u00e4itirooliin Ylen uudessa nuortensarjassa.\n<\/p>\n<p>        <\/a><\/p>\n<p class=\"article-content article-content-width !bg-background\">Koska roolihahmo oli todellinen henkil\u00f6, halusi Riitta perehty\u00e4 h\u00e4neen ennen kuvauksia.<\/p>\n<p class=\"article-content article-content-width !bg-background\">N\u00e4yttelij\u00e4 luki  kirjoittaman Oikeusvaltion etuvartiossa\u00a0-kirjan, joka perehtyy St\u00e5lbergien vuosiin 1925\u20131952. Kirjastosta h\u00e4n l\u00f6ysi Esterin p\u00e4iv\u00e4kirjoja sek\u00e4 verkosta tietoa surullisenkuuluisasta kyydityksest\u00e4.<\/p>\n<p class=\"article-content article-content-width !bg-background\">\u2013\tN\u00e4yttelij\u00e4n pit\u00e4\u00e4 rakastaa tekem\u00e4\u00e4ns\u00e4 henkil\u00f6\u00e4. Esterin kohdalla se ei ollut vaikeaa, Riitta sanoo.<\/p>\n<p>                <img decoding=\"async\" src=\"https:\/\/www.europesays.com\/fi\/wp-content\/uploads\/2026\/09\/2244181.webp\" width=\"576\" height=\"610\" alt=\"Ester St\u00e5hlberg oli omana aikanaan tunnettu kirjailija. H\u00e4n kirjoitti muun muassa nuorena kuolleesta lapsestaan.\" loading=\"lazy\" \/>            <\/p>\n<p>\n            Ester St\u00e5hlberg oli omana aikanaan tunnettu kirjailija. H\u00e4n kirjoitti muun muassa nuorena kuolleesta lapsestaan.<br \/>\n            All Over Press\n        <\/p>\n<p class=\"article-content article-content-width !bg-background\">H\u00e4n halusi v\u00e4litt\u00e4\u00e4 valkokankaalle presidentin rouvan l\u00e4mm\u00f6n puolisoaan kohtaan sek\u00e4 h\u00e4nen sosiaalisen taidokkuutensa.<\/p>\n<p class=\"article-content article-content-width !bg-background\">\u2013\tKun mies oli j\u00f6r\u00f6 lakipyk\u00e4lien rakastaja, pehmensi Ester tilanteita. H\u00e4n oli syv\u00e4sti inhimillinen sek\u00e4 laajasti sivistynyt kirjailija ja toimittaja sek\u00e4 yhteiskuntavaikuttaja.<\/p>\n<p class=\"article-content article-content-width !bg-background\">\u2013\tH\u00e4nen perustamansa lastensuojeluj\u00e4rjest\u00f6 Pelastakaa Lapset ry on jatkanut h\u00e4nen ty\u00f6t\u00e4\u00e4n n\u00e4ihin p\u00e4iviin. Todella kunnia esitt\u00e4\u00e4 t\u00e4llaista ihmist\u00e4, Riitta iloitsee.\u00a0<\/p>\n<p>Asuinpuitteet kunnossa<\/p>\n<p class=\"article-content article-content-width !bg-background\">Elokuva kuvattiin suurelta osin T\u0161ekiss\u00e4 ulkomaisen filmity\u00f6ryhm\u00e4n kanssa. Riitta vietti maassa kolmisen viikkoa.<\/p>\n<p>        <a itemprop=\"url\" href=\"https:\/\/www.seiska.fi\/katso\/nayttelija-riitta-havukainen-paljastaa-elakesuunnitelmansa\/1584732\" rel=\"nofollow noopener\" target=\"_blank\"><\/p>\n<p class=\"section-date\">\n        <strong class=\"article-section\" data-section=\"katso\"><br \/>\n            katso<br \/>\n        <\/strong><br \/>\n        18.1.2025 11:15\n    <\/p>\n<p>N\u00e4yttelij\u00e4 Riitta Havukainen paljastaa el\u00e4kesuunnitelmansa\n    <\/p>\n<p itemprop=\"description\" class=\"subtitle \">\n    Paratiisi-sarjan t\u00e4hti viis veisaa treffailulle ja juhlii keski-ik\u00e4isten naisen nousua p\u00e4\u00e4rooleihin.\n<\/p>\n<p>        <\/a><\/p>\n<p class=\"article-content article-content-width !bg-background\">\u2013\tSiell\u00e4 oli ihanaa. Meill\u00e4 oli omat trailerit kuin maailmant\u00e4hdill\u00e4. Niiden ovissa luki nimemme.<\/p>\n<p class=\"article-content article-content-width !bg-background\">\u2013\tOli ilmastointi ja j\u00e4\u00e4kaapissa virkist\u00e4vi\u00e4 hedelmi\u00e4 ja juomia, Riitta muistelee innostuneena.<\/p>\n<p>                <img decoding=\"async\" src=\"https:\/\/www.europesays.com\/fi\/wp-content\/uploads\/2026\/09\/2244186.webp\" width=\"576\" height=\"720\" alt=\"Riitta ja Pertti Sveholm ovat tuttuja jo vuosien takaa. Presidentin kyydityksess\u00e4 he n\u00e4yttelev\u00e4t avioparia.\" loading=\"lazy\" \/>            <\/p>\n<p>\n            Riitta ja Pertti Sveholm ovat tuttuja jo vuosien takaa. Presidentin kyydityksess\u00e4 he n\u00e4yttelev\u00e4t avioparia.<br \/>\n            Timo Korhonen\n        <\/p>\n<p class=\"article-content article-content-width !bg-background\">Kun oli Riitan vuoro saapua kameran eteen, tultiin h\u00e4nen ovelleen koputtumaan. Pukija saapui vaunuun roolivaatteiden kanssa.<\/p>\n<p class=\"article-content article-content-width !bg-background\">\u2013\tEi tarvinnut menn\u00e4 kannonnokkaan istumaan ja odottamaan, kun tunnetusti elokuvanteossa on paljon odottelemista. Saimme olla trailereissamme, tunnelma oli hyv\u00e4 ja meist\u00e4 pidettiin huolta.<\/p>\n<p class=\"article-content article-content-width !bg-background\">Riitta vietti vapaa-aikaa niin kansainv\u00e4lisen kuin suomalaisten ty\u00f6ryhm\u00e4l\u00e4isten kanssa. Kuvausten ajan suomalaiset y\u00f6pyiv\u00e4t hotellissa, joka sijaitsi romanttisella ja historiallisella Nerudova-kadulla l\u00e4hell\u00e4 Prahan linnaa.<\/p>\n<p class=\"article-content article-content-width !bg-background\">\u2013\tSe oli parasta, niin ihana hotelli. L\u00e4hell\u00e4 oli kivoja ravintoloita, joissa k\u00e4vimme sy\u00f6m\u00e4ss\u00e4, h\u00e4n kertoo.\u00a0<\/p>\n<p class=\"italic m-italic article-content article-content-width !bg-background\">Presidentin kyyditys saa ensi-illan elokuvateattereissa perjantaina 4. syyskuuta.\u00a0<\/p>\n<p>        <a itemprop=\"url\" href=\"https:\/\/www.seiska.fi\/katso\/eero-milonoffin-suku-kuhisee-nayttelijoita-namakin-televisiosta-ja-elokuvista-tutut-tahdet-ovat-sukulaisia\/1313153\" rel=\"nofollow noopener\" target=\"_blank\"><\/p>\n<p class=\"section-date\">\n        <strong class=\"article-section\" data-section=\"katso\"><br \/>\n            katso<br \/>\n        <\/strong><br \/>\n        6.4.2024 07:15\n    <\/p>\n<p>Eero Milonoffin suku kuhisee n\u00e4yttelij\u00f6it\u00e4 &#8211; n\u00e4m\u00e4kin televisiosta ja elokuvista tutut t\u00e4hdet ovat sukulaisia\n    <\/p>\n<p itemprop=\"description\" class=\"subtitle \">\n    Tiesitk\u00f6, ett\u00e4 Mikko Leppilammella on kytk\u00f6ksi\u00e4 Kummeliin tai mik\u00e4 sukulaisyhteys Esko Roineella on Kari V\u00e4\u00e4n\u00e4seen?\n<\/p>\n<p>        <\/a><\/p>\n","protected":false},"excerpt":{"rendered":"20260811, Helsinki. Presidentin kyyditys -elokuvan pressi. Kuvassa Riitta Havukainen. Timo Korhonen Presidentin kyyditys -elokuvan kuvauksissa Riitta Havukainen sai&hellip;\n","protected":false},"author":2,"featured_media":341106,"comment_status":"","ping_status":"","sticky":false,"template":"","format":"standard","meta":{"footnotes":"","_share_on_mastodon":"0"},"categories":[130],"tags":[623,42054,137,41970,33,31,30,2382,41969,41968,42055,1342,12751,40933,144,42056,912,8696,40932,32,14804,109],"class_list":["post-341105","post","type-post","status-publish","format-standard","has-post-thumbnail","category-viihde","tag-elokuva","tag-elokuvan-kuvaukset","tag-entertainment","tag-ester-stahlberg","tag-fi","tag-finland","tag-finnish","tag-haastattelu","tag-john-lundsten","tag-k-j-stahlberg","tag-marjaliisa-hentila","tag-nayttelija","tag-pertti-sveholm","tag-presidentin-kyyditys","tag-presidentti","tag-presidenttipari","tag-riitta-havukainen","tag-rooli","tag-samuli-valkama","tag-suomi","tag-tsekki","tag-viihde"],"share_on_mastodon":{"url":"https:\/\/pubeurope.com\/@fi\/117211568263595740","error":""},"_links":{"self":[{"href":"https:\/\/www.europesays.com\/fi\/wp-json\/wp\/v2\/posts\/341105","targetHints":{"allow":["GET"]}}],"collection":[{"href":"https:\/\/www.europesays.com\/fi\/wp-json\/wp\/v2\/posts"}],"about":[{"href":"https:\/\/www.europesays.com\/fi\/wp-json\/wp\/v2\/types\/post"}],"author":[{"embeddable":true,"href":"https:\/\/www.europesays.com\/fi\/wp-json\/wp\/v2\/users\/2"}],"replies":[{"embeddable":true,"href":"https:\/\/www.europesays.com\/fi\/wp-json\/wp\/v2\/comments?post=341105"}],"version-history":[{"count":0,"href":"https:\/\/www.europesays.com\/fi\/wp-json\/wp\/v2\/posts\/341105\/revisions"}],"wp:featuredmedia":[{"embeddable":true,"href":"https:\/\/www.europesays.com\/fi\/wp-json\/wp\/v2\/media\/341106"}],"wp:attachment":[{"href":"https:\/\/www.europesays.com\/fi\/wp-json\/wp\/v2\/media?parent=341105"}],"wp:term":[{"taxonomy":"category","embeddable":true,"href":"https:\/\/www.europesays.com\/fi\/wp-json\/wp\/v2\/categories?post=341105"},{"taxonomy":"post_tag","embeddable":true,"href":"https:\/\/www.europesays.com\/fi\/wp-json\/wp\/v2\/tags?post=341105"}],"curies":[{"name":"wp","href":"https:\/\/api.w.org\/{rel}","templated":true}]}}