{"id":341107,"date":"2026-09-04T07:24:13","date_gmt":"2026-09-04T07:24:13","guid":{"rendered":"https:\/\/www.europesays.com\/fi\/341107\/"},"modified":"2026-09-04T07:24:13","modified_gmt":"2026-09-04T07:24:13","slug":"nyt-tuli-asiantuntijalta-hyvia-sahkouutisia-iltalehti","status":"publish","type":"post","link":"https:\/\/www.europesays.com\/fi\/341107\/","title":{"rendered":"Nyt tuli asiantuntijalta hyvi\u00e4 s\u00e4hk\u00f6uutisia &#8211; Iltalehti"},"content":{"rendered":"<ol>\n<li><a href=\"https:\/\/news.google.com\/rss\/articles\/CBMiekFVX3lxTFA3SThWYkh2ZnktSzdmWGtaR1o0NGRkY0UzZmFIbDZDeHJmSWtyZ1JxUjJha3JIcTN3Z21RdVdiLXBmQ2YxV1ZnYWo1bVR4WEl5VkxLSHp1MWh5RlE4cVY5YmViN2NZY0ZHM09VOFp1UTFHZzdtN3VmREhB?oc=5\" target=\"_blank\" rel=\"nofollow noopener\">Nyt tuli asiantuntijalta hyvi\u00e4 s\u00e4hk\u00f6uutisia<\/a>&nbsp;&nbsp;Iltalehti<\/li>\n<li><a href=\"https:\/\/news.google.com\/rss\/articles\/CBMifkFVX3lxTE15Z3puU0xqYzRQMEJ1NEtTRnVRSkJ6bUpiTzN5Z3ZlT3dOQnY4VlpLVXhsMk9BV1JYQWFRQkNuSHhzOXpuSENkd3RhekVMYm52eHRqS3V2UTg2bzYtSVJlWFJzYXZrV293QmlrWE8wVElKQmNRTEkwaFFRcGhjQQ?oc=5\" target=\"_blank\" rel=\"nofollow noopener\">Hurja s\u00e4hk\u00f6nhinta uhkaa \u2013 Nyt tuli ohjeet suomalaiskoteihin<\/a>&nbsp;&nbsp;Talousel\u00e4m\u00e4<\/li>\n<li><a href=\"https:\/\/news.google.com\/rss\/articles\/CBMie0FVX3lxTFBDSjVNZ1o1YUljQzd1T0M4ZzhyYjR6dmpfVC01MEdoWHNaYmR5a3NFNmx3ajNHZk9XaTktSy1QS0oyY0RkUFJYM08zSm5lWVFJMjRwMEgxa2UwNUp4UGxVSjlYNFJrN182UWlsUmpxRmtNd2dvbFRtWjZHSQ?oc=5\" target=\"_blank\" rel=\"nofollow noopener\">S\u00e4hk\u00f6n hintak\u00e4yr\u00e4 syk\u00e4hti roimaan nousuun, ennuste jopa tuplaantui \u2013 Suomelle tuskin tippuu apuja talven ongelmissa<\/a>&nbsp;&nbsp;Uusi Suomi<\/li>\n<li><a href=\"https:\/\/news.google.com\/rss\/articles\/CBMiqAFBVV95cUxNdVVwRDZfOFBma1dkUlJrYTBRR2dweFpMZ05lbjVCMk44ZUN0R1RBWGF6OHRkWGJ1aTUzRXNRUURfWjdPSzdTeWhfVzItYURzdGJWc2hjY1F2dTJQTExzMkh5Sld2ZjZHWk8yaWo4SU9EVlVNcldQRjQybGpYc3QzYi1HMlJaU25pdzBrdDVzU3pKVFM4X2dlNEgwQWNpQlZmTjNkVklWbUY?oc=5\" target=\"_blank\" rel=\"nofollow noopener\">\u00c4l\u00e4 p\u00e4\u00e4st\u00e4 l\u00e4mp\u00f6pumppua tuhlaamaan s\u00e4hk\u00f6\u00e4 \u2013 n\u00e4m\u00e4 asiat kannattaa tarkistaa nyt<\/a>&nbsp;&nbsp;Tekniikan Maailma<\/li>\n<li><a href=\"https:\/\/news.google.com\/rss\/articles\/CBMifkFVX3lxTFBuZ2VfMmZuX205MFhoU2hFV1NUVWtab1BGZi1GMlJ3ZzVscUtXaTNleTVsYlZNMk5wZ09RVEpyMzB0TmpaSkYzaVJwcmhaeUpqQkRvVXB2OV8yVFFaczBJY08zLVNpa3haZUdPdTlVUlJwTV9RZ2p0Z183SFVBdw?oc=5\" target=\"_blank\" rel=\"nofollow noopener\">S\u00e4hk\u00f6n hinta nousee maanantaina yli 15 senttiin<\/a>&nbsp;&nbsp;Kauppalehti<\/li>\n<\/ol>\n","protected":false},"excerpt":{"rendered":"Nyt tuli asiantuntijalta hyvi\u00e4 s\u00e4hk\u00f6uutisia&nbsp;&nbsp;Iltalehti Hurja s\u00e4hk\u00f6nhinta uhkaa \u2013 Nyt tuli ohjeet suomalaiskoteihin&nbsp;&nbsp;Talousel\u00e4m\u00e4 S\u00e4hk\u00f6n hintak\u00e4yr\u00e4 syk\u00e4hti roimaan nousuun,&hellip;\n","protected":false},"author":2,"featured_media":341108,"comment_status":"","ping_status":"","sticky":false,"template":"","format":"standard","meta":{"footnotes":"","_share_on_mastodon":"0"},"categories":[76],"tags":[35,79,77,124,1628,33,31,30,4340,2870,2007,32,78],"class_list":["post-341107","post","type-post","status-publish","format-standard","has-post-thumbnail","category-talous","tag-24h","tag-business","tag-economy","tag-energia-sektori","tag-energia-ja-energiavarat","tag-fi","tag-finland","tag-finnish","tag-hinnoittelu","tag-kaupankaynti","tag-sahko","tag-suomi","tag-talous"],"share_on_mastodon":{"url":"https:\/\/pubeurope.com\/@fi\/117211579314927991","error":""},"_links":{"self":[{"href":"https:\/\/www.europesays.com\/fi\/wp-json\/wp\/v2\/posts\/341107","targetHints":{"allow":["GET"]}}],"collection":[{"href":"https:\/\/www.europesays.com\/fi\/wp-json\/wp\/v2\/posts"}],"about":[{"href":"https:\/\/www.europesays.com\/fi\/wp-json\/wp\/v2\/types\/post"}],"author":[{"embeddable":true,"href":"https:\/\/www.europesays.com\/fi\/wp-json\/wp\/v2\/users\/2"}],"replies":[{"embeddable":true,"href":"https:\/\/www.europesays.com\/fi\/wp-json\/wp\/v2\/comments?post=341107"}],"version-history":[{"count":0,"href":"https:\/\/www.europesays.com\/fi\/wp-json\/wp\/v2\/posts\/341107\/revisions"}],"wp:featuredmedia":[{"embeddable":true,"href":"https:\/\/www.europesays.com\/fi\/wp-json\/wp\/v2\/media\/341108"}],"wp:attachment":[{"href":"https:\/\/www.europesays.com\/fi\/wp-json\/wp\/v2\/media?parent=341107"}],"wp:term":[{"taxonomy":"category","embeddable":true,"href":"https:\/\/www.europesays.com\/fi\/wp-json\/wp\/v2\/categories?post=341107"},{"taxonomy":"post_tag","embeddable":true,"href":"https:\/\/www.europesays.com\/fi\/wp-json\/wp\/v2\/tags?post=341107"}],"curies":[{"name":"wp","href":"https:\/\/api.w.org\/{rel}","templated":true}]}}