{"id":341109,"date":"2026-09-04T07:25:11","date_gmt":"2026-09-04T07:25:11","guid":{"rendered":"https:\/\/www.europesays.com\/fi\/341109\/"},"modified":"2026-09-04T07:25:11","modified_gmt":"2026-09-04T07:25:11","slug":"venaja-sanoo-iskenneensa-ukrainalle-aseita-kuljettaneisiin-aluksiin-mustallamerella-uutiset","status":"publish","type":"post","link":"https:\/\/www.europesays.com\/fi\/341109\/","title":{"rendered":"Ven\u00e4j\u00e4 sanoo iskenneens\u00e4 Ukrainalle aseita kuljettaneisiin aluksiin Mustallamerell\u00e4 | Uutiset"},"content":{"rendered":"<p>Ven\u00e4l\u00e4ismedia:  Televisiokanavien johtajille ja juontajille lis\u00e4ttiin henkivartijoita<img decoding=\"async\" alt=\"Ihmisi\u00e4 seisoo tv-studiossa suurten n\u00e4ytt\u00f6jen edess\u00e4, joissa lukee \u201d\u0420\u041e\u0421\u0421\u0418\u042f\u201d ja n\u00e4kyy erilaisia tietoja.\" src=\"https:\/\/www.europesays.com\/fi\/wp-content\/uploads\/2026\/09\/1788506711_943_1788445508.jpeg\" loading=\"lazy\" class=\"aw__sc-dklauk-0 LPzKX\"\/><\/p>\n<p>Avaa kuvien katselu<\/p>\n<p>N\u00e4kym\u00e4 televisiostudioihin Ven\u00e4j\u00e4 1:n ja Pervyi kanalin uutisohjelmista  messukeskuksessa Moskovassa 11. marraskuuta 2023. Kuva: AOP<\/p>\n<p class=\"aw__sc-1fr77j0-1 TDEqA\">Ven\u00e4j\u00e4n viranomaiset ovat lis\u00e4nneet turvatoimia valtion television johtajien ja juontajien suojelemiseksi. Asiasta kertoi  riippumaton ven\u00e4l\u00e4inen tutkiva media Agentstvo <a href=\"https:\/\/meduza.io\/en\/news\/2026\/09\/03\/russia-is-reportedly-tightening-security-around-state-tv-propagandists-assigning-national-guard-protection-to-executives-and-hosts\" class=\"aw__sc-1uqi69x-0 aw__sc-1kcnrzg-0 jwODkx hqUnKt\" rel=\"nofollow noopener\" target=\"_blank\">Meduzan mukaan<\/a>. Ukraina on tehnyt iskuja Ven\u00e4j\u00e4ll\u00e4 Ven\u00e4j\u00e4n sotilasjohtajia ja propangan levitt\u00e4ji\u00e4 vastaan.<\/p>\n<p class=\"aw__sc-1fr77j0-1 TDEqA\">Agenstvon haastattelevan ty\u00f6ntekij\u00e4n mukaan Ven\u00e4j\u00e4n kansalliskaartin johtaja Viktor Zolotov suositteli yhden valtakunnallisen televisiokanavan johdolle turvamiehi\u00e4. Haastatellun mukaan kansalliskaarti saattaa nyt l\u00e4hes kaikkia television johtajia. Kaikki eiv\u00e4t ole tyytyv\u00e4isi\u00e4 j\u00e4rjestelyyn. Suojelun lis\u00e4ksi henkivartijat tuovat mukanaan jatkuvan valvonnan.<\/p>\n<p class=\"aw__sc-1fr77j0-1 TDEqA\">My\u00f6s juontajat ovat Meduzan mukaan saaneet henkivartijat. Yksi juontaja saapui syntym\u00e4p\u00e4iv\u00e4juhliinsa Moskovassa turvamiesten auto per\u00e4ss\u00e4\u00e4n, juhlissa ollut nimet\u00f6n vieras kertoi ven\u00e4l\u00e4ismedialle.<\/p>\n<p class=\"aw__sc-1fr77j0-1 TDEqA\">Kolmas l\u00e4hde kertoi Agentstvo-medialle, ett\u00e4 kansalliskaarti oli jo aiemmin m\u00e4\u00e4r\u00e4tty saattamaan televisiojohtajia, mutta vahvisti ett\u00e4 turvatoimia on sittemmin tiukennettu.<\/p>\n<p class=\"aw__sc-1fr77j0-1 TDEqA\">Median mukaan my\u00f6s Ven\u00e4j\u00e4n entisen presidentin poikaa Ilja Medvedevi\u00e4 saattaa presidentin turvapalvelusta koostuva turvamiesten joukko.<\/p>\n","protected":false},"excerpt":{"rendered":"Ven\u00e4l\u00e4ismedia: Televisiokanavien johtajille ja juontajille lis\u00e4ttiin henkivartijoita Avaa kuvien katselu N\u00e4kym\u00e4 televisiostudioihin Ven\u00e4j\u00e4 1:n ja Pervyi kanalin uutisohjelmista&hellip;\n","protected":false},"author":2,"featured_media":341110,"comment_status":"","ping_status":"","sticky":false,"template":"","format":"standard","meta":{"footnotes":"","_share_on_mastodon":"0"},"categories":[14],"tags":[22,23,26,27,33,31,30,17,70,24,25,28,29,15,18,21,32,19,20,1303,56,16,547,987,59,60,61],"class_list":["post-341109","post","type-post","status-publish","format-standard","has-post-thumbnail","category-ulkomaat","tag-breaking-news","tag-breakingnews","tag-featured-news","tag-featurednews","tag-fi","tag-finland","tag-finnish","tag-headlines","tag-kansainvalinen-politiikka","tag-latest-news","tag-latestnews","tag-main-news","tag-mainnews","tag-news","tag-otsikot","tag-paauutiset","tag-suomi","tag-top-stories","tag-topstories","tag-ukraina","tag-ulkomaat","tag-uutiset","tag-venaja","tag-venajan-hyokkays","tag-world","tag-world-news","tag-worldnews"],"share_on_mastodon":{"url":"https:\/\/pubeurope.com\/@fi\/117211583870115094","error":""},"_links":{"self":[{"href":"https:\/\/www.europesays.com\/fi\/wp-json\/wp\/v2\/posts\/341109","targetHints":{"allow":["GET"]}}],"collection":[{"href":"https:\/\/www.europesays.com\/fi\/wp-json\/wp\/v2\/posts"}],"about":[{"href":"https:\/\/www.europesays.com\/fi\/wp-json\/wp\/v2\/types\/post"}],"author":[{"embeddable":true,"href":"https:\/\/www.europesays.com\/fi\/wp-json\/wp\/v2\/users\/2"}],"replies":[{"embeddable":true,"href":"https:\/\/www.europesays.com\/fi\/wp-json\/wp\/v2\/comments?post=341109"}],"version-history":[{"count":0,"href":"https:\/\/www.europesays.com\/fi\/wp-json\/wp\/v2\/posts\/341109\/revisions"}],"wp:featuredmedia":[{"embeddable":true,"href":"https:\/\/www.europesays.com\/fi\/wp-json\/wp\/v2\/media\/341110"}],"wp:attachment":[{"href":"https:\/\/www.europesays.com\/fi\/wp-json\/wp\/v2\/media?parent=341109"}],"wp:term":[{"taxonomy":"category","embeddable":true,"href":"https:\/\/www.europesays.com\/fi\/wp-json\/wp\/v2\/categories?post=341109"},{"taxonomy":"post_tag","embeddable":true,"href":"https:\/\/www.europesays.com\/fi\/wp-json\/wp\/v2\/tags?post=341109"}],"curies":[{"name":"wp","href":"https:\/\/api.w.org\/{rel}","templated":true}]}}