{"id":341117,"date":"2026-09-04T07:42:20","date_gmt":"2026-09-04T07:42:20","guid":{"rendered":"https:\/\/www.europesays.com\/fi\/341117\/"},"modified":"2026-09-04T07:42:20","modified_gmt":"2026-09-04T07:42:20","slug":"kimmo-schroderus-toteuttaa-veistoksen-uimahallin-pihaan-kertoo-yllattavan-yhteyden-sastamalaan","status":"publish","type":"post","link":"https:\/\/www.europesays.com\/fi\/341117\/","title":{"rendered":"Kimmo Schroderus toteuttaa veistoksen uimahallin pihaan \u2013 kertoo yll\u00e4tt\u00e4v\u00e4n yhteyden Sastamalaan"},"content":{"rendered":"<p>Kysyimme, millainen taideteos Sastamalan uuden uimahallin pihaan nousee.<\/p>\n<p><img decoding=\"async\" src=\"https:\/\/www.europesays.com\/fi\/wp-content\/uploads\/2026\/09\/1788507740_179_468.jpg\" alt=\"Kimmo Schroderus osallistui kes\u00e4ll\u00e4 Kultarannan puiston veistosn\u00e4yttelyyn nelj\u00e4ll\u00e4 teoksellaan. H\u00e4n tekee veistoksia haponkest\u00e4v\u00e4st\u00e4 ter\u00e4ksest\u00e4.\" class=\"_Img_1rerz_1\" style=\"aspect-ratio:1920\/1279\" loading=\"eager\"\/><\/p>\n<p class=\"font-(family-name:--picture-caption-font-family) text-(length:--picture-caption-font-size) leading-(--picture-caption-leading) font-(--picture-caption-font-weight) text-(color:--picture-caption-color)\">Kimmo Schroderus osallistui kes\u00e4ll\u00e4 Kultarannan puiston veistosn\u00e4yttelyyn nelj\u00e4ll\u00e4 teoksellaan. H\u00e4n tekee veistoksia haponkest\u00e4v\u00e4st\u00e4 ter\u00e4ksest\u00e4. Kuva:\u00a0Vesa-Matti Vaara<\/p>\n<p>3.9. 6:00<\/p>\n<p class=\"article-body mb-(--paragraph-margin-b) px-nof-16\">Sastamala on tuttu paikka uuden uimahallin pihaan tulevan taideteoksen tekij\u00e4lle, kuvanveist\u00e4j\u00e4 <a class=\"font-bold underline-offset-[0.12em] [text-decoration:var(--person-link-text-decoration)] [text-decoration-color:var(--person-link-text-decoration-color)]!\" href=\"https:\/\/www.tyrvaansanomat.fi\/haku\/?query=Kimmo%20Schroderukselle\" rel=\"nofollow noopener\" target=\"_blank\">Kimmo Schroderukselle<\/a>.<\/p>\n<p class=\"article-body mb-(--paragraph-margin-b) px-nof-16\">\u201dVaimoni suvusta osa on kotoisin Sastamalasta. Ulkopaikkakuntalaiselle Sastamala n\u00e4ytt\u00e4ytyy paikkana, jossa on vire\u00e4 ajoneuvoharrastuskulttuuri. K\u00e4vin itsekin katsomassa vappuajoja. Itse asiassa t\u00e4n\u00e4 kes\u00e4n\u00e4 olen k\u00e4ynyt Sastamalassa jo kaksi kertaa\u201d, Schroderus kertoo.<\/p>\n","protected":false},"excerpt":{"rendered":"Kysyimme, millainen taideteos Sastamalan uuden uimahallin pihaan nousee. Kimmo Schroderus osallistui kes\u00e4ll\u00e4 Kultarannan puiston veistosn\u00e4yttelyyn nelj\u00e4ll\u00e4 teoksellaan. H\u00e4n&hellip;\n","protected":false},"author":2,"featured_media":341118,"comment_status":"","ping_status":"","sticky":false,"template":"","format":"standard","meta":{"footnotes":"","_share_on_mastodon":"0"},"categories":[135],"tags":[389,387,388,390,137,33,31,30,32,394,393,391,392,3885,109],"class_list":["post-341117","post","type-post","status-publish","format-standard","has-post-thumbnail","category-taiteet-ja-suunnittelu","tag-arts","tag-arts-and-design","tag-artsanddesign","tag-design","tag-entertainment","tag-fi","tag-finland","tag-finnish","tag-suomi","tag-suunnittelu","tag-taiteet","tag-taiteet-ja-suunnittelu","tag-taiteetsuunnittelu","tag-tyrvaan-sanomat","tag-viihde"],"share_on_mastodon":{"url":"https:\/\/pubeurope.com\/@fi\/117211650731068144","error":""},"_links":{"self":[{"href":"https:\/\/www.europesays.com\/fi\/wp-json\/wp\/v2\/posts\/341117","targetHints":{"allow":["GET"]}}],"collection":[{"href":"https:\/\/www.europesays.com\/fi\/wp-json\/wp\/v2\/posts"}],"about":[{"href":"https:\/\/www.europesays.com\/fi\/wp-json\/wp\/v2\/types\/post"}],"author":[{"embeddable":true,"href":"https:\/\/www.europesays.com\/fi\/wp-json\/wp\/v2\/users\/2"}],"replies":[{"embeddable":true,"href":"https:\/\/www.europesays.com\/fi\/wp-json\/wp\/v2\/comments?post=341117"}],"version-history":[{"count":0,"href":"https:\/\/www.europesays.com\/fi\/wp-json\/wp\/v2\/posts\/341117\/revisions"}],"wp:featuredmedia":[{"embeddable":true,"href":"https:\/\/www.europesays.com\/fi\/wp-json\/wp\/v2\/media\/341118"}],"wp:attachment":[{"href":"https:\/\/www.europesays.com\/fi\/wp-json\/wp\/v2\/media?parent=341117"}],"wp:term":[{"taxonomy":"category","embeddable":true,"href":"https:\/\/www.europesays.com\/fi\/wp-json\/wp\/v2\/categories?post=341117"},{"taxonomy":"post_tag","embeddable":true,"href":"https:\/\/www.europesays.com\/fi\/wp-json\/wp\/v2\/tags?post=341117"}],"curies":[{"name":"wp","href":"https:\/\/api.w.org\/{rel}","templated":true}]}}