{"id":341131,"date":"2026-09-04T07:53:13","date_gmt":"2026-09-04T07:53:13","guid":{"rendered":"https:\/\/www.europesays.com\/fi\/341131\/"},"modified":"2026-09-04T07:53:13","modified_gmt":"2026-09-04T07:53:13","slug":"kaksi-miesta-onnistuttiin-pelastamaan-vesivoimalan-tunneleista-nepalissa-9-paivaa-tulvien-jalkeen","status":"publish","type":"post","link":"https:\/\/www.europesays.com\/fi\/341131\/","title":{"rendered":"Kaksi miest\u00e4 onnistuttiin pelastamaan vesivoimalan tunneleista Nepalissa 9 p\u00e4iv\u00e4\u00e4 tulvien j\u00e4lkeen"},"content":{"rendered":"<p>Pelastust\u00f6it\u00e4 ovat hidastaneet muun muassa tunneleita tukkivat \u201dauton kokoiset\u201d j\u00e4rk\u00e4leet, joita on jouduttu r\u00e4j\u00e4ytt\u00e4m\u00e4\u00e4n pois tielt\u00e4.<\/p>\n<p class=\"font-(family-name:--picture-caption-font-family) text-(length:--picture-caption-font-size) leading-(--picture-caption-leading) font-(--picture-caption-font-weight) text-(color:--picture-caption-color)\">Kaksi miest\u00e4 pelastettiin tunnelista Nepalissa. Video:\u00a0Reuters<\/p>\n<p class=\"article-body mb-(--paragraph-margin-b) px-nof-16\">Kaksi vesivoimalan tunneleihin ansaan j\u00e4\u00e4nytt\u00e4 ihmist\u00e4 saatiin pelastettua perjantaina Nepalissa, kertovat muun muassa Reuters, <a class=\"underline underline-offset-[0.12em] [text-decoration-thickness:var(--generic-link-underline-thickness)] [text-decoration-color:var(--generic-link-underline-color)] [text-decoration-skip-ink:var(--generic-link-underline-skip-ink)] break-words\" href=\"https:\/\/www.bbc.com\/news\/live\/cmwyz5er2lwnt\" rel=\"nofollow noopener\" target=\"_blank\">BBC<\/a> ja <a class=\"underline underline-offset-[0.12em] [text-decoration-thickness:var(--generic-link-underline-thickness)] [text-decoration-color:var(--generic-link-underline-color)] [text-decoration-skip-ink:var(--generic-link-underline-skip-ink)] break-words\" href=\"https:\/\/edition.cnn.com\/2026\/09\/04\/world\/live-news\/nepal-china-flood-hnk-intl?post-id=cmtmf0pjh00003b6szhqatr29https:\/\/edition.cnn.com\/2026\/09\/04\/world\/live-news\/nepal-china-flood-hnk-intl?post-id=cmtmf0pjh00003b6szhqatr29\" rel=\"nofollow noopener\" target=\"_blank\">CNN<\/a>. Nepalin viranomaisten julkaisemalla videolla pelastus\u00adty\u00f6ntekij\u00e4t hurrasivat, kun miehet saatiin vedetty\u00e4 ulos maan uumenista.<\/p>\n<p class=\"article-body mb-(--paragraph-margin-b) px-nof-16\">Nepalin ja Tiibetin vuoristoiselle rajaseudulle viime viikolla iskeneiden tulvien j\u00e4lkeiset pelastusty\u00f6t ovat jatkuneet jo yhdeks\u00e4n p\u00e4iv\u00e4\u00e4 ymp\u00e4ri vuorokauden. Tulvissa on t\u00e4h\u00e4n menness\u00e4 vahvistettu kuolleen noin 1\u202f200 ihmist\u00e4.<\/p>\n<p class=\"article-body mb-(--paragraph-margin-b) px-nof-16\">Perjantaina pelastetut miehet olivat j\u00e4\u00e4neet loukkuun Trishuli 3A -vesivoimalan tunneleihin. Nepalin s\u00e4hk\u00f6viraston edustaja <a class=\"font-bold underline-offset-[0.12em] [text-decoration:var(--person-link-text-decoration)] [text-decoration-color:var(--person-link-text-decoration-color)]!\" href=\"https:\/\/www.is.fi\/haku\/?query=Suresh%20Raut\" rel=\"nofollow noopener\" target=\"_blank\">Suresh Raut<\/a> kertoi BBC:lle, ett\u00e4 tunneleissa uskotaan edelleen olevan 39 voimalan ty\u00f6ntekij\u00e4\u00e4.<\/p>\n<p class=\"article-body mb-(--paragraph-margin-b) px-nof-16\">Tiedossa ei ole, kuinka moni heist\u00e4 on elossa. Perjantaina pelastetut <a class=\"font-bold underline-offset-[0.12em] [text-decoration:var(--person-link-text-decoration)] [text-decoration-color:var(--person-link-text-decoration-color)]!\" href=\"https:\/\/www.is.fi\/haku\/?query=Sanjaya%20Shah\" rel=\"nofollow noopener\" target=\"_blank\">Sanjaya Shah<\/a> ja <a class=\"font-bold underline-offset-[0.12em] [text-decoration:var(--person-link-text-decoration)] [text-decoration-color:var(--person-link-text-decoration-color)]!\" href=\"https:\/\/www.is.fi\/haku\/?query=Kabir%20Maharjan\" rel=\"nofollow noopener\" target=\"_blank\">Kabir Maharjan<\/a> kiid\u00e4tettiin Rautin mukaan helikopterilla sairaalahoitoon Katmanduun.<\/p>\n<p><img decoding=\"async\" src=\"https:\/\/www.europesays.com\/fi\/wp-content\/uploads\/2026\/09\/1788508392_174_468.jpg\" alt=\"Pelastajat kantoivat vesivoimalan tunneleista perjantaina pelastettua miest\u00e4. H\u00e4net ja toinen pelastettu mies kiid\u00e4tettiin helikopterilla sairaalahoitoon Katmanduun.\" class=\"_Img_1rerz_1\" style=\"aspect-ratio:1920\/1279\" loading=\"eager\"\/><\/p>\n<p class=\"font-(family-name:--picture-caption-font-family) text-(length:--picture-caption-font-size) leading-(--picture-caption-leading) font-(--picture-caption-font-weight) text-(color:--picture-caption-color) picture-with-caption__caption picture-with-caption__caption--default-full\">Pelastajat kantoivat vesivoimalan tunneleista perjantaina pelastettua miest\u00e4. H\u00e4net ja toinen pelastettu mies kiid\u00e4tettiin helikopterilla sairaalahoitoon Katmanduun. Kuva:\u00a0Nepal Army \/ Reuters<\/p>\n<p class=\"article-body mb-(--paragraph-margin-b) px-nof-16\">Miehet ovat s\u00e4hk\u00f6viraston ty\u00f6ntekij\u00f6it\u00e4. Kummallakin kerrottiin olevan raajoissaan vammoja, jotka ovat mahdollisesti seurausta tunneleissa ry\u00f6mimisest\u00e4.<\/p>\n<p class=\"article-body mb-(--paragraph-margin-b) px-nof-16\">Lis\u00e4ksi pelastetut k\u00e4rsiv\u00e4t hapenpuutteesta, eik\u00e4 Shah ole kyennyt toistaiseksi puhumaan. Maharjanin sanottiin hymyilleen ja kiitt\u00e4neen pelastajiaan.<\/p>\n<p class=\"article-body mb-(--paragraph-margin-b) px-nof-16\">Trishuli 3A -vesivoimalan pelastusty\u00f6t ovat olleet poikkeuksellisen vaikea ponnistus. Insin\u00f6\u00f6rit ovat pumpanneet ilmaa tunneliverkostoon sen yhteydess\u00e4.<\/p>\n<p class=\"article-body mb-(--paragraph-margin-b) px-nof-16\">Tulvavesi on muokannut verkoston uuteen uskoon, eiv\u00e4tk\u00e4 pelastus\u00adty\u00f6ntekij\u00e4t l\u00f6yt\u00e4neet edes sen sis\u00e4\u00e4nk\u00e4ynnin sijaintia. T\u00e4m\u00e4n vuoksi aluksi ei tiedetty, mist\u00e4 kaivaminen tulisi aloittaa.<\/p>\n<p class=\"article-body mb-(--paragraph-margin-b) px-nof-16\">Nepalilaisia paikan p\u00e4\u00e4ll\u00e4 avustava geologi <a class=\"font-bold underline-offset-[0.12em] [text-decoration:var(--person-link-text-decoration)] [text-decoration-color:var(--person-link-text-decoration-color)]!\" href=\"https:\/\/www.is.fi\/haku\/?query=Arnold%20Dix\" rel=\"nofollow noopener\" target=\"_blank\">Arnold Dix<\/a> kertoi CNN:lle, ett\u00e4 sopiva aloituspaikka l\u00f6ydettiin hy\u00f6dynt\u00e4m\u00e4ll\u00e4 satelliittidataa ja rakennuspiirustuksia. Kyse oli tunnelista, jonka romahtaminen olisi v\u00e4hiten mahdollista.<\/p>\n<p class=\"article-body mb-(--paragraph-margin-b) px-nof-16\">Kaivaust\u00f6iss\u00e4 tuli vastaan vett\u00e4, jota oli ensin pumpattava pois ennen tunneliin p\u00e4\u00e4sy\u00e4. Tunnelissa etenemist\u00e4 ovat vaikeuttaneet reitti\u00e4 tukkivat \u201dauton kokoiset\u201d kivenj\u00e4rk\u00e4leet.<\/p>\n<p class=\"article-body mb-(--paragraph-margin-b) px-nof-16\">\u2013 Meid\u00e4n on r\u00e4j\u00e4ytett\u00e4v\u00e4 ne tunnelissa. Se on \u00e4\u00e4rimm\u00e4isen vaarallista, ja toisella puolella saattaa olla ihmisi\u00e4, Dix kertoi.<\/p>\n<p><img decoding=\"async\" src=\"https:\/\/www.europesays.com\/fi\/wp-content\/uploads\/2026\/09\/1788508393_919_468.jpg\" alt=\"Trishuli 3A -vesivoimalan pelastusoperaatiota on kuvailtu poikkeuksellisen vaikeaksi. Pelastusty\u00f6ntekij\u00e4t kuvattiin torstaina, kun he olivat menossa sis\u00e4\u00e4n tunneliverkostoon.\" class=\"_Img_1rerz_1\" style=\"aspect-ratio:1920\/1279\" loading=\"eager\"\/><\/p>\n<p class=\"font-(family-name:--picture-caption-font-family) text-(length:--picture-caption-font-size) leading-(--picture-caption-leading) font-(--picture-caption-font-weight) text-(color:--picture-caption-color) picture-with-caption__caption picture-with-caption__caption--default-full\">Trishuli 3A -vesivoimalan pelastusoperaatiota on kuvailtu poikkeuksellisen vaikeaksi. Pelastusty\u00f6ntekij\u00e4t kuvattiin torstaina, kun he olivat menossa sis\u00e4\u00e4n tunneliverkostoon. Kuva:\u00a0Navesh Chitrakar \/ Reuters<\/p>\n<p class=\"article-body mb-(--paragraph-margin-b) px-nof-16\">Shahin ja Maharjanin pelastuminen on kasvattanut toivoa yh\u00e4 useamman loukkuun j\u00e4\u00e4neen pelastumisesta. Tunneleista on viranomaisten mukaan kuulunut ihmisten \u00e4\u00e4ni\u00e4.<\/p>\n<p class=\"article-body mb-(--paragraph-margin-b) px-nof-16\">Trishuli 3A ei ole ainoa vesivoimala, jonne ty\u00f6ntekij\u00f6it\u00e4 j\u00e4i loukkuun, kun \u00e4kkitulvat iskiv\u00e4t alueelle j\u00e4\u00e4tik\u00f6n romahdettua jokeen vuoristossa.<\/p>\n<p class=\"article-body mb-(--paragraph-margin-b) px-nof-16\">Yli 900 ty\u00f6ntekij\u00e4n on kerrottu olevan edelleen kateissa yhdeks\u00e4n eri vesivoimalan tunneleissa.<\/p>\n<p class=\"article-body mb-(--paragraph-margin-b) px-nof-16\">Kaikkiaan kateissa on edelleen 4\u202f216 ihmist\u00e4, kertoivat Nepalin katastrofiviranomaiset keskiviikkona <a class=\"underline underline-offset-[0.12em] [text-decoration-thickness:var(--generic-link-underline-thickness)] [text-decoration-color:var(--generic-link-underline-color)] [text-decoration-skip-ink:var(--generic-link-underline-skip-ink)] break-words\" href=\"https:\/\/www.theguardian.com\/world\/2026\/sep\/04\/nepal-tibet-floods-disaster-search-for-missing-china-censorship?utm_source=chatgpt.com\" rel=\"nofollow noopener\" target=\"_blank\">Guardianin<\/a> mukaan. Heist\u00e4 yli 500 on ulkomaiden kansalaisia.<\/p>\n<p class=\"article-body mb-(--paragraph-margin-b) px-nof-16\">Kiinan viranomaisten mukaan Tiibetin puolella kateissa on 541 ihmist\u00e4, joista 261 on ulkomaalaisia 23 eri maasta.<\/p>\n","protected":false},"excerpt":{"rendered":"Pelastust\u00f6it\u00e4 ovat hidastaneet muun muassa tunneleita tukkivat \u201dauton kokoiset\u201d j\u00e4rk\u00e4leet, joita on jouduttu r\u00e4j\u00e4ytt\u00e4m\u00e4\u00e4n pois tielt\u00e4. Kaksi miest\u00e4&hellip;\n","protected":false},"author":2,"featured_media":341132,"comment_status":"","ping_status":"","sticky":false,"template":"","format":"standard","meta":{"footnotes":"","_share_on_mastodon":"0"},"categories":[14],"tags":[22,23,26,27,33,31,30,17,34,24,25,28,29,15,18,21,32,19,20,56,16,59,60,61],"class_list":["post-341131","post","type-post","status-publish","format-standard","has-post-thumbnail","category-ulkomaat","tag-breaking-news","tag-breakingnews","tag-featured-news","tag-featurednews","tag-fi","tag-finland","tag-finnish","tag-headlines","tag-ilta-sanomat","tag-latest-news","tag-latestnews","tag-main-news","tag-mainnews","tag-news","tag-otsikot","tag-paauutiset","tag-suomi","tag-top-stories","tag-topstories","tag-ulkomaat","tag-uutiset","tag-world","tag-world-news","tag-worldnews"],"share_on_mastodon":{"url":"https:\/\/pubeurope.com\/@fi\/117211693886942170","error":""},"_links":{"self":[{"href":"https:\/\/www.europesays.com\/fi\/wp-json\/wp\/v2\/posts\/341131","targetHints":{"allow":["GET"]}}],"collection":[{"href":"https:\/\/www.europesays.com\/fi\/wp-json\/wp\/v2\/posts"}],"about":[{"href":"https:\/\/www.europesays.com\/fi\/wp-json\/wp\/v2\/types\/post"}],"author":[{"embeddable":true,"href":"https:\/\/www.europesays.com\/fi\/wp-json\/wp\/v2\/users\/2"}],"replies":[{"embeddable":true,"href":"https:\/\/www.europesays.com\/fi\/wp-json\/wp\/v2\/comments?post=341131"}],"version-history":[{"count":0,"href":"https:\/\/www.europesays.com\/fi\/wp-json\/wp\/v2\/posts\/341131\/revisions"}],"wp:featuredmedia":[{"embeddable":true,"href":"https:\/\/www.europesays.com\/fi\/wp-json\/wp\/v2\/media\/341132"}],"wp:attachment":[{"href":"https:\/\/www.europesays.com\/fi\/wp-json\/wp\/v2\/media?parent=341131"}],"wp:term":[{"taxonomy":"category","embeddable":true,"href":"https:\/\/www.europesays.com\/fi\/wp-json\/wp\/v2\/categories?post=341131"},{"taxonomy":"post_tag","embeddable":true,"href":"https:\/\/www.europesays.com\/fi\/wp-json\/wp\/v2\/tags?post=341131"}],"curies":[{"name":"wp","href":"https:\/\/api.w.org\/{rel}","templated":true}]}}