{"id":341145,"date":"2026-09-04T08:16:12","date_gmt":"2026-09-04T08:16:12","guid":{"rendered":"https:\/\/www.europesays.com\/fi\/341145\/"},"modified":"2026-09-04T08:16:12","modified_gmt":"2026-09-04T08:16:12","slug":"nama-viisi-vain-elamaa-coveria-jaivat-pysyvasti-suomalaisten-mieleen-kyyneleet-tulevat","status":"publish","type":"post","link":"https:\/\/www.europesays.com\/fi\/341145\/","title":{"rendered":"N\u00e4m\u00e4 viisi Vain el\u00e4m\u00e4\u00e4 -coveria j\u00e4iv\u00e4t pysyv\u00e4sti suomalaisten mieleen: \u201dKyyneleet tulevat\u201d"},"content":{"rendered":"<p>    <img decoding=\"async\" src=\"https:\/\/www.europesays.com\/fi\/wp-content\/uploads\/2026\/09\/vain-elamaa-ellinoora_kuvaaja_petri_aho.jpg\" alt=\"\" width=\"2100\" height=\"1400\" class=\"wp-image-720857\" loading=\"eager\" fetchpriority=\"high\"  \/>Vain el\u00e4m\u00e4\u00e4 -ohjelmassa on kuultu lukuisia upeita covereita. <strong>Ellinooran<\/strong> versio Tuonelan koivuista  esitettiin ohjelman 14. kaudella, ja sekin ker\u00e4si Annan kyselyss\u00e4 mainintoja.Petri Aho \/ Nelonen    <\/p>\n<p class=\"wp-block-post-excerpt__excerpt\">Kysyimme Facebookissa, mik\u00e4 Vain el\u00e4m\u00e4\u00e4 -kappaleista on ylitse muiden. Viiden k\u00e4rkeen nousi ikimuistoisia covereita vuosien varrelta. <\/p>\n<p>Vain el\u00e4m\u00e4\u00e4 -sarjasta k\u00e4ynnistyy pian <a href=\"https:\/\/anna.fi\/ihmiset\/viihde\/he-ovat-uudet-vain-elamaa-artistit-aanesta-kenen-paivaa-odotat-eniten\" type=\"link\" id=\"https:\/\/anna.fi\/ihmiset\/viihde\/he-ovat-uudet-vain-elamaa-artistit-aanesta-kenen-paivaa-odotat-eniten\" rel=\"nofollow noopener\" target=\"_blank\">17. tuotantokausi<\/a>, jolla mukana ovat muun muassa <strong>Timo Kotipelto<\/strong>, <strong>Jippu<\/strong> ja <strong>Heikki Salo<\/strong>. Uudella kaudella kuullaan j\u00e4lleen kiinnostavia tulkintoja tutuista hittibiiseist\u00e4.<\/p>\n<p>Vuosien varrella Vain el\u00e4m\u00e4\u00e4ss\u00e4 on esitetty jo satoja cover-hittej\u00e4. Kysyimme Annan <a href=\"https:\/\/www.facebook.com\/AnnaLehti\/posts\/pfbid0vCFTesbHxh2phqcgBeyVJvsiR7a4AaXuYhW8vPmUGwSe79mTt1d3tUrt8isw3TKRl\" type=\"link\" id=\"https:\/\/www.facebook.com\/AnnaLehti\/posts\/pfbid0vCFTesbHxh2phqcgBeyVJvsiR7a4AaXuYhW8vPmUGwSe79mTt1d3tUrt8isw3TKRl\" rel=\"nofollow noopener\" target=\"_blank\">Facebook-sivulla<\/a>, mik\u00e4 niist\u00e4 on paras. Kommentteja kertyi l\u00e4hes 300, ja tietyt kappaleet nousivat joukosta ylitse muiden.<\/p>\n<p><strong>Lue my\u00f6s: <\/strong><a href=\"https:\/\/anna.fi\/ihmiset\/viihde\/he-ovat-uudet-vain-elamaa-artistit-aanesta-kenen-paivaa-odotat-eniten\" type=\"link\" id=\"https:\/\/anna.fi\/ihmiset\/viihde\/he-ovat-uudet-vain-elamaa-artistit-aanesta-kenen-paivaa-odotat-eniten\" rel=\"nofollow noopener\" target=\"_blank\">He ovat uudet Vain el\u00e4m\u00e4\u00e4 -artistit! \u00c4\u00e4nest\u00e4, kenen p\u00e4iv\u00e4\u00e4 odotat eniten<\/a><\/p>\n<p>N\u00e4m\u00e4 viisi Vain el\u00e4m\u00e4\u00e4 -coveria ovat j\u00e4\u00e4neet syd\u00e4miin<\/p>\n<p><strong>Vesa-Matti Loiri<\/strong> oli mukana Vain el\u00e4m\u00e4\u00e4n kolmannella tuotantokaudella, jolla h\u00e4n esitti koskettavan tulkinnan Apulannan kappaleesta Armo. Kappale ei j\u00e4tt\u00e4nyt aikoinaan ket\u00e4\u00e4n kauden artisteista kuivin silmin, ja se liikutti my\u00f6s kotisohvilla jaksoa seuranneita.<\/p>\n<p>Loirin Armo ker\u00e4si Facebook-kyselyss\u00e4mme eniten mainintoja ja tykk\u00e4yksi\u00e4.<\/p>\n<p>\u201dViel\u00e4kin kun sit\u00e4 kuuntelen, kyyneleet tulevat\u201d, <strong>Eeva<\/strong> perustelee suosikkiaan.<\/p>\n<p>My\u00f6s nelj\u00e4 muuta Vain el\u00e4m\u00e4\u00e4 -coveria nousivat kommenteissa selkeiksi suosikeiksi.<\/p>\n<p><strong>Jenni Vartiaisen<\/strong> kaunis tulkinta <strong>Cheekin<\/strong> kappaleesta Keinu on monien mielest\u00e4 Vain el\u00e4m\u00e4\u00e4 -covereiden parhaimpia. Se ker\u00e4si Facebookissa lukuisia mainintoja ja syd\u00e4mi\u00e4. Kappale kuultiin ohjelman seitsem\u00e4nnell\u00e4 kaudella.<\/p>\n<p>Viidennen tuotantokauden suuriin hitteihin puolestaan kuului <strong>Mikko Kuustosen<\/strong> upea versiointi <strong>Hectorin <\/strong>Woyzeck-kappaleesta. Vaikuttava esitys muistetaan yh\u00e4.<\/p>\n<p>\u201dUskomaton veto, itkut tirautan joka kerta kun kuuntelen\u201d, <strong>Helin\u00e4<\/strong> kommentoi kappaletta.<\/p>\n<p>Eniten mainintoja saaneiden Vain el\u00e4m\u00e4\u00e4 -covereiden joukkoon kuului my\u00f6s <strong>Samu Haberin<\/strong> Hiljaisuus, joka esitettiin sarjan kuudennella tuotantokaudella <strong>Irinan <\/strong>p\u00e4iv\u00e4n\u00e4. Espanjassa Mondan linnassa kuultu koskettava esitys sai Irinan kyyneliin, ja se teki vaikutuksen my\u00f6s katsojiin.<\/p>\n<p>Ohjelman nelj\u00e4nnell\u00e4 kaudella p\u00e4\u00e4stiin tanssimaan, kun <strong>Antti Tuiskun<\/strong> esitti menev\u00e4n versio <strong>Vicky Rostin <\/strong>Sata salamaa -kappaleesta. Siit\u00e4kin tuli hitti, joka muistetaan yh\u00e4.<\/p>\n<p>\u201dAlkoi saman tien kuulumaan p\u00e4\u00e4ss\u00e4ni Sata salamaa ja Antti Tuisku, eli se on j\u00e4\u00e4nyt el\u00e4m\u00e4\u00e4n\u201d, <strong>Tarja <\/strong>kommentoi suosikkiaan.<\/p>\n<p><strong>Lue my\u00f6s Kotiliesi.fi:<\/strong> <a href=\"https:\/\/kotiliesi.fi\/ihmiset\/hector-annassa\/\" type=\"link\" id=\"https:\/\/kotiliesi.fi\/ihmiset\/hector-annassa\/\" target=\"_blank\" rel=\"noreferrer noopener nofollow\">Hector oli viel\u00e4 naimisissa, kun h\u00e4n hullaantui toisesta naisesta: \u201dRakastuin kuin teinipoika\u201d<\/a><\/p>\n<p>My\u00f6s n\u00e4m\u00e4 Vain el\u00e4m\u00e4\u00e4 -hitit ovat sarjan parhaimmistoa<\/p>\n<p>Annan Facebook-kyselyss\u00e4 mainittiin laaja kirjo Vain el\u00e4m\u00e4\u00e4 -kappaleita vuosien varrelta. Kommenteissa todettiin my\u00f6s, ett\u00e4 yht\u00e4 parasta kappaletta on mahdotonta valita, sill\u00e4 loistavia covereita on niin monta.<\/p>\n<p>Muun muassa seuraavat kymmenen kappaletta ovat Annan lukijoiden mielest\u00e4 ohjelman parhaimmistoa:<\/p>\n<ul class=\"wp-block-list\">\n<li><strong>Jannika B<\/strong> \u2013 Pyynt\u00f6 (versiointi Klamydian kappaleesta, kausi 11)<\/li>\n<li><strong>Lauri T\u00e4hk\u00e4<\/strong> \u2013 Blaablaa (versiointi Antti Tuiskun kappaleesta, kausi 10)<\/li>\n<li><strong>Samuli Edelmann<\/strong> \u2013 Teit meist\u00e4 kauniin (versiointi Apulannan kappaleesta, kausi 3)<\/li>\n<li><strong>Sanni<\/strong> \u2013 Kelpaat kelle vaan (versiointi <strong>Juha Tapion<\/strong> kappaleesta, kausi 7)<\/li>\n<li><strong>K\u00e4\u00e4rij\u00e4<\/strong> \u2013 Vantaalainen (versiointi Kuumaan kappaleesta, kausi 16)<\/li>\n<li><strong>Toni Wirtanen<\/strong> ja Jannika B \u2013 Evakon laulu (kausi 7)<\/li>\n<li><strong>Erin<\/strong> \u2013 M\u00e4 hiihd\u00e4n (versiointi Antti Tuiskun kappaleesta, kausi 10)<\/li>\n<li><strong>Stig<\/strong> \u2013 Kuningaskobra (versiointi <strong>Arja Korisevan<\/strong> kappaleesta, kausi 11)<\/li>\n<li><strong>Marko Hietala <\/strong>\u2013 M\u00f6rk\u00f6 Mainio (versiointi <strong>Hanna Pakarisen<\/strong> kappaleesta, kausi 15)<\/li>\n<li><strong>Anna Abreu<\/strong> \u2013 Kylm\u00e4st\u00e4 l\u00e4mpim\u00e4\u00e4n (versiointi <strong>Jukka Pojan<\/strong> kappaleesta, kausi 2)<\/li>\n<\/ul>\n<p>Mik\u00e4 Vain el\u00e4m\u00e4\u00e4 -kappaleista on oma suosikkisi?<\/p>\n<p>Mik\u00e4 suosituimmista Vain el\u00e4m\u00e4\u00e4 -kappaleista on sinun mielest\u00e4si paras? \u00c4\u00e4nest\u00e4 alla!<\/p>\n","protected":false},"excerpt":{"rendered":"Vain el\u00e4m\u00e4\u00e4 -ohjelmassa on kuultu lukuisia upeita covereita. Ellinooran versio Tuonelan koivuista esitettiin ohjelman 14. kaudella, ja sekin&hellip;\n","protected":false},"author":2,"featured_media":341146,"comment_status":"","ping_status":"","sticky":false,"template":"","format":"standard","meta":{"footnotes":"","_share_on_mastodon":"0"},"categories":[130],"tags":[137,33,31,30,32,139,571,4914,109],"class_list":["post-341145","post","type-post","status-publish","format-standard","has-post-thumbnail","category-viihde","tag-entertainment","tag-fi","tag-finland","tag-finnish","tag-suomi","tag-tv-ohjelmat","tag-tv-sarjat","tag-vain-elamaa","tag-viihde"],"share_on_mastodon":{"url":"https:\/\/pubeurope.com\/@fi\/117211784069426839","error":""},"_links":{"self":[{"href":"https:\/\/www.europesays.com\/fi\/wp-json\/wp\/v2\/posts\/341145","targetHints":{"allow":["GET"]}}],"collection":[{"href":"https:\/\/www.europesays.com\/fi\/wp-json\/wp\/v2\/posts"}],"about":[{"href":"https:\/\/www.europesays.com\/fi\/wp-json\/wp\/v2\/types\/post"}],"author":[{"embeddable":true,"href":"https:\/\/www.europesays.com\/fi\/wp-json\/wp\/v2\/users\/2"}],"replies":[{"embeddable":true,"href":"https:\/\/www.europesays.com\/fi\/wp-json\/wp\/v2\/comments?post=341145"}],"version-history":[{"count":0,"href":"https:\/\/www.europesays.com\/fi\/wp-json\/wp\/v2\/posts\/341145\/revisions"}],"wp:featuredmedia":[{"embeddable":true,"href":"https:\/\/www.europesays.com\/fi\/wp-json\/wp\/v2\/media\/341146"}],"wp:attachment":[{"href":"https:\/\/www.europesays.com\/fi\/wp-json\/wp\/v2\/media?parent=341145"}],"wp:term":[{"taxonomy":"category","embeddable":true,"href":"https:\/\/www.europesays.com\/fi\/wp-json\/wp\/v2\/categories?post=341145"},{"taxonomy":"post_tag","embeddable":true,"href":"https:\/\/www.europesays.com\/fi\/wp-json\/wp\/v2\/tags?post=341145"}],"curies":[{"name":"wp","href":"https:\/\/api.w.org\/{rel}","templated":true}]}}