{"id":341149,"date":"2026-09-04T08:20:13","date_gmt":"2026-09-04T08:20:13","guid":{"rendered":"https:\/\/www.europesays.com\/fi\/341149\/"},"modified":"2026-09-04T08:20:13","modified_gmt":"2026-09-04T08:20:13","slug":"kaksi-vesivoimalaitoksen-tyontekijaa-loytyi-elossa-nepalin-tulvien-jaljilta-uutisia-lyhyesti","status":"publish","type":"post","link":"https:\/\/www.europesays.com\/fi\/341149\/","title":{"rendered":"Kaksi vesivoimalaitoksen ty\u00f6ntekij\u00e4\u00e4 l\u00f6ytyi elossa Nepalin tulvien j\u00e4ljilt\u00e4 | Uutisia lyhyesti"},"content":{"rendered":"<p class=\"aw__sc-1qwuw0s-0 aw__sc-ngllmo-0 epAWpq fzYpjk yle__article__paragraph\">Nepalissa pelastusty\u00f6ntekij\u00e4t ovat l\u00f6yt\u00e4neet elossa kaksi ihmist\u00e4 viimeviikkoisen \u00e4kkitulvan j\u00e4ljilt\u00e4. Vesivoimalaitoksen ty\u00f6ntekij\u00e4t l\u00f6ydettiin tulvien ja maanvy\u00f6rymien j\u00e4ljilt\u00e4 hautautuneesta tunnelista l\u00e4hes kymmenen p\u00e4iv\u00e4\u00e4 tapahtuneen j\u00e4lkeen.<\/p>\n<p class=\"aw__sc-1qwuw0s-0 aw__sc-ngllmo-0 epAWpq fzYpjk yle__article__paragraph\">Pelastusty\u00f6ntekij\u00e4t kutsuivat miesten l\u00f6ytymist\u00e4 elossa ihmeeksi. Vesivoimalaitoksen ty\u00f6ntekij\u00f6it\u00e4 yh\u00e4 on kateissa satoja. Etsint\u00e4 ja pelastusoperaatiot jatkuvat.<\/p>\n<p class=\"aw__sc-1qwuw0s-0 aw__sc-ngllmo-0 epAWpq fzYpjk yle__article__paragraph\">Nepalin ja Kiinalle kuuluvan Tiibetin rajalle iskeneess\u00e4 \u00e4kkitulvassa kuoli yli 1 200 ihmist\u00e4. Kadoksissa on yh\u00e4 yli 5 000 ihmist\u00e4.<\/p>\n","protected":false},"excerpt":{"rendered":"Nepalissa pelastusty\u00f6ntekij\u00e4t ovat l\u00f6yt\u00e4neet elossa kaksi ihmist\u00e4 viimeviikkoisen \u00e4kkitulvan j\u00e4ljilt\u00e4. Vesivoimalaitoksen ty\u00f6ntekij\u00e4t l\u00f6ydettiin tulvien ja maanvy\u00f6rymien j\u00e4ljilt\u00e4 hautautuneesta&hellip;\n","protected":false},"author":2,"featured_media":341150,"comment_status":"","ping_status":"","sticky":false,"template":"","format":"standard","meta":{"footnotes":"","_share_on_mastodon":"0"},"categories":[14],"tags":[22,23,26,27,33,31,30,17,24,25,28,29,10513,15,837,18,21,857,32,19,20,56,16,59,60,61],"class_list":["post-341149","post","type-post","status-publish","format-standard","has-post-thumbnail","category-ulkomaat","tag-breaking-news","tag-breakingnews","tag-featured-news","tag-featurednews","tag-fi","tag-finland","tag-finnish","tag-headlines","tag-latest-news","tag-latestnews","tag-main-news","tag-mainnews","tag-nepal","tag-news","tag-onnettomuudet","tag-otsikot","tag-paauutiset","tag-pelastustoiminta","tag-suomi","tag-top-stories","tag-topstories","tag-ulkomaat","tag-uutiset","tag-world","tag-world-news","tag-worldnews"],"share_on_mastodon":{"url":"https:\/\/pubeurope.com\/@fi\/117211799818513527","error":""},"_links":{"self":[{"href":"https:\/\/www.europesays.com\/fi\/wp-json\/wp\/v2\/posts\/341149","targetHints":{"allow":["GET"]}}],"collection":[{"href":"https:\/\/www.europesays.com\/fi\/wp-json\/wp\/v2\/posts"}],"about":[{"href":"https:\/\/www.europesays.com\/fi\/wp-json\/wp\/v2\/types\/post"}],"author":[{"embeddable":true,"href":"https:\/\/www.europesays.com\/fi\/wp-json\/wp\/v2\/users\/2"}],"replies":[{"embeddable":true,"href":"https:\/\/www.europesays.com\/fi\/wp-json\/wp\/v2\/comments?post=341149"}],"version-history":[{"count":0,"href":"https:\/\/www.europesays.com\/fi\/wp-json\/wp\/v2\/posts\/341149\/revisions"}],"wp:featuredmedia":[{"embeddable":true,"href":"https:\/\/www.europesays.com\/fi\/wp-json\/wp\/v2\/media\/341150"}],"wp:attachment":[{"href":"https:\/\/www.europesays.com\/fi\/wp-json\/wp\/v2\/media?parent=341149"}],"wp:term":[{"taxonomy":"category","embeddable":true,"href":"https:\/\/www.europesays.com\/fi\/wp-json\/wp\/v2\/categories?post=341149"},{"taxonomy":"post_tag","embeddable":true,"href":"https:\/\/www.europesays.com\/fi\/wp-json\/wp\/v2\/tags?post=341149"}],"curies":[{"name":"wp","href":"https:\/\/api.w.org\/{rel}","templated":true}]}}