{"id":341157,"date":"2026-09-04T08:34:10","date_gmt":"2026-09-04T08:34:10","guid":{"rendered":"https:\/\/www.europesays.com\/fi\/341157\/"},"modified":"2026-09-04T08:34:10","modified_gmt":"2026-09-04T08:34:10","slug":"ryan-reynolds-rysayttaa-neuvostoliiton-takamaille-hauska-toimintakomedia-saapui-suoratoistoon","status":"publish","type":"post","link":"https:\/\/www.europesays.com\/fi\/341157\/","title":{"rendered":"Ryan Reynolds rys\u00e4ytt\u00e4\u00e4 Neuvostoliiton takamaille &#8211; hauska toimintakomedia saapui suoratoistoon"},"content":{"rendered":"<p class=\"wp-block-paragraph\">Apple TV -suoratoistopalvelun tilaajat voivat laittaa t\u00e4n\u00e4\u00e4n perjantaina 4. syyskuuta py\u00f6rim\u00e4\u00e4n uutuuselokuvan Mayday.<\/p>\n<p class=\"wp-block-paragraph\">Vuoteen 1987 sijoittuvan toimintakomedian p\u00e4\u00e4osissa n\u00e4hd\u00e4\u00e4n <strong>Ryan Reynolds<\/strong> ja <strong>Kenneth Branagh<\/strong>. Yhdysvaltalainen pilotti joutuu k\u00e4ytt\u00e4m\u00e4\u00e4n lentokoneensa heittoistuinta Neuvostoliiton ilmatilassa. Er\u00e4maassa h\u00e4n tutustuu entiseen KGB-agenttiin, joka sattuu olemaan my\u00f6s USA-fani ja lupautuu siksi auttamaan loukkaantuneen miehen pakoon vihollisalueelta.<\/p>\n<p>Lue my\u00f6s: <a href=\"https:\/\/www.episodi.fi\/uutiset\/nyt-apple-tvssa-jannittava-multiversumisarja-jatkuu-kakkoskausi-sukeltaa-vuoden-2016-alkuperaiskirjaa-syvemmalle\/\" title=\"Nyt Apple TV:ss\u00e4: J\u00e4nnitt\u00e4v\u00e4 multiversumisarja jatkuu \u2013 kakkoskausi sukeltaa vuoden 2016 alkuper\u00e4iskirjaa syvemm\u00e4lle\" class=\"underline-custom !font-heading !font-bold !underline-offset-4 !decoration-4 !decoration-accent !text-md\" rel=\"nofollow noopener\" target=\"_blank\">Nyt Apple TV:ss\u00e4: J\u00e4nnitt\u00e4v\u00e4 multiversumisarja jatkuu \u2013 kakkoskausi sukeltaa vuoden 2016 alkuper\u00e4iskirjaa syvemm\u00e4lle<\/a><\/p>\n<p>Lue my\u00f6s: <a href=\"https:\/\/www.episodi.fi\/uutiset\/kuka-jahtaa-gary-oldmanin-hylkioagenteja-panokset-ovat-kovat-slow-horses-agenttihitin-kutoskauden-trailerilla\/\" title=\"Kuka jahtaa Gary Oldmanin hylki\u00f6agenteja? Panokset ovat kovat Slow Horses -agenttihitin kutoskauden trailerilla\" class=\"underline-custom !font-heading !font-bold !underline-offset-4 !decoration-4 !decoration-accent !text-md\" rel=\"nofollow noopener\" target=\"_blank\">Kuka jahtaa Gary Oldmanin hylki\u00f6agenteja? Panokset ovat kovat Slow Horses -agenttihitin kutoskauden trailerilla<\/a><\/p>\n<p class=\"wp-block-paragraph\">Elokuvan ovat niin ohjanneet kuin k\u00e4sikirjoittaneetkin <strong>Jonathan Goldstein<\/strong> ja <strong>John Francis Daley<\/strong>. Ohjaaja-k\u00e4sikirjoittajaduo on ty\u00f6skennellyt yhdess\u00e4 aiemmin esimerkiksi seuraavien elokuvien parissa: Spider-Man: Homecoming, Game Night, Dungeons &amp; Dragons: Honor Among Thieves, Kaameat pomot.<\/p>\n<p class=\"wp-block-paragraph\">Reynoldsin ja Branaghin lis\u00e4ksi hupaisaa tarinaa t\u00e4hditt\u00e4v\u00e4t my\u00f6s <strong>Marcin Doroci\u0144ski<\/strong> (Mission: Impossible \u2013 Dead Reckoning, Musta kuningatar), Oscar-ehdokas <strong>Maria Bakalova<\/strong> (Borat Subsequent Moviefilm) ja <strong>David Morse<\/strong> (Vihre\u00e4 maili, House, The Hurt Locker).<\/p>\n<p class=\"wp-block-paragraph\">Kestoa tarinalla on 1 tunti ja 50 minuuttia.<\/p>\n<p>Lue my\u00f6s: <a href=\"https:\/\/www.episodi.fi\/uutiset\/nahdaanko-deadpool-myos-avengers-doomsdayssa-katso-video-ryan-reynoldsin-hauskasta-comic-con-yllatysvierailusta\/\" title=\"N\u00e4hd\u00e4\u00e4nk\u00f6 Deadpool my\u00f6s Avengers: Doomsdayssa? Katso video Ryan Reynoldsin hauskasta Comic Con -yll\u00e4tysvierailusta\" class=\"underline-custom !font-heading !font-bold !underline-offset-4 !decoration-4 !decoration-accent !text-md\" rel=\"nofollow noopener\" target=\"_blank\">N\u00e4hd\u00e4\u00e4nk\u00f6 Deadpool my\u00f6s Avengers: Doomsdayssa? Katso video Ryan Reynoldsin hauskasta Comic Con -yll\u00e4tysvierailusta<\/a><\/p>\n<p class=\"wp-block-paragraph\">Katso alta Maydayn virallinen traileri.<\/p>\n<p><img loading=\"lazy\" decoding=\"async\" alt=\"Youtube video\" width=\"480\" height=\"360\" data-pin-nopin=\"true\" nopin=\"nopin\" class=\"perfmatters-lazy\" src=\"https:\/\/www.europesays.com\/fi\/wp-content\/uploads\/2026\/09\/1788510850_763_hqdefault.jpg\"\/><\/p>\n","protected":false},"excerpt":{"rendered":"Apple TV -suoratoistopalvelun tilaajat voivat laittaa t\u00e4n\u00e4\u00e4n perjantaina 4. syyskuuta py\u00f6rim\u00e4\u00e4n uutuuselokuvan Mayday. Vuoteen 1987 sijoittuvan toimintakomedian p\u00e4\u00e4osissa&hellip;\n","protected":false},"author":2,"featured_media":341158,"comment_status":"","ping_status":"","sticky":false,"template":"","format":"standard","meta":{"footnotes":"","_share_on_mastodon":"0"},"categories":[136],"tags":[5097,407,137,33,31,30,408,18895,42062,2143,32,570,109],"class_list":["post-341157","post","type-post","status-publish","format-standard","has-post-thumbnail","category-julkkikset","tag-apple-tv","tag-celebrities","tag-entertainment","tag-fi","tag-finland","tag-finnish","tag-julkkikset","tag-kenneth-branagh","tag-mayday","tag-ryan-reynolds","tag-suomi","tag-suoratoisto","tag-viihde"],"share_on_mastodon":{"url":"https:\/\/pubeurope.com\/@fi\/117211854938862673","error":""},"_links":{"self":[{"href":"https:\/\/www.europesays.com\/fi\/wp-json\/wp\/v2\/posts\/341157","targetHints":{"allow":["GET"]}}],"collection":[{"href":"https:\/\/www.europesays.com\/fi\/wp-json\/wp\/v2\/posts"}],"about":[{"href":"https:\/\/www.europesays.com\/fi\/wp-json\/wp\/v2\/types\/post"}],"author":[{"embeddable":true,"href":"https:\/\/www.europesays.com\/fi\/wp-json\/wp\/v2\/users\/2"}],"replies":[{"embeddable":true,"href":"https:\/\/www.europesays.com\/fi\/wp-json\/wp\/v2\/comments?post=341157"}],"version-history":[{"count":0,"href":"https:\/\/www.europesays.com\/fi\/wp-json\/wp\/v2\/posts\/341157\/revisions"}],"wp:featuredmedia":[{"embeddable":true,"href":"https:\/\/www.europesays.com\/fi\/wp-json\/wp\/v2\/media\/341158"}],"wp:attachment":[{"href":"https:\/\/www.europesays.com\/fi\/wp-json\/wp\/v2\/media?parent=341157"}],"wp:term":[{"taxonomy":"category","embeddable":true,"href":"https:\/\/www.europesays.com\/fi\/wp-json\/wp\/v2\/categories?post=341157"},{"taxonomy":"post_tag","embeddable":true,"href":"https:\/\/www.europesays.com\/fi\/wp-json\/wp\/v2\/tags?post=341157"}],"curies":[{"name":"wp","href":"https:\/\/api.w.org\/{rel}","templated":true}]}}