{"id":341167,"date":"2026-09-04T08:46:11","date_gmt":"2026-09-04T08:46:11","guid":{"rendered":"https:\/\/www.europesays.com\/fi\/341167\/"},"modified":"2026-09-04T08:46:11","modified_gmt":"2026-09-04T08:46:11","slug":"tilastokeskuksen-tuoreet-palkkasummaluvut-huolestuttavat-ekonomisteja","status":"publish","type":"post","link":"https:\/\/www.europesays.com\/fi\/341167\/","title":{"rendered":"Tilastokeskuksen tuoreet palkkasummaluvut huolestuttavat ekonomisteja"},"content":{"rendered":"<p>Kiihtynyt inflaatio rokottaa nyt kansalaisten ostovoimaa.<\/p>\n<p><img decoding=\"async\" src=\"https:\/\/www.europesays.com\/fi\/wp-content\/uploads\/2026\/09\/1788511571_73_468.jpg\" alt=\"Hintojen nousu sy\u00f6 suomalaisten ostovoimaa.\" class=\"_Img_1rerz_1\" style=\"aspect-ratio:1920\/1080\" loading=\"eager\"\/><\/p>\n<p class=\"font-(family-name:--picture-caption-font-family) text-(length:--picture-caption-font-size) leading-(--picture-caption-leading) font-(--picture-caption-font-weight) text-(color:--picture-caption-color)\">Hintojen nousu sy\u00f6 suomalaisten ostovoimaa. Kuva:\u00a0Matti Pietola \/ HS<\/p>\n<p class=\"article-body mb-(--paragraph-margin-b) px-nof-16\">Tilastokeskus kertoi perjantai-aamuna huolestuttavia tietoja suomalaisten palkkojen kehityksest\u00e4.<\/p>\n<p class=\"article-body mb-(--paragraph-margin-b) px-nof-16\">Ty\u00f6p\u00e4iv\u00e4korjattu palkkasumma laski hein\u00e4kuussa suurimmalla osalla yksityist\u00e4 sektoria vuotta aikaisempaan verrattuna.<\/p>\n<p class=\"article-body mb-(--paragraph-margin-b) px-nof-16\">Palkkasumma laski yksityisen koulutuksen, rakentamisen ja yksityisen terveys- ja sosiaalipalveluiden ja kaupan toimialoilla.<\/p>\n<p class=\"article-body mb-(--paragraph-margin-b) px-nof-16\">Erityisen selv\u00e4\u00e4 laskua oli yksityisen koulutuksen (-4,4 %) ja rakentamisen (-2,4 %) toimialoilla.<\/p>\n<p class=\"article-body mb-(--paragraph-margin-b) px-nof-16\">L\u00e4hiTapiolan p\u00e4\u00e4ekonomisti <a class=\"font-bold underline-offset-[0.12em] [text-decoration:var(--person-link-text-decoration)] [text-decoration-color:var(--person-link-text-decoration-color)]!\" href=\"https:\/\/www.is.fi\/haku\/?query=Hannu%20Nummiaron\" rel=\"nofollow noopener\" target=\"_blank\">Hannu Nummiaron<\/a> mukaan yksityisen sektorin ja julkisen sektorin palkkakehityksen v\u00e4linen ero ei ennakoi hyv\u00e4\u00e4.<\/p>\n<p class=\"article-body mb-(--paragraph-margin-b) px-nof-16\">\u2013\u2009T\u00e4m\u00e4 ei p\u00e4\u00e4ty hyvin, Nummiaro toteaa viestipalvelu X:ss\u00e4.<\/p>\n<p class=\"article-body mb-(--paragraph-margin-b) px-nof-16\">My\u00f6s Kuntarahoituksen p\u00e4\u00e4ekonomisti <a class=\"font-bold underline-offset-[0.12em] [text-decoration:var(--person-link-text-decoration)] [text-decoration-color:var(--person-link-text-decoration-color)]!\" href=\"https:\/\/www.is.fi\/haku\/?query=Timo%20Vesala\" rel=\"nofollow noopener\" target=\"_blank\">Timo Vesala<\/a> kommentoi palkkakehityst\u00e4 viestipalvelu X:ss\u00e4. H\u00e4nen mukaansa kehitys on huolestuttava.<\/p>\n<p class=\"article-body mb-(--paragraph-margin-b) px-nof-16\">\u2013\u2009Ei hyv\u00e4. T\u00e4ss\u00e4 n\u00e4kyy nyt ne Hormuzin vaikutukset (korkeampi inflaatio).<\/p>\n<p class=\"article-body mb-(--paragraph-margin-b) px-nof-16\">Ilman ty\u00f6p\u00e4iv\u00e4korjausta koko talouden ty\u00f6p\u00e4iv\u00e4korjattu palkkasumma oli hein\u00e4kuussa 1,1 prosenttia suurempi kuin vuotta aiemmin.<\/p>\n<p class=\"article-body mb-(--paragraph-margin-b) px-nof-16\">Vaikka palkansaajien nimellinen ansiotaso on kasvanut, sy\u00f6 hintojen nousu osan palkankorotuksien tuomasta ostovoimasta.<\/p>\n<p class=\"article-body mb-(--paragraph-margin-b) px-nof-16\">Palkkasumma tarkoittaa yritysten maksamien bruttom\u00e4\u00e4r\u00e4isten palkkojen summaa. Ty\u00f6p\u00e4iv\u00e4korjaus ottaa huomioon arkip\u00e4ivien lukum\u00e4\u00e4r\u00e4n vaihtelun.<\/p>\n<p class=\"article-body mb-(--paragraph-margin-b) px-nof-16\">Palkkasummatiedot saadaan tulorekisterist\u00e4 sek\u00e4 Tilastokeskuksen myyntitiedustelusta.<\/p>\n","protected":false},"excerpt":{"rendered":"Kiihtynyt inflaatio rokottaa nyt kansalaisten ostovoimaa. Hintojen nousu sy\u00f6 suomalaisten ostovoimaa. Kuva:\u00a0Matti Pietola \/ HS Tilastokeskus kertoi perjantai-aamuna&hellip;\n","protected":false},"author":2,"featured_media":341168,"comment_status":"","ping_status":"","sticky":false,"template":"","format":"standard","meta":{"footnotes":"","_share_on_mastodon":"0"},"categories":[14],"tags":[22,23,26,27,33,31,30,17,34,24,25,28,29,15,18,21,32,19,20,56,16,59,60,61],"class_list":["post-341167","post","type-post","status-publish","format-standard","has-post-thumbnail","category-ulkomaat","tag-breaking-news","tag-breakingnews","tag-featured-news","tag-featurednews","tag-fi","tag-finland","tag-finnish","tag-headlines","tag-ilta-sanomat","tag-latest-news","tag-latestnews","tag-main-news","tag-mainnews","tag-news","tag-otsikot","tag-paauutiset","tag-suomi","tag-top-stories","tag-topstories","tag-ulkomaat","tag-uutiset","tag-world","tag-world-news","tag-worldnews"],"share_on_mastodon":{"url":"https:\/\/pubeurope.com\/@fi\/117211902565848871","error":""},"_links":{"self":[{"href":"https:\/\/www.europesays.com\/fi\/wp-json\/wp\/v2\/posts\/341167","targetHints":{"allow":["GET"]}}],"collection":[{"href":"https:\/\/www.europesays.com\/fi\/wp-json\/wp\/v2\/posts"}],"about":[{"href":"https:\/\/www.europesays.com\/fi\/wp-json\/wp\/v2\/types\/post"}],"author":[{"embeddable":true,"href":"https:\/\/www.europesays.com\/fi\/wp-json\/wp\/v2\/users\/2"}],"replies":[{"embeddable":true,"href":"https:\/\/www.europesays.com\/fi\/wp-json\/wp\/v2\/comments?post=341167"}],"version-history":[{"count":0,"href":"https:\/\/www.europesays.com\/fi\/wp-json\/wp\/v2\/posts\/341167\/revisions"}],"wp:featuredmedia":[{"embeddable":true,"href":"https:\/\/www.europesays.com\/fi\/wp-json\/wp\/v2\/media\/341168"}],"wp:attachment":[{"href":"https:\/\/www.europesays.com\/fi\/wp-json\/wp\/v2\/media?parent=341167"}],"wp:term":[{"taxonomy":"category","embeddable":true,"href":"https:\/\/www.europesays.com\/fi\/wp-json\/wp\/v2\/categories?post=341167"},{"taxonomy":"post_tag","embeddable":true,"href":"https:\/\/www.europesays.com\/fi\/wp-json\/wp\/v2\/tags?post=341167"}],"curies":[{"name":"wp","href":"https:\/\/api.w.org\/{rel}","templated":true}]}}