{"id":341173,"date":"2026-09-04T08:49:13","date_gmt":"2026-09-04T08:49:13","guid":{"rendered":"https:\/\/www.europesays.com\/fi\/341173\/"},"modified":"2026-09-04T08:49:13","modified_gmt":"2026-09-04T08:49:13","slug":"oulussa-on-puhtain-ilma-euroopan-kaupungeista-kotimaa","status":"publish","type":"post","link":"https:\/\/www.europesays.com\/fi\/341173\/","title":{"rendered":"Oulussa on puhtain ilma Euroopan kaupungeista | Kotimaa"},"content":{"rendered":"<p class=\"aw__sc-1qwuw0s-0 aw__sc-1vg2sqm-0 epAWpq ecELkD yle__article__paragraph\">T\u00e4m\u00e4n vuoden Euroopan ymp\u00e4rist\u00f6\u00adkeskuksen vertailussa Oulussa on edelleen ykk\u00f6nen. K\u00e4rki\u00adkymmenik\u00f6ss\u00e4 ovat my\u00f6s Jyv\u00e4skyl\u00e4, Tampere, Kuopio, Espoo ja Lahti.<\/p>\n<p><img decoding=\"async\" alt=\"py\u00f6r\u00f6baanan maalatut merkit tiess\u00e4\" src=\"https:\/\/www.europesays.com\/fi\/wp-content\/uploads\/2026\/09\/1599722444.jpeg\" class=\"aw__sc-dklauk-0 LPzKX\"\/><\/p>\n<p>Avaa kuvien katselu<\/p>\n<p>Yksi syy Oulun hyv\u00e4\u00e4n ilmanlaatuun ja p\u00e4\u00e4st\u00f6jen pienuuteen on se, ett\u00e4 kaupungissa py\u00f6r\u00e4ill\u00e4\u00e4n paljon ja py\u00f6r\u00e4teihin on panostettu. Kuvituskuva. Kuva: Marko V\u00e4\u00e4n\u00e4nen \/ Yle<\/p>\n<p class=\"aw__sc-1qwuw0s-0 aw__sc-ngllmo-0 epAWpq fzYpjk yle__article__paragraph\">Oulussa on Euroopan kaupunkien puhtain ilmanlaatu. Kunniamaininta tulee jo toista vuotta per\u00e4kk\u00e4in.<\/p>\n<p class=\"aw__sc-1qwuw0s-0 aw__sc-ngllmo-0 epAWpq fzYpjk yle__article__paragraph\">Euroopan ymp\u00e4rist\u00f6keskuksen (EEA) t\u00e4n\u00e4 vuonna p\u00e4ivitt\u00e4m\u00e4ss\u00e4 <a class=\"aw__sc-ngllmo-1 bTDnwX yle__article__link\" href=\"https:\/\/www.eea.europa.eu\/en\/topics\/in-depth\/air-pollution\/european-city-air-quality-viewer\" role=\"link\" rel=\"nofollow noopener\" target=\"_blank\">vertailussa <\/a>oli mukana 761 kaupunkia.<\/p>\n<p class=\"aw__sc-1qwuw0s-0 aw__sc-ngllmo-0 epAWpq fzYpjk yle__article__paragraph\">\u2013 Viime vuonna olimme ilmanlaadultaan<a class=\"aw__sc-ngllmo-1 bTDnwX yle__article__link\" href=\"https:\/\/yle.fi\/a\/74-20180849\" role=\"link\" rel=\"nofollow noopener\" target=\"_blank\"> Euroopan puhtain kaupunki ensimm\u00e4ist\u00e4 kertaa<\/a>, kertoo ymp\u00e4rist\u00f6tarkastaja <strong class=\"aw__sc-ngllmo-2 gdRrun yle__article__strong\">Karoliina Niskala<\/strong> Oulun seudun ymp\u00e4rist\u00f6toimesta.<\/p>\n<p class=\"aw__sc-1qwuw0s-0 aw__sc-ngllmo-0 epAWpq fzYpjk yle__article__paragraph\">Kymmenen parhaan joukkoon Suomesta ylsiv\u00e4t t\u00e4n\u00e4 vuonna my\u00f6s Jyv\u00e4skyl\u00e4, Tampere, Kuopio, Espoo ja Lahti.<\/p>\n<p class=\"aw__sc-1qwuw0s-0 aw__sc-ngllmo-0 epAWpq fzYpjk yle__article__paragraph\">Vertailussa kaupungit listattiin puhtaimmasta saastuneimpaan ep\u00e4puhtauksiin liittyv\u00e4n kuolleisuusriskin mukaan.<\/p>\n<p class=\"aw__sc-1qwuw0s-0 aw__sc-ngllmo-0 epAWpq fzYpjk yle__article__paragraph\">Niskalan mukaan vertailussa mukana on yli 50\u00a0000 asukkaan kaupunkeja ymp\u00e4ri Eurooppaa. Vertailuun p\u00e4\u00e4semisen kriteerin\u00e4 on my\u00f6s se, ett\u00e4 kaupungissa ylip\u00e4\u00e4t\u00e4\u00e4n mitataan ilmanlaatua.<\/p>\n<p class=\"aw__sc-1qwuw0s-0 aw__sc-ngllmo-0 epAWpq fzYpjk yle__article__paragraph\">Oulun kaupungin mukaan sen alueella on tehty asioita, jotka v\u00e4hent\u00e4v\u00e4t liikenteest\u00e4 ja l\u00e4mmityksest\u00e4 aiheutuvia p\u00e4\u00e4st\u00f6j\u00e4. Kaupungissa on laaja kaukol\u00e4mp\u00f6verkko sek\u00e4 hyv\u00e4t joukkoliikenneyhteydet. Lis\u00e4ksi Oulun py\u00f6r\u00e4teihin on panostettu.<\/p>\n<p class=\"aw__sc-1qwuw0s-0 aw__sc-ngllmo-0 epAWpq fzYpjk yle__article__paragraph\">Niin yksityis- kuin ammattiliikenteess\u00e4 on vaihdettu yh\u00e4 enenev\u00e4sti v\u00e4h\u00e4p\u00e4\u00e4st\u00f6isempiin polttoaineisiin, ja n\u00e4in ilmanlaatu on parantunut, kaupunki toteaa tiedotteessaan. My\u00f6s Oulun sijainti et\u00e4\u00e4ll\u00e4 Euroopan suurkaupungeista ja teollisuusalueista v\u00e4hent\u00e4\u00e4 ilmansaasteiden kaukokulkeutumista Ouluun asti.<\/p>\n<p class=\"aw__sc-1qwuw0s-0 aw__sc-ngllmo-0 epAWpq fzYpjk yle__article__paragraph\">Maailmanlaajuisesti joka kahdeksas kuolema on ilmansaasteista johtuva. Suomessa ilmansaasteiden aiheuttama kuolleisuusriski ei ole kuitenkaan kovin suuri.<\/p>\n<p class=\"aw__sc-1qwuw0s-0 aw__sc-ngllmo-0 epAWpq fzYpjk yle__article__paragraph\">Suomessa kolme sadasta tuhannesta kuolemasta aiheutuu ilmansaasteista, kun vastaava luku globaalisti on 12\u00a0500 kuolemaa.<\/p>\n","protected":false},"excerpt":{"rendered":"T\u00e4m\u00e4n vuoden Euroopan ymp\u00e4rist\u00f6\u00adkeskuksen vertailussa Oulussa on edelleen ykk\u00f6nen. K\u00e4rki\u00adkymmenik\u00f6ss\u00e4 ovat my\u00f6s Jyv\u00e4skyl\u00e4, Tampere, Kuopio, Espoo ja Lahti.&hellip;\n","protected":false},"author":2,"featured_media":341174,"comment_status":"","ping_status":"","sticky":false,"template":"","format":"standard","meta":{"footnotes":"","_share_on_mastodon":"0"},"categories":[117],"tags":[33,31,30,18043,71,72,758,476,952,728,3497,118,32,119,477,447],"class_list":["post-341173","post","type-post","status-publish","format-standard","has-post-thumbnail","category-luonto","tag-fi","tag-finland","tag-finnish","tag-ilman-epapuhtaudet","tag-kotimaa","tag-luonto","tag-luonto-ja-ymparisto","tag-nature","tag-oulu","tag-pohjois-pohjanmaa","tag-saastuminen","tag-science","tag-suomi","tag-tiede","tag-wildlife","tag-ymparisto"],"share_on_mastodon":{"url":"","error":""},"_links":{"self":[{"href":"https:\/\/www.europesays.com\/fi\/wp-json\/wp\/v2\/posts\/341173","targetHints":{"allow":["GET"]}}],"collection":[{"href":"https:\/\/www.europesays.com\/fi\/wp-json\/wp\/v2\/posts"}],"about":[{"href":"https:\/\/www.europesays.com\/fi\/wp-json\/wp\/v2\/types\/post"}],"author":[{"embeddable":true,"href":"https:\/\/www.europesays.com\/fi\/wp-json\/wp\/v2\/users\/2"}],"replies":[{"embeddable":true,"href":"https:\/\/www.europesays.com\/fi\/wp-json\/wp\/v2\/comments?post=341173"}],"version-history":[{"count":0,"href":"https:\/\/www.europesays.com\/fi\/wp-json\/wp\/v2\/posts\/341173\/revisions"}],"wp:featuredmedia":[{"embeddable":true,"href":"https:\/\/www.europesays.com\/fi\/wp-json\/wp\/v2\/media\/341174"}],"wp:attachment":[{"href":"https:\/\/www.europesays.com\/fi\/wp-json\/wp\/v2\/media?parent=341173"}],"wp:term":[{"taxonomy":"category","embeddable":true,"href":"https:\/\/www.europesays.com\/fi\/wp-json\/wp\/v2\/categories?post=341173"},{"taxonomy":"post_tag","embeddable":true,"href":"https:\/\/www.europesays.com\/fi\/wp-json\/wp\/v2\/tags?post=341173"}],"curies":[{"name":"wp","href":"https:\/\/api.w.org\/{rel}","templated":true}]}}