{"id":341185,"date":"2026-09-04T09:12:11","date_gmt":"2026-09-04T09:12:11","guid":{"rendered":"https:\/\/www.europesays.com\/fi\/341185\/"},"modified":"2026-09-04T09:12:11","modified_gmt":"2026-09-04T09:12:11","slug":"saapuuko-trump-haraldin-hautajaisiin-asiantuntija-kommentoi","status":"publish","type":"post","link":"https:\/\/www.europesays.com\/fi\/341185\/","title":{"rendered":"Saapuuko Trump Haraldin hautajaisiin? Asiantuntija kommentoi"},"content":{"rendered":"<p>Jos Donald Trump saapuu Haraldin hautajaisiin, turvatoimista tulee entist\u00e4 mittavammat, asiantuntija arvioi.<\/p>\n<p class=\"font-(family-name:--picture-caption-font-family) text-(length:--picture-caption-font-size) leading-(--picture-caption-leading) font-(--picture-caption-font-weight) text-(color:--picture-caption-color)\">Haraldin arkku siirrettiin maanantaina kuninkaallisen linnan kappeliin. Haraldin lapset ja lapsenlapset kantoivat arkkua.<\/p>\n<p class=\"article-body mb-(--paragraph-margin-b) px-nof-16\">Kuningas<a class=\"font-bold underline-offset-[0.12em] [text-decoration:var(--person-link-text-decoration)] [text-decoration-color:var(--person-link-text-decoration-color)]!\" href=\"https:\/\/www.is.fi\/haku\/?query=%20Haraldin\" rel=\"nofollow noopener\" target=\"_blank\"> Haraldin<\/a> hautajaisiin saapuu runsas m\u00e4\u00e4r\u00e4 arvovaltaisia vieraita. Spekulaatio k\u00e4y kiivaana siit\u00e4, saapuuko my\u00f6s Yhdysvaltain presidentti <a class=\"font-bold underline-offset-[0.12em] [text-decoration:var(--person-link-text-decoration)] [text-decoration-color:var(--person-link-text-decoration-color)]!\" href=\"https:\/\/www.is.fi\/haku\/?query=Donald%20Trump\" rel=\"nofollow noopener\" target=\"_blank\">Donald Trump <\/a>Norjaan.<\/p>\n<p class=\"article-body mb-(--paragraph-margin-b) px-nof-16\">Haraldin hautajaiset j\u00e4rjestet\u00e4\u00e4n keskiviikkona 9. syyskuuta Oslossa.<\/p>\n<p class=\"article-body mb-(--paragraph-margin-b) px-nof-16\">Norjalaislehti <a class=\"underline underline-offset-[0.12em] [text-decoration-thickness:var(--generic-link-underline-thickness)] [text-decoration-color:var(--generic-link-underline-color)] [text-decoration-skip-ink:var(--generic-link-underline-skip-ink)] break-words\" href=\"https:\/\/www.vg.no\/nyheter\/i\/QJOOE4\/kongens-gravferd-trump-kan-sende-melania\" rel=\"nofollow noopener\" target=\"_blank\">VG<\/a> on haastatellut Norjan ulkopoliittisen instituutin tutkijaa ja Oslon yliopiston professoria <a class=\"font-bold underline-offset-[0.12em] [text-decoration:var(--person-link-text-decoration)] [text-decoration-color:var(--person-link-text-decoration-color)]!\" href=\"https:\/\/www.is.fi\/haku\/?query=Marianne%20Riddervoldia\" rel=\"nofollow noopener\" target=\"_blank\">Marianne Riddervoldia<\/a> hautajaisten turvatoimista. H\u00e4nen mukaansa turvatoimien laajuus riippuu siit\u00e4, ketk\u00e4 saapuvat paikalle.<\/p>\n<p class=\"article-body mb-(--paragraph-margin-b) px-nof-16\">Jos Trump p\u00e4\u00e4tt\u00e4\u00e4 osallistua hautajaisiin, turvatoimien tarve kasvaa h\u00e4nen mukaansa \u201dvaltavasti\u201d.<\/p>\n<p class=\"article-body mb-(--paragraph-margin-b) px-nof-16\">Riddervold pit\u00e4\u00e4 Trumpin osallistumista ep\u00e4todenn\u00e4k\u00f6isen\u00e4.<\/p>\n<p class=\"article-body mb-(--paragraph-margin-b) px-nof-16\">\u2013 En usko, ett\u00e4 h\u00e4n tulee. H\u00e4nen pit\u00e4isi muuttaa tapaamisaikatauluaan pysty\u00e4kseen tulemaan, Riddervold sanoo.<\/p>\n<p class=\"article-body mb-(--paragraph-margin-b) px-nof-16\">Yksi asia puoltaisi Trumpin osallistumista.<\/p>\n<p class=\"article-body mb-(--paragraph-margin-b) px-nof-16\">\u2013 H\u00e4n pit\u00e4\u00e4 kuninkaallisista, loistosta ja n\u00e4ytt\u00e4vyydest\u00e4, joten ei ole mahdotonta, ett\u00e4 Trump ilmestyy paikalle, tutkija arvioi.<\/p>\n<p class=\"article-body mb-(--paragraph-margin-b) px-nof-16\">Trump on aiemmin kehunut Norjaa maan rikkaudesta ja norjalaisten urheilusuorituksista.<\/p>\n<p><img decoding=\"async\" src=\"https:\/\/www.europesays.com\/fi\/wp-content\/uploads\/2026\/09\/1788513130_604_468.jpg\" alt=\"Trumpin saapuminen Osloon lis\u00e4isi turvatoimien m\u00e4\u00e4r\u00e4\u00e4, asiantuntija arvioi.\" class=\"_Img_1rerz_1\" style=\"aspect-ratio:1920\/1280\" loading=\"eager\"\/><\/p>\n<p class=\"font-(family-name:--picture-caption-font-family) text-(length:--picture-caption-font-size) leading-(--picture-caption-leading) font-(--picture-caption-font-weight) text-(color:--picture-caption-color) picture-with-caption__caption picture-with-caption__caption--default-full\">Trumpin saapuminen Osloon lis\u00e4isi turvatoimien m\u00e4\u00e4r\u00e4\u00e4, asiantuntija arvioi. Kuva:\u00a0Samuel Corum \/ CNP via Zuma Press Wire<\/p>\n<p><img decoding=\"async\" src=\"https:\/\/www.europesays.com\/fi\/wp-content\/uploads\/2026\/09\/1788513130_926_468.jpg\" alt=\"Norjassa on muisteltu kuollutta kuningas Haraldia sankoin joukoin.\" class=\"_Img_1rerz_1\" style=\"aspect-ratio:1920\/1280\" loading=\"eager\"\/><\/p>\n<p class=\"font-(family-name:--picture-caption-font-family) text-(length:--picture-caption-font-size) leading-(--picture-caption-leading) font-(--picture-caption-font-weight) text-(color:--picture-caption-color) picture-with-caption__caption picture-with-caption__caption--default-full\">Norjassa on muisteltu kuollutta kuningas Haraldia sankoin joukoin. Kuva:\u00a0Janne Aaltonen \/ IS<\/p>\n<p class=\"article-body mb-(--paragraph-margin-b) px-nof-16\">Riddervoldin mukaan todenn\u00e4k\u00f6isint\u00e4 on, ett\u00e4 Trump l\u00e4hett\u00e4\u00e4 hautajaisiin korkea-arvoisen ministerin, kuten varapresidentti <a class=\"font-bold underline-offset-[0.12em] [text-decoration:var(--person-link-text-decoration)] [text-decoration-color:var(--person-link-text-decoration-color)]!\" href=\"https:\/\/www.is.fi\/haku\/?query=J.%20D.%20Vancen\" rel=\"nofollow noopener\" target=\"_blank\">J. D. Vancen<\/a> tai ulkoministeri <a class=\"font-bold underline-offset-[0.12em] [text-decoration:var(--person-link-text-decoration)] [text-decoration-color:var(--person-link-text-decoration-color)]!\" href=\"https:\/\/www.is.fi\/haku\/?query=Marco%20Rubion\" rel=\"nofollow noopener\" target=\"_blank\">Marco Rubion<\/a>.<\/p>\n<p class=\"article-body mb-(--paragraph-margin-b) px-nof-16\">\u2013 Vaihtoehtoisesti Trump voi l\u00e4hett\u00e4\u00e4 entisen presidentin tai ensimm\u00e4isen naisen Melanian, h\u00e4n toteaa.<\/p>\n<p class=\"article-body mb-(--paragraph-margin-b) px-nof-16\">Riddervold sanoo, ett\u00e4 Trump osallistuu monesti kuninkaallisiin tilaisuuksiin juuri puolisonsa <a class=\"font-bold underline-offset-[0.12em] [text-decoration:var(--person-link-text-decoration)] [text-decoration-color:var(--person-link-text-decoration-color)]!\" href=\"https:\/\/www.is.fi\/haku\/?query=Melania%20Trumpin\" rel=\"nofollow noopener\" target=\"_blank\">Melania Trumpin<\/a> kanssa.<\/p>\n<p class=\"article-body mb-(--paragraph-margin-b) px-nof-16\">\u2013 Jos h\u00e4n l\u00e4hett\u00e4\u00e4 Melanian, se viestii henkil\u00f6kohtaisemmasta p\u00e4\u00e4t\u00f6ksest\u00e4.<\/p>\n<p class=\"article-body mb-(--paragraph-margin-b) px-nof-16\">Hautajaisiin on saapumassa monia eurooppalaisten kuningashuoneiden edustajia ja valtionjohtoa eri puolilta maailmaa. Suomesta paikalle saapuu tasavallan presidentti <a class=\"font-bold underline-offset-[0.12em] [text-decoration:var(--person-link-text-decoration)] [text-decoration-color:var(--person-link-text-decoration-color)]!\" href=\"https:\/\/www.is.fi\/haku\/?query=Alexander%20Stubb\" rel=\"nofollow noopener\" target=\"_blank\">Alexander Stubb<\/a> puolisonsa <a class=\"font-bold underline-offset-[0.12em] [text-decoration:var(--person-link-text-decoration)] [text-decoration-color:var(--person-link-text-decoration-color)]!\" href=\"https:\/\/www.is.fi\/haku\/?query=Suzanne%20Innes-Stubbin\" rel=\"nofollow noopener\" target=\"_blank\">Suzanne Innes-Stubbin<\/a> kanssa.<\/p>\n<p class=\"article-body mb-(--paragraph-margin-b) px-nof-16\">Turvallisuusj\u00e4rjestelyt ovat joka tapauksessa j\u00e4re\u00e4t, saapui Trump tai ei. Riddervoldin mukaan kyseess\u00e4 on yksi suurimmista poliisioperaatioista, joita on koskaan n\u00e4hty Norjassa.<\/p>\n<p><img decoding=\"async\" src=\"https:\/\/www.europesays.com\/fi\/wp-content\/uploads\/2026\/09\/1788513131_140_468.jpg\" alt=\"Harald kuoli 89-vuotiaana.\" class=\"_Img_1rerz_1\" style=\"aspect-ratio:1920\/1280\" loading=\"eager\"\/><\/p>\n<p class=\"font-(family-name:--picture-caption-font-family) text-(length:--picture-caption-font-size) leading-(--picture-caption-leading) font-(--picture-caption-font-weight) text-(color:--picture-caption-color) picture-with-caption__caption picture-with-caption__caption--default-full\">Harald kuoli 89-vuotiaana. Kuva:\u00a0EPA\/FREDRIK VARFJELL<\/p>\n<p class=\"article-body mb-(--paragraph-margin-b) px-nof-16\">Hautajaisseremonia alkaa Oslossa 9. syyskuuta kello 13 Suomen aikaa.<\/p>\n<p class=\"article-body mb-(--paragraph-margin-b) px-nof-16\">Hautajaisp\u00e4iv\u00e4 alkaa l\u00e4himpien omaisten yksityisell\u00e4 hetkell\u00e4 linnankappelissa, kertoo uutistoimisto NTB.<\/p>\n<p class=\"article-body mb-(--paragraph-margin-b) px-nof-16\">Kuninkaan arkku kuljetetaan suuressa saattueessa kuninkaanlinnasta Oslon tuomiokirkkoon. Saattueeseen osallistuu kuningasperhe, Norjan valtion edustajia sek\u00e4 lukuisia vieraita Norjasta ja ulkomailta.<\/p>\n<p class=\"article-body mb-(--paragraph-margin-b) px-nof-16\">Reitin varrelle j\u00e4rjest\u00e4ytyy sotilaita kaikista puolustushaaroista.<\/p>\n<p class=\"article-body mb-(--paragraph-margin-b) px-nof-16\">Tuomiokirkossa j\u00e4rjestett\u00e4v\u00e4n seremonian j\u00e4lkeen arkkua seuraa uusi, huomattavasti pienempi saattue Akershusin linnankirkkoon. Siell\u00e4 pidet\u00e4\u00e4n yksityinen tilaisuus. Se on l\u00e4ht\u00f6kohtaisesti tarkoitettu perheelle, Euroopan kuningashuoneiden edustajille sek\u00e4 muutamille Norjan virallisille edustajille.<\/p>\n<p class=\"article-body mb-(--paragraph-margin-b) px-nof-16\">Akershusin linnankirkon alla oleva krypta on kuninkaan viimeinen leposija.<\/p>\n<p class=\"article-body mb-(--paragraph-margin-b) px-nof-16\">Harald kuoli perjantaina 28. elokuuta 89-vuotiaana.<\/p>\n","protected":false},"excerpt":{"rendered":"Jos Donald Trump saapuu Haraldin hautajaisiin, turvatoimista tulee entist\u00e4 mittavammat, asiantuntija arvioi. Haraldin arkku siirrettiin maanantaina kuninkaallisen linnan&hellip;\n","protected":false},"author":2,"featured_media":341186,"comment_status":"","ping_status":"","sticky":false,"template":"","format":"standard","meta":{"footnotes":"","_share_on_mastodon":"0"},"categories":[14],"tags":[22,23,26,27,33,31,30,17,34,24,25,28,29,15,18,21,32,19,20,56,16,59,60,61],"class_list":["post-341185","post","type-post","status-publish","format-standard","has-post-thumbnail","category-ulkomaat","tag-breaking-news","tag-breakingnews","tag-featured-news","tag-featurednews","tag-fi","tag-finland","tag-finnish","tag-headlines","tag-ilta-sanomat","tag-latest-news","tag-latestnews","tag-main-news","tag-mainnews","tag-news","tag-otsikot","tag-paauutiset","tag-suomi","tag-top-stories","tag-topstories","tag-ulkomaat","tag-uutiset","tag-world","tag-world-news","tag-worldnews"],"share_on_mastodon":{"url":"https:\/\/pubeurope.com\/@fi\/117212004711399178","error":""},"_links":{"self":[{"href":"https:\/\/www.europesays.com\/fi\/wp-json\/wp\/v2\/posts\/341185","targetHints":{"allow":["GET"]}}],"collection":[{"href":"https:\/\/www.europesays.com\/fi\/wp-json\/wp\/v2\/posts"}],"about":[{"href":"https:\/\/www.europesays.com\/fi\/wp-json\/wp\/v2\/types\/post"}],"author":[{"embeddable":true,"href":"https:\/\/www.europesays.com\/fi\/wp-json\/wp\/v2\/users\/2"}],"replies":[{"embeddable":true,"href":"https:\/\/www.europesays.com\/fi\/wp-json\/wp\/v2\/comments?post=341185"}],"version-history":[{"count":0,"href":"https:\/\/www.europesays.com\/fi\/wp-json\/wp\/v2\/posts\/341185\/revisions"}],"wp:featuredmedia":[{"embeddable":true,"href":"https:\/\/www.europesays.com\/fi\/wp-json\/wp\/v2\/media\/341186"}],"wp:attachment":[{"href":"https:\/\/www.europesays.com\/fi\/wp-json\/wp\/v2\/media?parent=341185"}],"wp:term":[{"taxonomy":"category","embeddable":true,"href":"https:\/\/www.europesays.com\/fi\/wp-json\/wp\/v2\/categories?post=341185"},{"taxonomy":"post_tag","embeddable":true,"href":"https:\/\/www.europesays.com\/fi\/wp-json\/wp\/v2\/tags?post=341185"}],"curies":[{"name":"wp","href":"https:\/\/api.w.org\/{rel}","templated":true}]}}