{"id":341187,"date":"2026-09-04T09:13:12","date_gmt":"2026-09-04T09:13:12","guid":{"rendered":"https:\/\/www.europesays.com\/fi\/341187\/"},"modified":"2026-09-04T09:13:12","modified_gmt":"2026-09-04T09:13:12","slug":"oulun-vanhusraiskaajaa-syytetaan-kolmannesta-raiskauksesta-ministeri-tyrmistyi-ulos","status":"publish","type":"post","link":"https:\/\/www.europesays.com\/fi\/341187\/","title":{"rendered":"Oulun vanhusraiskaajaa syytet\u00e4\u00e4n kolmannesta raiskauksesta \u2013 Ministeri tyrmistyi: \u201dUlos\u201d"},"content":{"rendered":"<p>Nahom Hagos, 29, on syytettyn\u00e4 jo kolmannesta raiskauksesta.<\/p>\n<p><img decoding=\"async\" class=\"image image-show image-preview\" src=\"https:\/\/www.europesays.com\/fi\/wp-content\/uploads\/2026\/09\/261035bee74bac64afed4ccd854e9c3c29a0f8314f82612d071c7cf498e906dd.jpg\" alt=\"\"\/><img decoding=\"async\" class=\"image image-show\" src=\"https:\/\/www.europesays.com\/fi\/wp-content\/uploads\/2026\/09\/1788513192_589_261035bee74bac64afed4ccd854e9c3c29a0f8314f82612d071c7cf498e906dd.jpg\" alt=\"\"\/><\/p>\n<p>Nahom Hagos tuomittiin 4,5 vuoden vankeusrangaistukseen Oulun k\u00e4r\u00e4j\u00e4oikeudessa 2020. Raiskasi vanhuksen Oulussa pyykkituvassa. Aleksanteri Pikkarainen<\/p>\n<p class=\"paragraph\">Oulussa vanhuksen raiskannut <strong>Nahom Hagos<\/strong>, 29, on j\u00e4lleen oikeudessa ep\u00e4illyn raiskauksen takia.<\/p>\n<p class=\"paragraph\">Kyse on jo kolmannesta raiskauksesta, josta Hagosia syytet\u00e4\u00e4n. Asiasta ensimm\u00e4isen\u00e4 uutisoineen <a href=\"https:\/\/www.mtvuutiset.fi\/artikkeli\/85-vuotiaan-pyykkituvassa-raiskannut-mies-taas-oikeudessa-syytetaan-jo-kolmannesta-raiskauksesta\/9387370\" target=\"_blank\" rel=\"noopener nofollow\">MTV:n<\/a> mukaan ep\u00e4ilty raiskaus on tapahtunut huhtikuussa 2023 Oulun Toppilassa. Ep\u00e4ilty rikos tapahtui Hagosin ollessa ehdonalaisen vapauden koeajalla.<\/p>\n<p class=\"paragraph\">Oulun k\u00e4r\u00e4j\u00e4oikeus k\u00e4sitteli syytett\u00e4 torstaina 3. syyskuuta. MTV:n mukaan Hagos osallistui istuntoon videoyhteydell\u00e4 Helsingin vankilasta.<\/p>\n<p class=\"paragraph\">Tuomio asiassa annetaan my\u00f6hemmin.<\/p>\n<p class=\"paragraph\">Hagosin kolmas raiskaussyyte on tyrmistytt\u00e4nyt sosiaalisessa mediassa. Kantaa tapaukseen on ottanut muun muassa valtiovarainministeri <strong>Riikka Purra<\/strong> (ps).<\/p>\n<p class=\"paragraph\">\u2013 J\u00e4rkytt\u00e4v\u00e4\u00e4! Miten turvaa ja suojelua maasta saanut voi toimia t\u00e4ll\u00e4 tavalla! Ihan oikeastiko n\u00e4it\u00e4 tapauksia ei kaikkien mielest\u00e4 kuuluisi l\u00e4hett\u00e4\u00e4 t\u00e4st\u00e4 maasta ulos? Yhteen suuntaan: ulos. Kotimaa kutsuu. Miksi kukaan vastustaisi sellaista? Purra kirjoittaa.<\/p>\n<p class=\"paragraph\">Sis\u00e4ministeri <strong>Mari Rantanen<\/strong> (ps) on jakanut Purran p\u00e4ivityksen, mutta h\u00e4nell\u00e4 ei ole julkaisukelpoista sanottavaa asiasta.<\/p>\n<p class=\"paragraph\">Viel\u00e4 viime vuonna <a href=\"https:\/\/www.iltalehti.fi\/politiikka\/df83be33-fbfe-4cbf-8ab4-d7b7a47c5ad5\" rel=\"nofollow noopener\" target=\"_blank\">Rantanen kehuskeli<\/a>, ett\u00e4 hallituksen tekem\u00e4t lakimuutokset ovat helpottaneet maastapoistoja.<\/p>\n<p>Raiskasi vanhuksen<\/p>\n<p class=\"paragraph\">Hagos on tuomittu aiemmin kahdesta seksuaalirikoksesta.<\/p>\n<p class=\"paragraph\">Ensimm\u00e4inen teko tapahtui vuonna 2019 Oulussa, kun Hagos oli 22-vuotias. H\u00e4n raiskasi 86-vuotiaan naisen ter\u00e4aseella uhaten ja v\u00e4kivaltaa k\u00e4ytt\u00e4en oululaisen kerrostalon pyykkituvassa.<\/p>\n<p class=\"paragraph\">Uhrilta muun muassa murtui kylkiluu, ja h\u00e4n joutui kahdeksi vuodeksi sairaalahoitoon.<\/p>\n<p class=\"paragraph\">Hagos oli asunut talossa vain v\u00e4h\u00e4n aikaa.<\/p>\n<p class=\"paragraph\">Oulun k\u00e4r\u00e4j\u00e4oikeus tuomitsi Hagosin nelj\u00e4ksi ja puoleksi vuodeksi vankeuteen t\u00f6rke\u00e4st\u00e4 raiskauksesta. H\u00e4net m\u00e4\u00e4r\u00e4ttiin korvaamaan uhrille 4\u202f000 euroa kivusta, s\u00e4ryst\u00e4 ja muusta tilap\u00e4isest\u00e4 haitasta sek\u00e4 7\u202f000 euroa henkisest\u00e4 k\u00e4rsimyksest\u00e4.<\/p>\n<p class=\"paragraph\">Hagos valitti tuomiosta Rovaniemen hovioikeuteen, joka piti tuomion ennallaan.<\/p>\n<p>Hovioikeus alensi<\/p>\n<p class=\"paragraph\">Tammikuussa 2022 Hagos p\u00e4\u00e4si ehdonalaiseen vapauteen, jonka koeaika olisi p\u00e4\u00e4ttynyt huhtikuussa 2024.<\/p>\n<p class=\"paragraph\">H\u00e4n ehti olla vapaudessa reilun vuoden, kunnes raiskasi uudestaan kes\u00e4kuussa 2023 Oulussa. H\u00e4n l\u00f6i ennest\u00e4\u00e4n tuntematonta naista avok\u00e4mmenell\u00e4 kasvoihin, uhkasi tappaa ja pakotti naisen sukupuoliyhteyteen.<\/p>\n<p class=\"paragraph\">K\u00e4r\u00e4j\u00e4oikeus tuomitsi Hagosin raiskauksesta. T\u00e4yt\u00e4nt\u00f6\u00f6npantavaksi m\u00e4\u00e4r\u00e4tyn j\u00e4\u00e4nn\u00f6srangaistuksen kanssa tuomio oli kolme vuotta vankeutta. Hovioikeus alensi tuomion kahteen vuoteen ja yhdeks\u00e4\u00e4n kuukauteen.<\/p>\n<p class=\"paragraph\">Vapautumisensa j\u00e4lkeen Hagos rikkoi ehdonalaisen valvonnan m\u00e4\u00e4r\u00e4yksi\u00e4, mink\u00e4 vuoksi h\u00e4net tuomittiin 14 p\u00e4iv\u00e4ksi vankilaan. H\u00e4net on tuomittu lukuisia kertoja my\u00f6s n\u00e4pistyksist\u00e4.<\/p>\n","protected":false},"excerpt":{"rendered":"Nahom Hagos, 29, on syytettyn\u00e4 jo kolmannesta raiskauksesta. Nahom Hagos tuomittiin 4,5 vuoden vankeusrangaistukseen Oulun k\u00e4r\u00e4j\u00e4oikeudessa 2020. Raiskasi&hellip;\n","protected":false},"author":2,"featured_media":341188,"comment_status":"","ping_status":"","sticky":false,"template":"","format":"standard","meta":{"footnotes":"","_share_on_mastodon":"0"},"categories":[12],"tags":[35,22,23,26,27,33,31,30,17,2288,24,25,28,29,15,977,976,18,21,38,32,19,20,1727,16],"class_list":["post-341187","post","type-post","status-publish","format-standard","has-post-thumbnail","category-suomi","tag-24h","tag-breaking-news","tag-breakingnews","tag-featured-news","tag-featurednews","tag-fi","tag-finland","tag-finnish","tag-headlines","tag-karajaoikeus","tag-latest-news","tag-latestnews","tag-main-news","tag-mainnews","tag-news","tag-oikeusistuimet","tag-oikeusprosessit","tag-otsikot","tag-paauutiset","tag-rikos","tag-suomi","tag-top-stories","tag-topstories","tag-tuomiot","tag-uutiset"],"share_on_mastodon":{"url":"https:\/\/pubeurope.com\/@fi\/117212008576325302","error":""},"_links":{"self":[{"href":"https:\/\/www.europesays.com\/fi\/wp-json\/wp\/v2\/posts\/341187","targetHints":{"allow":["GET"]}}],"collection":[{"href":"https:\/\/www.europesays.com\/fi\/wp-json\/wp\/v2\/posts"}],"about":[{"href":"https:\/\/www.europesays.com\/fi\/wp-json\/wp\/v2\/types\/post"}],"author":[{"embeddable":true,"href":"https:\/\/www.europesays.com\/fi\/wp-json\/wp\/v2\/users\/2"}],"replies":[{"embeddable":true,"href":"https:\/\/www.europesays.com\/fi\/wp-json\/wp\/v2\/comments?post=341187"}],"version-history":[{"count":0,"href":"https:\/\/www.europesays.com\/fi\/wp-json\/wp\/v2\/posts\/341187\/revisions"}],"wp:featuredmedia":[{"embeddable":true,"href":"https:\/\/www.europesays.com\/fi\/wp-json\/wp\/v2\/media\/341188"}],"wp:attachment":[{"href":"https:\/\/www.europesays.com\/fi\/wp-json\/wp\/v2\/media?parent=341187"}],"wp:term":[{"taxonomy":"category","embeddable":true,"href":"https:\/\/www.europesays.com\/fi\/wp-json\/wp\/v2\/categories?post=341187"},{"taxonomy":"post_tag","embeddable":true,"href":"https:\/\/www.europesays.com\/fi\/wp-json\/wp\/v2\/tags?post=341187"}],"curies":[{"name":"wp","href":"https:\/\/api.w.org\/{rel}","templated":true}]}}