{"id":341191,"date":"2026-09-04T09:15:21","date_gmt":"2026-09-04T09:15:21","guid":{"rendered":"https:\/\/www.europesays.com\/fi\/341191\/"},"modified":"2026-09-04T09:15:21","modified_gmt":"2026-09-04T09:15:21","slug":"saaennuste-luonto-raivoaa-liettuassa-tana-viikonloppuna","status":"publish","type":"post","link":"https:\/\/www.europesays.com\/fi\/341191\/","title":{"rendered":"S\u00e4\u00e4ennuste: Luonto raivoaa Liettuassa t\u00e4n\u00e4 viikonloppuna"},"content":{"rendered":"<p class=\"wp-block-paragraph\">Pohjois-Euroopan yll\u00e4 aktiivinen syklonij\u00e4rjestelm\u00e4 jatkaa vahvistumistaan \u200b\u200bja laajentaa vaikutusvaltaansa Keski- ja It\u00e4-Eurooppaan. Liettua pysyy toistaiseksi t\u00e4m\u00e4n tuulisen j\u00e4rjestelm\u00e4n etel\u00e4- ja lounaisosassa, ja tulevina p\u00e4ivin\u00e4 luvassa on j\u00e4lleen vaihtelevaa ja sateista s\u00e4\u00e4t\u00e4.<\/p>\n<p class=\"wp-block-paragraph\">S\u00e4\u00e4ennuste viikonlopulle ja ensi viikolle jakoi s\u00e4\u00e4ennusteilija Elvyra Latv\u0117nait\u0117.<\/p>\n<p>Perjantai: Sykloni Ursel II ja uusia sateita<\/p>\n<p class=\"wp-block-paragraph\">Pieni sykloni nimelt\u00e4 Ursel II kulkee Keski-Baltian l\u00e4pi seuraavan 24 tunnin aikana.<\/p>\n<p>Lue my\u00f6s<a class=\"miv-ax-rel-link\" href=\"https:\/\/madeinvilnius.lt\/fi\/uutiset\/rajonas\/Vilnan-alueella-on-avattu-uusi-57-miljoonan-euron-arvoinen-kulttuurikeskus.\/\" rel=\"nofollow noopener\" target=\"_blank\">Vilnan alueelle on avattu uusi 5,7 miljoonan euron arvoinen kulttuurikeskus<\/a><a class=\"miv-ax-rel-link\" href=\"https:\/\/madeinvilnius.lt\/fi\/liiketoimintaa\/Vilnan-tori\/Vilnan-MBA-tehtaan-tilanne-paljastui%3A-j%C3%A4tteet-olivat-tukkineet-jopa-ajotiet.\/\" rel=\"nofollow noopener\" target=\"_blank\">Vilnan MBA-tehtaan tilanne paljastui: j\u00e4te oli tukkinut jopa kulkutiet<\/a><\/p>\n<p class=\"wp-block-paragraph\">&#8221;Hei kaikki t\u00e4n\u00e4 raikkaana p\u00e4iv\u00e4n\u00e4. Pohjois-Euroopan yll\u00e4 vallitseva enemm\u00e4n tai v\u00e4hemm\u00e4n myrskyis\u00e4 tai sateinen syklonij\u00e4rjestelm\u00e4 t\u00e4ydentyy jatkuvasti uusilla py\u00f6rteill\u00e4, voimistuu ja laajenee yh\u00e4 kauemmas Keski- ja It\u00e4-Eurooppaan. Baltia ja Liettua ovat toistaiseksi etel\u00e4isess\u00e4, my\u00f6hemmin lounaisessa, melko tuulisessa osassa. Perjantaina pieni sykloni Ursel II kulkee Keski-Baltian l\u00e4pi, sen ilmakeh\u00e4n rintamapilvet tuovat j\u00e4lleen sadetta&#8221;, sanoo E. Latv\u0117nait\u0117.<\/p>\n<p>Lauantai ja sunnuntai: tuulista, ukkosmyrskyj\u00e4 ja sateista viikonloppuna<\/p>\n<p class=\"wp-block-paragraph\">Viikonlopun s\u00e4\u00e4 ei ole kovin hyv\u00e4 juhlijoille tai ulkoilmatapahtumia suunnitteleville, mutta oikeaa sienestyshetke\u00e4 odottavat ovat tyytyv\u00e4isi\u00e4.<\/p>\n<p class=\"wp-block-paragraph\">&#8221;Lauantaina ja sunnuntaina sykloni jatkaa liikkumistaan, joten tuuli puhaltaa edelleen meit\u00e4 kohti, joskus melkoisesti, ja lauantaina se puhaltaa viel\u00e4 voimakkaammin rannikkoa pitkin. Ukkosmyrskyt jatkavat jyrisemist\u00e4\u00e4n, joskus jopa rajummin, joten pieni\u00e4 j\u00e4\u00e4puikkoja saattaa pudota uudelleen paikoin. Viikonloppu on siis surullinen juhlijoille tai tapahtumiin valmistautuneille. Ehk\u00e4 vain sienest\u00e4jille ja luonnon yst\u00e4ville myrskyt eiv\u00e4t ole ongelma&#8221;, ennusteenantaja toteaa.<\/p>\n<p>Maanantai-tiistai: lyhyt heng\u00e4hdystauko ja helteenpurkaus<\/p>\n<p class=\"wp-block-paragraph\">Myrskyis\u00e4 luonto pehmenee tilap\u00e4isesti uuden viikon alussa ja antaa sinun heng\u00e4ht\u00e4\u00e4.<\/p>\n<p class=\"wp-block-paragraph\">&#8221;Viikonloppuna raivonnut luonto rauhoittuu maanantaina ja tiistaina \u2013 tuulen lis\u00e4ksi my\u00f6s sade lakkaa, ja tiistaista alkaen etel\u00e4st\u00e4 virtaa sis\u00e4\u00e4n entist\u00e4 l\u00e4mpim\u00e4mp\u00e4\u00e4 ilmaa. Mutta vain lyhyeksi ajaksi&#8221;, ennustaa E. Latv\u0117nait\u0117.<\/p>\n<p>Keskiviikosta alkaen: uusia sykloneja ja tulevaa viilenemist\u00e4<\/p>\n<p class=\"wp-block-paragraph\">Hyv\u00e4 mieli ei kest\u00e4 kauaa &#8211; sateet palaavat maahan viikon puoliv\u00e4liss\u00e4, ja my\u00f6hemmin tunnemme s\u00e4\u00e4n viilentymist\u00e4 selvemmin.<\/p>\n<p class=\"wp-block-paragraph\">&#8221;Keskiviikosta alkaen sateisempien syklonien pit\u00e4isi j\u00e4lleen saavuttaa Skandinavia ja Baltian maat tuoden sadetta ensin paikoin ja sitten toisaalla. Torstaista alkaen on viile\u00e4mp\u00e4\u00e4, etenkin \u00f6isin&#8221;, h\u00e4n sanoo.<\/p>\n<p>Viikon s\u00e4\u00e4ennuste<\/p>\n<p class=\"gt-block wp-block-paragraph\"><strong>Perjantaina 4. syyskuuta<\/strong> y\u00f6ll\u00e4 raskaat, tyynet ja jatkuvat sadepilvet liikkuvat l\u00e4nnest\u00e4 it\u00e4\u00e4n Liettuan halki. Y\u00f6n alussa ne kastelevat runsaammin l\u00e4ntist\u00e4 ja luoteisaluetta, ja l\u00e4nsiosassa esiintyy my\u00f6s ukkosmyrskyj\u00e4. Aamulla ja p\u00e4iv\u00e4ll\u00e4 sataa ajoittain, iltap\u00e4iv\u00e4ll\u00e4 sataa paikoin rankasti ja ukkosmyrskyjen kera. Illalla rankkasade saavuttaa j\u00e4lleen l\u00e4nsialueet ja siirtyy pidemm\u00e4lle Liettuan halki. Tuuli y\u00f6ll\u00e4 etel\u00e4st\u00e4, aamulla lounaasta lounaaseen, p\u00e4iv\u00e4ll\u00e4 l\u00e4nnest\u00e4, illalla etel\u00e4st\u00e4 7-12 m\/s, puuskissa 15-18 m\/s. Y\u00f6ll\u00e4 13-16\u00b0C, l\u00e4mpimin rannikolla, p\u00e4iv\u00e4ll\u00e4 17-20\u00b0C.<\/p>\n<p class=\"gt-block wp-block-paragraph\"><strong>Lauantaina 5. syyskuuta<\/strong> y\u00f6ll\u00e4 sataa rauhallisesti ja yht\u00e4jaksoisesti. Y\u00f6n alkupuoliskolla sataa rankasti. Rankkasade on luoteisreunamilla ja pohjoisilla alueilla. Aamulla ja p\u00e4iv\u00e4ll\u00e4 on ajoittain sadetta, joka on paikoin rankempaa, p\u00e4\u00e4asiassa etel\u00e4isill\u00e4 alueilla. Ukkoskuuroja ja pieni\u00e4 j\u00e4\u00e4puikkoja voi sataa paikoin. Tuuli l\u00e4nnest\u00e4 ja lounaasta 8-13 m\/s, puuskissa 15-20 m\/s, rannikolla l\u00e4nnest\u00e4 ja luoteesta jopa 21-23 m\/s. Y\u00f6ll\u00e4 11-13\u00b0C, rannikolla noin 15\u00b0C, p\u00e4iv\u00e4ll\u00e4 14-18\u00b0C.<\/p>\n<p class=\"gt-block wp-block-paragraph\"><strong>Sunnuntai 6. syyskuuta.<\/strong> Y\u00f6ll\u00e4 ajoittaista sadetta p\u00e4\u00e4asiassa l\u00e4nsi- ja luoteisosissa sek\u00e4 it\u00e4laidalla. P\u00e4iv\u00e4ll\u00e4 lyhyit\u00e4 sadekuuroja ja ukkoskuuroja esiintyy monin paikoin, ja pieni j\u00e4\u00e4puikko saattaa my\u00f6s hyp\u00e4t\u00e4 ilmaan. Tuuli y\u00f6ll\u00e4 l\u00e4nnest\u00e4 8-13 m\/s, puuskissa 15-17 m\/s, rannikolla jopa 20 m\/s, p\u00e4iv\u00e4ll\u00e4 luoteesta 7-12 m\/s, puuskissa 15-18 m\/s, voimakkaampaa p\u00e4iv\u00e4n alussa. Y\u00f6ll\u00e4 9-12\u00b0C, rannikolla 13-15\u00b0C, p\u00e4iv\u00e4ll\u00e4 16-19\u00b0C.<\/p>\n<p class=\"gt-block wp-block-paragraph\"><strong>Maanantai 7. syyskuuta.<\/strong> Ei sada. Tuuli l\u00e4nnest\u00e4 6-11 m\/s. Y\u00f6ll\u00e4 8-11\u00b0C, rannikolla 12-16\u00b0C, p\u00e4iv\u00e4ll\u00e4 18-22\u00b0C.<\/p>\n<p class=\"gt-block wp-block-paragraph\"><strong>Tiistai 8. syyskuuta<\/strong> , y\u00f6ll\u00e4 ei sada, p\u00e4iv\u00e4ll\u00e4 ei merkitt\u00e4vi\u00e4 sateita. Tuuli vaihtelevaa y\u00f6ll\u00e4 4-8 m\/s, p\u00e4iv\u00e4ll\u00e4 etel\u00e4st\u00e4 6-11 m\/s. Y\u00f6ll\u00e4 8-12\u00b0C, p\u00e4iv\u00e4ll\u00e4 19-24\u00b0C, l\u00e4mpimint\u00e4 etel\u00e4ss\u00e4.<\/p>\n<p class=\"gt-block wp-block-paragraph\"><strong>Keskiviikko 9. syyskuuta.<\/strong> Sadetta, vain paikoin ja ajoittain p\u00e4iv\u00e4ll\u00e4. Tuuli etel\u00e4st\u00e4 y\u00f6ll\u00e4 4-8 m\/s, p\u00e4iv\u00e4ll\u00e4 6-11 m\/s. Y\u00f6ll\u00e4 12-15\u00b0C, p\u00e4iv\u00e4ll\u00e4 18-23\u00b0C.<\/p>\n<p class=\"gt-block wp-block-paragraph\"><strong>Torstai 10. syyskuuta.<\/strong> Ajoittain sadetta, enimm\u00e4kseen p\u00e4iv\u00e4ll\u00e4, ja j\u00e4lleen ukkoskuurojen kera. Tuuli etel\u00e4st\u00e4 ja lounaasta 7-12 m\/s, puuskissa jopa 15 m\/s, rannikolla puuskissa jopa 17 m\/s. Y\u00f6ll\u00e4 12-15\u00b0C, p\u00e4iv\u00e4ll\u00e4 17-21\u00b0C.<\/p>\n","protected":false},"excerpt":{"rendered":"Pohjois-Euroopan yll\u00e4 aktiivinen syklonij\u00e4rjestelm\u00e4 jatkaa vahvistumistaan \u200b\u200bja laajentaa vaikutusvaltaansa Keski- ja It\u00e4-Eurooppaan. Liettua pysyy toistaiseksi t\u00e4m\u00e4n tuulisen j\u00e4rjestelm\u00e4n&hellip;\n","protected":false},"author":2,"featured_media":341192,"comment_status":"","ping_status":"","sticky":false,"template":"","format":"standard","meta":{"footnotes":"","_share_on_mastodon":"0"},"categories":[117],"tags":[42066,33,31,30,72,476,36094,42067,118,32,119,477],"class_list":["post-341191","post","type-post","status-publish","format-standard","has-post-thumbnail","category-luonto","tag-audra","tag-fi","tag-finland","tag-finnish","tag-luonto","tag-nature","tag-naujiena","tag-ruduo","tag-science","tag-suomi","tag-tiede","tag-wildlife"],"share_on_mastodon":{"url":"https:\/\/pubeurope.com\/@fi\/117212015717159276","error":""},"_links":{"self":[{"href":"https:\/\/www.europesays.com\/fi\/wp-json\/wp\/v2\/posts\/341191","targetHints":{"allow":["GET"]}}],"collection":[{"href":"https:\/\/www.europesays.com\/fi\/wp-json\/wp\/v2\/posts"}],"about":[{"href":"https:\/\/www.europesays.com\/fi\/wp-json\/wp\/v2\/types\/post"}],"author":[{"embeddable":true,"href":"https:\/\/www.europesays.com\/fi\/wp-json\/wp\/v2\/users\/2"}],"replies":[{"embeddable":true,"href":"https:\/\/www.europesays.com\/fi\/wp-json\/wp\/v2\/comments?post=341191"}],"version-history":[{"count":0,"href":"https:\/\/www.europesays.com\/fi\/wp-json\/wp\/v2\/posts\/341191\/revisions"}],"wp:featuredmedia":[{"embeddable":true,"href":"https:\/\/www.europesays.com\/fi\/wp-json\/wp\/v2\/media\/341192"}],"wp:attachment":[{"href":"https:\/\/www.europesays.com\/fi\/wp-json\/wp\/v2\/media?parent=341191"}],"wp:term":[{"taxonomy":"category","embeddable":true,"href":"https:\/\/www.europesays.com\/fi\/wp-json\/wp\/v2\/categories?post=341191"},{"taxonomy":"post_tag","embeddable":true,"href":"https:\/\/www.europesays.com\/fi\/wp-json\/wp\/v2\/tags?post=341191"}],"curies":[{"name":"wp","href":"https:\/\/api.w.org\/{rel}","templated":true}]}}