{"id":341193,"date":"2026-09-04T09:26:14","date_gmt":"2026-09-04T09:26:14","guid":{"rendered":"https:\/\/www.europesays.com\/fi\/341193\/"},"modified":"2026-09-04T09:26:14","modified_gmt":"2026-09-04T09:26:14","slug":"kohutubettajan-videoista-aloitettiin-selvitys","status":"publish","type":"post","link":"https:\/\/www.europesays.com\/fi\/341193\/","title":{"rendered":"Kohutubettajan videoista aloitettiin selvitys"},"content":{"rendered":"<p>Tietosuojavaltuutettu selvitt\u00e4\u00e4, onko Kotkamies-nimell\u00e4 kulkeva tubettaja noudattanut tietosuojalains\u00e4\u00e4d\u00e4nt\u00f6\u00e4.<\/p>\n<p><img decoding=\"async\" class=\"image image-show image-preview\" src=\"https:\/\/www.europesays.com\/fi\/wp-content\/uploads\/2026\/09\/787bbe642a04b49c471df284d8282d759d01474118f1280fee6215454437f407.jpg\" alt=\"\"\/><img decoding=\"async\" class=\"image image-show\" src=\"https:\/\/www.europesays.com\/fi\/wp-content\/uploads\/2026\/09\/1788513974_18_787bbe642a04b49c471df284d8282d759d01474118f1280fee6215454437f407.jpg\" alt=\"\"\/><\/p>\n<p>Kotkamies provosoi ventovieraita ihmisi\u00e4 ja julkaisee tilanteista videoita sosiaalisen median kanavilleen. Kuva Ylen Perjantai-dokumentista.  Yle, Antti Tuunanen<\/p>\n<p class=\"paragraph\">Tietosuojavaltuutettu on aloittanut oma-aloitteisesti selvityksen Kotkamiehen\u00e4 tunnetun tubettajan <strong>Dani S\u00f6derblomin<\/strong> julkaisemista videoista.<\/p>\n<p class=\"paragraph\">Kyseisill\u00e4 videoilla S\u00f6derblom provosoi ja kuvaa ulkopuolisia henkil\u00f6it\u00e4. Videoillaan h\u00e4n on tekeytynyt esimerkiksi eri kauppojen myyjiksi tai vartijoiksi ja h\u00e4rn\u00e4nnyt niin kauppojen asiakkaita kuin ty\u00f6ntekij\u00f6it\u00e4kin. Piilokameravideoitaan h\u00e4n julkaisee Youtubessa ja Tiktokissa.<\/p>\n<p class=\"paragraph\">Tietosuojavaltuutettu selvitt\u00e4\u00e4, onko S\u00f6derblom noudattanut tietosuojalains\u00e4\u00e4d\u00e4nt\u00f6\u00e4.<\/p>\n<p class=\"paragraph\">Tietosuojavaltuutettu kertoo tiedotteessaan l\u00e4hett\u00e4neens\u00e4 S\u00f6derblomille selvityspyynn\u00f6n 2. syyskuuta.<\/p>\n<p class=\"paragraph\">S\u00f6derblomilta on kysytty, mill\u00e4 perusteella h\u00e4n k\u00e4sittelee henkil\u00f6tietoja videoiden julkaisussa ja miten ihmisten oikeudet omiin tietoihinsa toteutuvat. Tietosuojavaltuutettu selvitt\u00e4\u00e4, onko videoilla n\u00e4kyville henkil\u00f6ille kerrottu avoimesti heid\u00e4n henkil\u00f6tietojensa k\u00e4sittelyst\u00e4. Lis\u00e4ksi tietosuojavaltuutettu selvitt\u00e4\u00e4, onko ihmisill\u00e4 ollut mahdollisuus pyyt\u00e4\u00e4 tietojensa poistamista julkaisuista, joista he ovat tunnistettavissa.<\/p>\n<p class=\"paragraph\">Tietosuojavaltuutettu kertoo arvioivansa tarvetta jatkotoimenpiteille saatujen tietojen perusteella.<\/p>\n<p class=\"paragraph\"><a href=\"https:\/\/www.hs.fi\/pkseutu\/art-2000012246661.html\" target=\"_blank\" rel=\"noopener nofollow\">Helsingin Sanomien<\/a> mukaan S\u00f6derblomista on tehty kymmeni\u00e4 rikosilmoituksia.<\/p>\n","protected":false},"excerpt":{"rendered":"Tietosuojavaltuutettu selvitt\u00e4\u00e4, onko Kotkamies-nimell\u00e4 kulkeva tubettaja noudattanut tietosuojalains\u00e4\u00e4d\u00e4nt\u00f6\u00e4. Kotkamies provosoi ventovieraita ihmisi\u00e4 ja julkaisee tilanteista videoita sosiaalisen median&hellip;\n","protected":false},"author":2,"featured_media":341194,"comment_status":"","ping_status":"","sticky":false,"template":"","format":"standard","meta":{"footnotes":"","_share_on_mastodon":"0"},"categories":[136],"tags":[35,407,137,33,31,30,148,147,408,53,38,32,546,109],"class_list":["post-341193","post","type-post","status-publish","format-standard","has-post-thumbnail","category-julkkikset","tag-24h","tag-celebrities","tag-entertainment","tag-fi","tag-finland","tag-finnish","tag-internet","tag-internet-palvelut","tag-julkkikset","tag-laki-oikeus-ja-rikos","tag-rikos","tag-suomi","tag-turvallisuus","tag-viihde"],"share_on_mastodon":{"url":"https:\/\/pubeurope.com\/@fi\/117212059336348259","error":""},"_links":{"self":[{"href":"https:\/\/www.europesays.com\/fi\/wp-json\/wp\/v2\/posts\/341193","targetHints":{"allow":["GET"]}}],"collection":[{"href":"https:\/\/www.europesays.com\/fi\/wp-json\/wp\/v2\/posts"}],"about":[{"href":"https:\/\/www.europesays.com\/fi\/wp-json\/wp\/v2\/types\/post"}],"author":[{"embeddable":true,"href":"https:\/\/www.europesays.com\/fi\/wp-json\/wp\/v2\/users\/2"}],"replies":[{"embeddable":true,"href":"https:\/\/www.europesays.com\/fi\/wp-json\/wp\/v2\/comments?post=341193"}],"version-history":[{"count":0,"href":"https:\/\/www.europesays.com\/fi\/wp-json\/wp\/v2\/posts\/341193\/revisions"}],"wp:featuredmedia":[{"embeddable":true,"href":"https:\/\/www.europesays.com\/fi\/wp-json\/wp\/v2\/media\/341194"}],"wp:attachment":[{"href":"https:\/\/www.europesays.com\/fi\/wp-json\/wp\/v2\/media?parent=341193"}],"wp:term":[{"taxonomy":"category","embeddable":true,"href":"https:\/\/www.europesays.com\/fi\/wp-json\/wp\/v2\/categories?post=341193"},{"taxonomy":"post_tag","embeddable":true,"href":"https:\/\/www.europesays.com\/fi\/wp-json\/wp\/v2\/tags?post=341193"}],"curies":[{"name":"wp","href":"https:\/\/api.w.org\/{rel}","templated":true}]}}