{"id":341203,"date":"2026-09-04T09:38:17","date_gmt":"2026-09-04T09:38:17","guid":{"rendered":"https:\/\/www.europesays.com\/fi\/341203\/"},"modified":"2026-09-04T09:38:17","modified_gmt":"2026-09-04T09:38:17","slug":"trump-aikoo-aloittaa-riemukaaren-rakennuttamisen-ilman-lopullista-lupaa-2","status":"publish","type":"post","link":"https:\/\/www.europesays.com\/fi\/341203\/","title":{"rendered":"Trump aikoo aloittaa riemukaaren rakennuttamisen ilman lopullista lupaa"},"content":{"rendered":"<p>Trumpin hallinto ilmoitti kaivuut\u00f6iden alkavan seuraavan kahden viikon aikana.<\/p>\n<p><img decoding=\"async\" src=\"https:\/\/www.europesays.com\/fi\/wp-content\/uploads\/2026\/09\/1788514695_899_468.jpg\" alt=\"Presidentti Trumpin hallinto aikoo aloittaa 76 metri\u00e4 korkean riemukaaren rakentamisen Washingtoniin ilman lopullista lupaa.\" class=\"_Img_1rerz_1\" style=\"aspect-ratio:1920\/1080\" loading=\"eager\"\/><\/p>\n<p class=\"font-(family-name:--picture-caption-font-family) text-(length:--picture-caption-font-size) leading-(--picture-caption-leading) font-(--picture-caption-font-weight) text-(color:--picture-caption-color)\">Presidentti Trumpin hallinto aikoo aloittaa 76 metri\u00e4 korkean riemukaaren rakentamisen Washingtoniin ilman lopullista lupaa. Kuva:\u00a0Samuel Corum &#8211; Pool via CNP<\/p>\n<p>Lue tiivistelm\u00e4<\/p>\n<p class=\"article-body mb-(--paragraph-margin-b) px-nof-16 sndp-summary-bullet-point-font\">Presidentti Trump aloittaa 76 metri\u00e4 korkean riemukaaren rakentamisen Washingtoniin ilman lopullista lupaa.<\/p>\n<p class=\"article-body mb-(--paragraph-margin-b) px-nof-16 sndp-summary-bullet-point-font\">Sis\u00e4ministeri Doug Burgumin mukaan kaaresta tulee amerikkalaisen arkkitehtuurin merkkiteos.<\/p>\n<p class=\"article-body mb-(--paragraph-margin-b) px-nof-16 sndp-summary-bullet-point-font\">Vastustajat katsovat, ett\u00e4 hanke tarvitsisi kongressin hyv\u00e4ksynn\u00e4n ja pilaisi historiallisen n\u00e4kym\u00e4n.<\/p>\n<p class=\"article-body mb-(--paragraph-margin-b) px-nof-16\">Yhdysvaltain presidentti <a class=\"font-bold underline-offset-[0.12em] [text-decoration:var(--person-link-text-decoration)] [text-decoration-color:var(--person-link-text-decoration-color)]!\" href=\"https:\/\/www.is.fi\/haku\/?query=Donald%20Trumpin\" rel=\"nofollow noopener\" target=\"_blank\">Donald Trumpin <\/a>hallinto aikoo aloittaa p\u00e4\u00e4kaupunki Washington DC:hen suunnitellun riemukaaren rakennusty\u00f6t ilman lopullista hyv\u00e4ksynt\u00e4\u00e4, uutisoi Reuters.<\/p>\n<p class=\"article-body mb-(--paragraph-margin-b) px-nof-16\">Trumpin hallinto ilmoitti torstaina aikovansa aloittaa 76 metri\u00e4 korkean riemukaaren rakennusty\u00f6t, vaikka hankkeeseen on liittynyt oikeudellisia kiistoja, eik\u00e4 se ole saanut lopullista hyv\u00e4ksynt\u00e4\u00e4 liittovaltion suunnitteluviranomaiselta.<\/p>\n<p class=\"article-body mb-(--paragraph-margin-b) px-nof-16\">The Guardianin <a class=\"underline underline-offset-[0.12em] [text-decoration-thickness:var(--generic-link-underline-thickness)] [text-decoration-color:var(--generic-link-underline-color)] [text-decoration-skip-ink:var(--generic-link-underline-skip-ink)] break-words\" href=\"https:\/\/www.theguardian.com\/us-news\/2026\/sep\/03\/trump-arch-washington-excavation-work\" rel=\"nofollow noopener\" target=\"_blank\">mukaan <\/a>Trumpin hallinto ilmoitti kaivuut\u00f6iden alkavan seuraavan kahden viikon aikana.<\/p>\n<p><img decoding=\"async\" src=\"https:\/\/www.europesays.com\/fi\/wp-content\/uploads\/2026\/09\/1788514696_900_468.jpg\" alt=\"Valkoinen talo julkaisi huhtikuussa havainnekuvia suunnitellusta riemukaaresta.\" class=\"_Img_1rerz_1\" style=\"aspect-ratio:1920\/1154\" loading=\"eager\"\/><\/p>\n<p class=\"font-(family-name:--picture-caption-font-family) text-(length:--picture-caption-font-size) leading-(--picture-caption-leading) font-(--picture-caption-font-weight) text-(color:--picture-caption-color) picture-with-caption__caption picture-with-caption__caption--default-full\">Valkoinen talo julkaisi huhtikuussa havainnekuvia suunnitellusta riemukaaresta. Kuva:\u00a0U.S. Commission on Fine Arts<\/p>\n<p class=\"article-body mb-(--paragraph-margin-b) px-nof-16\">Hankkeen kannattajien mukaan kaari kunnioittaisi yhdysvaltalaisten veteraanien uhrauksia.<\/p>\n<p class=\"article-body mb-(--paragraph-margin-b) px-nof-16\">\u201dT\u00e4st\u00e4 tulee yksi amerikkalaisen arkkitehtuurin suurista merkkiteoksista, maailman mahtavimman p\u00e4\u00e4kaupungin arvoinen\u201d, sis\u00e4ministeri <a class=\"font-bold underline-offset-[0.12em] [text-decoration:var(--person-link-text-decoration)] [text-decoration-color:var(--person-link-text-decoration-color)]!\" href=\"https:\/\/www.is.fi\/haku\/?query=Doug%20Burgum\" rel=\"nofollow noopener\" target=\"_blank\">Doug Burgum <\/a>kirjoitti X:ss\u00e4.<\/p>\n<p class=\"article-body mb-(--paragraph-margin-b) px-nof-16\">Hankkeesta nostetussa kanteessa arvostelijat kuitenkin toteavat, ett\u00e4 riemukaari h\u00e4iritsisi Washingtonin historiallisia n\u00e4kym\u00e4linjoja. Kanteessa my\u00f6s katsotaan, ett\u00e4 toteutuakseen hanke tarvitsisi kongressin hyv\u00e4ksynn\u00e4n, The Guardian kertoo.<\/p>\n<p class=\"article-body mb-(--paragraph-margin-b) px-nof-16\">Hanke ei ole viel\u00e4 saanut lopullista hyv\u00e4ksynt\u00e4\u00e4 Yhdysvaltain liittovaltion p\u00e4\u00e4kaupunkialueen suunnittelukomissiolta (NCPC). Parhaillaan se k\u00e4sittelee, voidaanko hankkeelle my\u00f6nt\u00e4\u00e4 poikkeus Washingtonissa p\u00e4\u00e4s\u00e4\u00e4nt\u00f6isesti voimassa olevasta noin 40 metrin rakennusten korkeusrajoituksesta.<\/p>\n<p><img decoding=\"async\" src=\"https:\/\/www.europesays.com\/fi\/wp-content\/uploads\/2026\/09\/1788514696_277_468.jpg\" alt=\"T\u00e4h\u00e4n riemukaaren on m\u00e4\u00e4r\u00e4 tulla.\" class=\"_Img_1rerz_1\" style=\"aspect-ratio:1920\/1280\" loading=\"eager\"\/><\/p>\n<p class=\"font-(family-name:--picture-caption-font-family) text-(length:--picture-caption-font-size) leading-(--picture-caption-leading) font-(--picture-caption-font-weight) text-(color:--picture-caption-color) picture-with-caption__caption picture-with-caption__caption--default-full\">T\u00e4h\u00e4n riemukaaren on m\u00e4\u00e4r\u00e4 tulla. Kuva:\u00a0JIM LO SCALZO<\/p>\n<p class=\"article-body mb-(--paragraph-margin-b) px-nof-16\">Suunniteltu riemukaari muistuttaa Pariisin Riemukaarta.<\/p>\n<p class=\"article-body mb-(--paragraph-margin-b) px-nof-16\">J\u00e4ttim\u00e4inen monumentti on tarkoitus pystytt\u00e4\u00e4 liikenne\u00adympyr\u00e4\u00e4n Lincolnin muistomerkin ja Arlingtonin kansallisen hautausmaan v\u00e4liin.<\/p>\n<p class=\"article-body mb-(--paragraph-margin-b) px-nof-16\">Toteutuessaan siit\u00e4 tulee maailman suurin riemukaari, suurempi kuin Meksikon p\u00e4\u00e4kaupungissa sijaitseva Monumento a la Revoluci\u00f3n (Vallankumouksen muistomerkki), joka on 67 metri\u00e4 korkea.<\/p>\n<p class=\"article-body mb-(--paragraph-margin-b) px-nof-16\">Havainnekuvissa kaari on valkoinen ja sen huipulla on Vapaudenpatsasta muistuttava kultainen, siivek\u00e4s ja soihtua pitelev\u00e4 hahmo sek\u00e4 kultaisia kotkia siivet levitettyin\u00e4.<\/p>\n<p class=\"article-body mb-(--paragraph-margin-b) px-nof-16\">Rakennust\u00f6iden on suunniteltu kest\u00e4v\u00e4n kokonaisuudessaan 2\u20133 vuotta, 20-tuntisilla ty\u00f6p\u00e4ivill\u00e4. Suunnitelmista kerrottiin kes\u00e4kuussa <a class=\"underline underline-offset-[0.12em] [text-decoration-thickness:var(--generic-link-underline-thickness)] [text-decoration-color:var(--generic-link-underline-color)] [text-decoration-skip-ink:var(--generic-link-underline-skip-ink)] break-words\" href=\"https:\/\/parkplanning.nps.gov\/document.cfm?documentID=151576\" rel=\"nofollow noopener\" target=\"_blank\">asiakirjoissa<\/a>.<\/p>\n<p><img decoding=\"async\" src=\"https:\/\/www.europesays.com\/fi\/wp-content\/uploads\/2026\/09\/1788514697_402_468.jpg\" alt=\"Valtava riemukaari rakennettaisiin Potomacjoen varrelle l\u00e4helle muita kuuluisia n\u00e4ht\u00e4vyyksi\u00e4.\" class=\"_Img_1rerz_1\" style=\"aspect-ratio:1920\/1151\" loading=\"eager\"\/><\/p>\n<p class=\"font-(family-name:--picture-caption-font-family) text-(length:--picture-caption-font-size) leading-(--picture-caption-leading) font-(--picture-caption-font-weight) text-(color:--picture-caption-color) picture-with-caption__caption picture-with-caption__caption--default-full\">Valtava riemukaari rakennettaisiin Potomacjoen varrelle l\u00e4helle muita kuuluisia n\u00e4ht\u00e4vyyksi\u00e4. Kuva:\u00a0U.S. Commission on Fine Arts<\/p>\n<p class=\"article-body mb-(--paragraph-margin-b) px-nof-16\">Trump on monin tavoin halunnut j\u00e4tt\u00e4\u00e4 arkkitehtonisen j\u00e4lkens\u00e4 p\u00e4\u00e4kaupunkiin.<\/p>\n<p class=\"article-body mb-(--paragraph-margin-b) px-nof-16\">H\u00e4nen muihin hankkeisiinsa lukeutuvat muun muassa Valkoisen talon uusi juhlasali, Lincoln Memorial -muistomerkin edustalla sijaitsevan Reflecting Pool -altaan kunnostaminen sek\u00e4 East Potomac Parkissa sijaitsevan golfkent\u00e4n uudistaminen.<\/p>\n<p class=\"nof-ui-body-medium break-words mb-(--paragraph-margin-b) px-nof-16\">Oikaisu kello 9.39: Korjattu kirjoitusvirhe: Hankkeen kannattajien mukaan kaari kunnioittaisi yhdysvaltalaisten veteraanien uhrauksia, ei uhkauksia, kuten jutussa aiemmin mainittiin.<\/p>\n","protected":false},"excerpt":{"rendered":"Trumpin hallinto ilmoitti kaivuut\u00f6iden alkavan seuraavan kahden viikon aikana. Presidentti Trumpin hallinto aikoo aloittaa 76 metri\u00e4 korkean riemukaaren&hellip;\n","protected":false},"author":2,"featured_media":341204,"comment_status":"","ping_status":"","sticky":false,"template":"","format":"standard","meta":{"footnotes":"","_share_on_mastodon":"0"},"categories":[14],"tags":[22,23,26,27,33,31,30,17,34,24,25,28,29,15,18,21,32,19,20,56,16,59,60,61],"class_list":["post-341203","post","type-post","status-publish","format-standard","has-post-thumbnail","category-ulkomaat","tag-breaking-news","tag-breakingnews","tag-featured-news","tag-featurednews","tag-fi","tag-finland","tag-finnish","tag-headlines","tag-ilta-sanomat","tag-latest-news","tag-latestnews","tag-main-news","tag-mainnews","tag-news","tag-otsikot","tag-paauutiset","tag-suomi","tag-top-stories","tag-topstories","tag-ulkomaat","tag-uutiset","tag-world","tag-world-news","tag-worldnews"],"share_on_mastodon":{"url":"https:\/\/pubeurope.com\/@fi\/117212106809845881","error":""},"_links":{"self":[{"href":"https:\/\/www.europesays.com\/fi\/wp-json\/wp\/v2\/posts\/341203","targetHints":{"allow":["GET"]}}],"collection":[{"href":"https:\/\/www.europesays.com\/fi\/wp-json\/wp\/v2\/posts"}],"about":[{"href":"https:\/\/www.europesays.com\/fi\/wp-json\/wp\/v2\/types\/post"}],"author":[{"embeddable":true,"href":"https:\/\/www.europesays.com\/fi\/wp-json\/wp\/v2\/users\/2"}],"replies":[{"embeddable":true,"href":"https:\/\/www.europesays.com\/fi\/wp-json\/wp\/v2\/comments?post=341203"}],"version-history":[{"count":0,"href":"https:\/\/www.europesays.com\/fi\/wp-json\/wp\/v2\/posts\/341203\/revisions"}],"wp:featuredmedia":[{"embeddable":true,"href":"https:\/\/www.europesays.com\/fi\/wp-json\/wp\/v2\/media\/341204"}],"wp:attachment":[{"href":"https:\/\/www.europesays.com\/fi\/wp-json\/wp\/v2\/media?parent=341203"}],"wp:term":[{"taxonomy":"category","embeddable":true,"href":"https:\/\/www.europesays.com\/fi\/wp-json\/wp\/v2\/categories?post=341203"},{"taxonomy":"post_tag","embeddable":true,"href":"https:\/\/www.europesays.com\/fi\/wp-json\/wp\/v2\/tags?post=341203"}],"curies":[{"name":"wp","href":"https:\/\/api.w.org\/{rel}","templated":true}]}}